{"id":57687,"date":"2017-06-24T02:08:40","date_gmt":"2017-06-24T00:08:40","guid":{"rendered":"http:\/\/www.tucomarca.com\/wordpress\/segunda\/?p=57687"},"modified":"2017-06-24T02:08:40","modified_gmt":"2017-06-24T00:08:40","slug":"jorge-rodriguez-inaugura-la-feria-del-patronat-de-turisme-junto-a-la-vicepresidenta-maria-josep-amigo-y-la-diputada-de-turismo-pilar-moncho-2","status":"publish","type":"post","link":"https:\/\/www.tucomarca.com\/wordpress\/segunda\/jorge-rodriguez-inaugura-la-feria-del-patronat-de-turisme-junto-a-la-vicepresidenta-maria-josep-amigo-y-la-diputada-de-turismo-pilar-moncho-2\/","title":{"rendered":"Jorge Rodr\u00edguez inaugura la feria del Patronat de Turisme junto a la vicepresidenta Maria Josep Amig\u00f3 y la diputada de Turismo, Pilar Moncho"},"content":{"rendered":"<figure id=\"attachment_57684\" aria-describedby=\"caption-attachment-57684\" style=\"width: 1024px\" class=\"wp-caption alignleft\"><a href=\"https:\/\/www.tucomarca.com\/wordpress\/segunda\/wp-content\/uploads\/2017\/06\/FiraComarques01-e1498261999426.jpg\"><img loading=\"lazy\" decoding=\"async\" class=\"size-large wp-image-57684\" src=\"https:\/\/www.tucomarca.com\/wordpress\/segunda\/wp-content\/uploads\/2017\/06\/FiraComarques01-e1498261999426-1024x664.jpg\" alt=\"Jorge Rodr\u00edguez, Maria Josep Amig\u00f3 y Pilar Moncho han inaugurado la Fira de les Comarques junto a los diputados Conxa Garc\u00eda, Isabel Garc\u00eda, Bartolom\u00e9 Nofuentes, M\u00aa Carmen Contelles y Mamen Peris.\" width=\"1024\" height=\"664\" srcset=\"https:\/\/www.tucomarca.com\/wordpress\/segunda\/wp-content\/uploads\/2017\/06\/FiraComarques01-e1498261999426-1024x664.jpg 1024w, https:\/\/www.tucomarca.com\/wordpress\/segunda\/wp-content\/uploads\/2017\/06\/FiraComarques01-e1498261999426-300x194.jpg 300w, https:\/\/www.tucomarca.com\/wordpress\/segunda\/wp-content\/uploads\/2017\/06\/FiraComarques01-e1498261999426-768x498.jpg 768w\" sizes=\"auto, (max-width: 1024px) 100vw, 1024px\" \/><\/a><figcaption id=\"caption-attachment-57684\" class=\"wp-caption-text\">Jorge Rodr\u00edguez, Maria Josep Amig\u00f3 y Pilar Moncho han inaugurado la Fira de les Comarques junto a los diputados Conxa Garc\u00eda, Isabel Garc\u00eda, Bartolom\u00e9 Nofuentes, M\u00aa Carmen Contelles y Mamen Peris.<\/figcaption><\/figure>\n<p>El presidente de la Diputaci\u00f3n Jorge Rodr\u00edguez, la vicepresidenta Maria Josep Amig\u00f3 y la diputada de Turismo, Pilar Moncho, han inaugurado este viernes la Fira de les Comarques del Patronat de Turisme en la Plaza de Toros de Val\u00e8ncia. Al acto inaugural tambi\u00e9n han acudido los diputados Conxa Garc\u00eda, Isabel Garc\u00eda, Bartolom\u00e9 Nofuentes, M\u00aa Carmen Contelles y Mamen Peris, as\u00ed como numerosos alcaldes y concejales de los municipios valencianos.<\/p>\n<p>La m\u00fasica en directo de Borja Penalba y Mireia Vives ha sido el broche inaugural de la gran cita tur\u00edstica con la que Val\u00e8ncia Turisme abre el verano. Desde hoy y hasta el domingo, el coso de la calle X\u00e0tiva es el gran escaparate de los nuevos servicios y productos tur\u00edsticos valencianos, dispuestos en las 13 \u00e1reas comarcales del exterior de la plaza de toros, y en las tres zonas de turismo activo, gastron\u00f3mico y cultural habilitadas en el interior.<\/p>\n<p>El presidente de la Diputaci\u00f3n, Jorge Rodr\u00edguez, ha destacado \u201cel trabajo de profesionalizaci\u00f3n del sector que desarrolla el Patronat de Turisme y la apuesta por productos tur\u00edsticos muy bien definidos y con un valor a\u00f1adido\u201d, as\u00ed como \u201cel esfuerzo de los municipios y las concejal\u00edas de Turismo por participar en esta feria que se ha convertido en una referencia para el sector\u201d.<\/p>\n<p>Rodr\u00edguez ha se\u00f1alado que la Fira de les Comarques recoge la intenci\u00f3n de la Corporaci\u00f3n que preside de acercar la Diputaci\u00f3n a las comarcas y vertebrar el territorio, y como novedad este a\u00f1o, en esta l\u00ednea de acercar la instituci\u00f3n a los ciudadanos, ha llamado la atenci\u00f3n sobre el proyecto \u2018La Diputaci\u00f3 a les Comarques\u2019, que estar\u00e1 presente en la Fira tur\u00edstica con informaci\u00f3n sobre la exposici\u00f3n \u2018Mem\u00f2ria de la Modernitat\u2019, una muestra itinerante con los tesoros art\u00edsticos de la instituci\u00f3n provincial.<\/p>\n<p>Por su parte, la vicepresidenta, Maria Josep Amig\u00f3, ha destacado el trabajo del Patronat \u201cpor nuestras comarcas para aprovechar todo el potencial de nuestros pueblos y potenciar los productos de nuestra tierra\u201d.<\/p>\n<p><b>Turismo de experiencias<\/b><\/p>\n<p>La diputada Pilar Moncho ha incidido en la apuesta del Patronat \u201cde promocionar el territorio a trav\u00e9s de productos tur\u00edsticos aut\u00f3ctonos y genuinos y de las empresas que los ofertan; apostamos por un turismo de experiencias para vivir y sentir la vida\u201d.<\/p>\n<p>Para ello, el Patronat de Turisme cuenta con la colaboraci\u00f3n de ayuntamientos, empresas y emprendedores locales, quienes mostrar\u00e1n sus propuestas en la Fira de les Comarques en los cuatro \u00e1mbitos que agrupan la reformulaci\u00f3n tur\u00edstica de los recursos naturales, gastron\u00f3micos, deportivos y culturales.<\/p>\n<p><b>Actividades en directo y premios<\/b><\/p>\n<p>Entre otras propuestas, el p\u00fablico puede realizar actividades n\u00e1uticas, como paddle surf, en una gran piscina instalada en la arena, as\u00ed como diversas propuestas de escalada en un roc\u00f3dromo e incluso visitas virtuales a los principales recursos patrimoniales con la ayuda de dispositivos \u00f3pticos de realidad aumentada.<\/p>\n<p>El Patronat de Turisme, adem\u00e1s, incentiva la visita a los distintos espacios de la Fira de les Comarques con un pasaporte a numerosos premios relacionados con las propuestas tur\u00edsticas presentadas.<\/p>\n<p>Val\u00e8ncia Turisme presenta en la Fira de les Comarques un sinf\u00edn de experiencias tur\u00edsticas singularizadas para entender un territorio \u00fanico, un lugar diferente y una elecci\u00f3n tur\u00edstica especial. Desde el aprovechamiento de los recursos propios, locales, propone al visitante disfrutar de la singularidad valenciana mediante unos productos tur\u00edsticos excelentes, puestos en valor con acciones paralelas como actuaciones de m\u00fasica en directo, showcooking y ludoteca para los m\u00e1s peque\u00f1os.<\/p>\n","protected":false},"excerpt":{"rendered":"<div class=\"mh-excerpt\">El presidente de la Diputaci\u00f3n Jorge Rodr\u00edguez, la vicepresidenta Maria Josep Amig\u00f3 y la diputada de Turismo, Pilar Moncho, han inaugurado este viernes la Fira de les Comarques del Patronat de Turisme en la Plaza <a class=\"mh-excerpt-more\" href=\"https:\/\/www.tucomarca.com\/wordpress\/segunda\/jorge-rodriguez-inaugura-la-feria-del-patronat-de-turisme-junto-a-la-vicepresidenta-maria-josep-amigo-y-la-diputada-de-turismo-pilar-moncho-2\/\" title=\"Jorge Rodr\u00edguez inaugura la feria del Patronat de Turisme junto a la vicepresidenta Maria Josep Amig\u00f3 y la diputada de Turismo, Pilar Moncho\">[+] <\/a><\/div>\n","protected":false},"author":1,"featured_media":57684,"comment_status":"open","ping_status":"open","sticky":false,"template":"","format":"standard","meta":{"footnotes":""},"categories":[49,38,46,128,70,8,72,10,42,59,142,27,3,45],"tags":[204,10569],"class_list":{"0":"post-57687","1":"post","2":"type-post","3":"status-publish","4":"format-standard","5":"has-post-thumbnail","7":"category-ademuz","8":"category-ayora-cofrentes","9":"category-camp-de-turia","10":"category-infraestructuras","11":"category-la-canal-de-navarres","12":"category-la-comarca","13":"category-sin-categorizar","14":"category-la-hoya","15":"category-la-ribera","16":"category-los-serranos","17":"category-politica-la-comarca","18":"category-requena-utiel","19":"category-seccion","20":"category-ventana","21":"tag-diputacion","22":"tag-fira-comarques-2017"},"_links":{"self":[{"href":"https:\/\/www.tucomarca.com\/wordpress\/segunda\/wp-json\/wp\/v2\/posts\/57687","targetHints":{"allow":["GET"]}}],"collection":[{"href":"https:\/\/www.tucomarca.com\/wordpress\/segunda\/wp-json\/wp\/v2\/posts"}],"about":[{"href":"https:\/\/www.tucomarca.com\/wordpress\/segunda\/wp-json\/wp\/v2\/types\/post"}],"author":[{"embeddable":true,"href":"https:\/\/www.tucomarca.com\/wordpress\/segunda\/wp-json\/wp\/v2\/users\/1"}],"replies":[{"embeddable":true,"href":"https:\/\/www.tucomarca.com\/wordpress\/segunda\/wp-json\/wp\/v2\/comments?post=57687"}],"version-history":[{"count":0,"href":"https:\/\/www.tucomarca.com\/wordpress\/segunda\/wp-json\/wp\/v2\/posts\/57687\/revisions"}],"wp:featuredmedia":[{"embeddable":true,"href":"https:\/\/www.tucomarca.com\/wordpress\/segunda\/wp-json\/wp\/v2\/media\/57684"}],"wp:attachment":[{"href":"https:\/\/www.tucomarca.com\/wordpress\/segunda\/wp-json\/wp\/v2\/media?parent=57687"}],"wp:term":[{"taxonomy":"category","embeddable":true,"href":"https:\/\/www.tucomarca.com\/wordpress\/segunda\/wp-json\/wp\/v2\/categories?post=57687"},{"taxonomy":"post_tag","embeddable":true,"href":"https:\/\/www.tucomarca.com\/wordpress\/segunda\/wp-json\/wp\/v2\/tags?post=57687"}],"curies":[{"name":"wp","href":"https:\/\/api.w.org\/{rel}","templated":true}]}}