{"id":57714,"date":"2017-06-29T19:21:43","date_gmt":"2017-06-29T17:21:43","guid":{"rendered":"http:\/\/www.tucomarca.com\/wordpress\/segunda\/?p=57714"},"modified":"2017-06-29T19:21:43","modified_gmt":"2017-06-29T17:21:43","slug":"pilar-moncho-destaca-la-connexio-entre-empreses-turistiques-i-public-en-la-fira-de-les-comarques","status":"publish","type":"post","link":"https:\/\/www.tucomarca.com\/wordpress\/segunda\/pilar-moncho-destaca-la-connexio-entre-empreses-turistiques-i-public-en-la-fira-de-les-comarques\/","title":{"rendered":"Pilar Moncho destaca la connexi\u00f3 entre empreses tur\u00edstiques i p\u00fablic en la Fira de les Comarques"},"content":{"rendered":"<figure id=\"attachment_57715\" aria-describedby=\"caption-attachment-57715\" style=\"width: 1024px\" class=\"wp-caption alignleft\"><a href=\"https:\/\/www.tucomarca.com\/wordpress\/segunda\/wp-content\/uploads\/2017\/06\/PilarMonchoComarques.jpg\"><img loading=\"lazy\" decoding=\"async\" class=\"size-large wp-image-57715\" src=\"https:\/\/www.tucomarca.com\/wordpress\/segunda\/wp-content\/uploads\/2017\/06\/PilarMonchoComarques-1024x766.jpg\" alt=\"La diputada de Turismo, Pilar Moncho, en la inauguraci\u00f3 de la Fira de les Comarques.\" width=\"1024\" height=\"766\" srcset=\"https:\/\/www.tucomarca.com\/wordpress\/segunda\/wp-content\/uploads\/2017\/06\/PilarMonchoComarques-1024x766.jpg 1024w, https:\/\/www.tucomarca.com\/wordpress\/segunda\/wp-content\/uploads\/2017\/06\/PilarMonchoComarques-300x224.jpg 300w, https:\/\/www.tucomarca.com\/wordpress\/segunda\/wp-content\/uploads\/2017\/06\/PilarMonchoComarques-768x574.jpg 768w\" sizes=\"auto, (max-width: 1024px) 100vw, 1024px\" \/><\/a><figcaption id=\"caption-attachment-57715\" class=\"wp-caption-text\">La diputada de Turismo, Pilar Moncho, en la inauguraci\u00f3 de la Fira de les Comarques.<\/figcaption><\/figure>\n<p>La vicepresidenta del Patronat de Turisme de Val\u00e8ncia i diputada de Turisme de la Diputaci\u00f3 de Val\u00e8ncia, Pilar Moncho, ha destacat la connexi\u00f3 entre empreses tur\u00edstiques i p\u00fablic directe que ha propiciat la nova Fira de les Comarques celebrada durant el cap de setmana passat en la Pla\u00e7a de Bous de Val\u00e8ncia.<\/p>\n<p>Tal com ha assenyalat Pilar Moncho, la cita tur\u00edstica organitzada pel Patronat de Turisme \u201ccada vegada \u00e9s m\u00e9s fira perqu\u00e8 et permet organitzar la teua experi\u00e8ncia, viatge o escapada; no solament \u00e9s un aparador sin\u00f3 que ha sigut una oportunitat per a activar el sector\u201d. \u00a0 En nom\u00e9s dos dies i mig \u2013la vesprada del divendres, dissabte i diumenge- es van servir m\u00e9s de 10.000 degustacions en la zona gastron\u00f2mica \u201cDel tros al plat\u201d, va haver-hi 54 actuacions i es van oferir m\u00e9s de 120 productes tur\u00edstics oferits per empreses de turisme actiu, de turisme cultural, d&#8217;empreses relacionades amb la gastronomia i municipis de 13 comarques diferents i set mancomunitats.<\/p>\n<p>\u00c8xit de p\u00fablic i d&#8217;organitzaci\u00f3 \u00a0 Segons ha assenyalat la m\u00e0xima responsable de l&#8217;\u00e0rea de Turisme de la Diputaci\u00f3, \u201chem rebut l&#8217;agra\u00efment expr\u00e9s de les empreses, mancomunitats i ajuntaments que han participat en la fira perqu\u00e8 han pogut interactuar directament amb la poblaci\u00f3\u201d.<\/p>\n<p>\u201cHa sigut un \u00e8xit de p\u00fablic i d&#8217;organitzaci\u00f3 i hem aconseguit combatre alguns dels inconvenients sobrevinguts, com la sufocant calor, amb refrescants activitats que no han deixat indiferent als milers de visitants que s&#8217;han acostat a les casetes de la Fira de les Comarques\u201d, ha manifestat Pilar Moncho.<\/p>\n<p>A m\u00e9s, la diputada de Turisme ha assenyalat l&#8217;encert de la nova distribuci\u00f3 de la fira i la seua nova definici\u00f3 territorial, amb agrupaci\u00f3 de destinacions per comarques, que ha perm\u00e9s donar m\u00e9s relleu i visibilitat a totes les propostes tur\u00edstiques valencianes suggerides i oferides.<\/p>\n<p><strong>M\u00e9s de cent premis <\/strong><\/p>\n<p>El Patronat de Turisme, a m\u00e9s, va incentivar la visita als diferents espais de la Fira de les Comarques amb un passaport a nombrosos premis relacionats amb les propostes tur\u00edstiques presentades. Els visitants que han participat amb el passaport opten a m\u00e9s de cent premis aportats pels ajuntaments i les empreses participants, com per exemple estades de cap de setmana per a dues persones, activitats de turisme actiu, men\u00fas en restaurants, visites guiades i lots de productes gastron\u00f2mics. \u00a0 El resultat dels premis es comunicar\u00e0 als guanyadors i es publicar\u00e0 en la web del Patronat: www.valenciaturisme.org.<\/p>\n","protected":false},"excerpt":{"rendered":"<div class=\"mh-excerpt\">La vicepresidenta del Patronat de Turisme de Val\u00e8ncia i diputada de Turisme de la Diputaci\u00f3 de Val\u00e8ncia, Pilar Moncho, ha destacat la connexi\u00f3 entre empreses tur\u00edstiques i p\u00fablic directe que ha propiciat la nova Fira <a class=\"mh-excerpt-more\" href=\"https:\/\/www.tucomarca.com\/wordpress\/segunda\/pilar-moncho-destaca-la-connexio-entre-empreses-turistiques-i-public-en-la-fira-de-les-comarques\/\" title=\"Pilar Moncho destaca la connexi\u00f3 entre empreses tur\u00edstiques i p\u00fablic en la Fira de les Comarques\">[+] <\/a><\/div>\n","protected":false},"author":1,"featured_media":57715,"comment_status":"open","ping_status":"open","sticky":false,"template":"","format":"standard","meta":{"footnotes":""},"categories":[38,46,70,8,72,10,42,7,3,45],"tags":[3677,10569,7075,9607],"class_list":{"0":"post-57714","1":"post","2":"type-post","3":"status-publish","4":"format-standard","5":"has-post-thumbnail","7":"category-ayora-cofrentes","8":"category-camp-de-turia","9":"category-la-canal-de-navarres","10":"category-la-comarca","11":"category-sin-categorizar","12":"category-la-hoya","13":"category-la-ribera","14":"category-ocio-y-cultura","15":"category-seccion","16":"category-ventana","17":"tag-diputacio-de-valencia","18":"tag-fira-comarques-2017","19":"tag-patronat","20":"tag-turisme"},"_links":{"self":[{"href":"https:\/\/www.tucomarca.com\/wordpress\/segunda\/wp-json\/wp\/v2\/posts\/57714","targetHints":{"allow":["GET"]}}],"collection":[{"href":"https:\/\/www.tucomarca.com\/wordpress\/segunda\/wp-json\/wp\/v2\/posts"}],"about":[{"href":"https:\/\/www.tucomarca.com\/wordpress\/segunda\/wp-json\/wp\/v2\/types\/post"}],"author":[{"embeddable":true,"href":"https:\/\/www.tucomarca.com\/wordpress\/segunda\/wp-json\/wp\/v2\/users\/1"}],"replies":[{"embeddable":true,"href":"https:\/\/www.tucomarca.com\/wordpress\/segunda\/wp-json\/wp\/v2\/comments?post=57714"}],"version-history":[{"count":0,"href":"https:\/\/www.tucomarca.com\/wordpress\/segunda\/wp-json\/wp\/v2\/posts\/57714\/revisions"}],"wp:featuredmedia":[{"embeddable":true,"href":"https:\/\/www.tucomarca.com\/wordpress\/segunda\/wp-json\/wp\/v2\/media\/57715"}],"wp:attachment":[{"href":"https:\/\/www.tucomarca.com\/wordpress\/segunda\/wp-json\/wp\/v2\/media?parent=57714"}],"wp:term":[{"taxonomy":"category","embeddable":true,"href":"https:\/\/www.tucomarca.com\/wordpress\/segunda\/wp-json\/wp\/v2\/categories?post=57714"},{"taxonomy":"post_tag","embeddable":true,"href":"https:\/\/www.tucomarca.com\/wordpress\/segunda\/wp-json\/wp\/v2\/tags?post=57714"}],"curies":[{"name":"wp","href":"https:\/\/api.w.org\/{rel}","templated":true}]}}