{"id":57721,"date":"2017-06-29T20:38:14","date_gmt":"2017-06-29T18:38:14","guid":{"rendered":"http:\/\/www.tucomarca.com\/wordpress\/segunda\/?p=57721"},"modified":"2017-06-29T20:38:14","modified_gmt":"2017-06-29T18:38:14","slug":"el-gobierno-moviliza-126-militares-de-la-ume-dos-aviones-anfibios-cuatro-helicopteros-y-una-brif-para-luchar-contra-el-incendio-de-gatova","status":"publish","type":"post","link":"https:\/\/www.tucomarca.com\/wordpress\/segunda\/el-gobierno-moviliza-126-militares-de-la-ume-dos-aviones-anfibios-cuatro-helicopteros-y-una-brif-para-luchar-contra-el-incendio-de-gatova\/","title":{"rendered":"El Gobierno moviliza 126 militares de la UME, dos aviones anfibios, cuatro helic\u00f3pteros y una Brif para luchar contra el incendio de G\u00e1tova"},"content":{"rendered":"<figure id=\"attachment_57722\" aria-describedby=\"caption-attachment-57722\" style=\"width: 1024px\" class=\"wp-caption alignleft\"><a href=\"https:\/\/www.tucomarca.com\/wordpress\/segunda\/wp-content\/uploads\/2017\/06\/incendiocalderona.jpg\"><img loading=\"lazy\" decoding=\"async\" class=\"size-large wp-image-57722\" src=\"https:\/\/www.tucomarca.com\/wordpress\/segunda\/wp-content\/uploads\/2017\/06\/incendiocalderona-1024x685.jpg\" alt=\"Una imagen del incendio de la Calderona que se ha iniciado este mi\u00e9rcoles por la noche.\" width=\"1024\" height=\"685\" srcset=\"https:\/\/www.tucomarca.com\/wordpress\/segunda\/wp-content\/uploads\/2017\/06\/incendiocalderona-1024x685.jpg 1024w, https:\/\/www.tucomarca.com\/wordpress\/segunda\/wp-content\/uploads\/2017\/06\/incendiocalderona-300x201.jpg 300w, https:\/\/www.tucomarca.com\/wordpress\/segunda\/wp-content\/uploads\/2017\/06\/incendiocalderona-768x514.jpg 768w\" sizes=\"auto, (max-width: 1024px) 100vw, 1024px\" \/><\/a><figcaption id=\"caption-attachment-57722\" class=\"wp-caption-text\">Una imagen del incendio de la Calderona que se ha iniciado este mi\u00e9rcoles por la noche.<\/figcaption><\/figure>\n<p>El delegado del Gobierno, Juan Carlos Moragues, ha visitado el Puesto de Mando Avanzado (PMA) del incendio de G\u00e1tova para conocer sobre el terreno las evoluciones del mismo.<\/p>\n<p>Moragues ha destacado que \u00abel Gobierno ha movilizado 126 efectivos y 41 veh\u00edculos de la Unidad Militar de Emergencias as\u00ed como dos aviones anfibios, tres helic\u00f3pteros y dos brigadas del Ministerio de Agricultura y Medio Ambiente\u00bb.<\/p>\n<p>El delegado del Gobierno sobre las causas del incendio que ya ha calcinado cerca de 300 hect\u00e1reas ha se\u00f1alado que \u00ablos primeros indicios de las investigaciones del Seprona apuntan a que el origen del incendio podr\u00eda ser una tormenta seca\u00bb, aunque ha a\u00f1adido que hay que ser muy prudentes \u00abporque la investigaci\u00f3n esta abierta y no se puede descartar nada\u00bb.<\/p>\n","protected":false},"excerpt":{"rendered":"<div class=\"mh-excerpt\">El delegado del Gobierno, Juan Carlos Moragues, ha visitado el Puesto de Mando Avanzado (PMA) del incendio de G\u00e1tova para conocer sobre el terreno las evoluciones del mismo. Moragues ha destacado que \u00abel Gobierno ha <a class=\"mh-excerpt-more\" href=\"https:\/\/www.tucomarca.com\/wordpress\/segunda\/el-gobierno-moviliza-126-militares-de-la-ume-dos-aviones-anfibios-cuatro-helicopteros-y-una-brif-para-luchar-contra-el-incendio-de-gatova\/\" title=\"El Gobierno moviliza 126 militares de la UME, dos aviones anfibios, cuatro helic\u00f3pteros y una Brif para luchar contra el incendio de G\u00e1tova\">[+] <\/a><\/div>\n","protected":false},"author":1,"featured_media":57722,"comment_status":"open","ping_status":"open","sticky":false,"template":"","format":"standard","meta":{"footnotes":""},"categories":[46,176,8,3,116,45],"tags":[10432,212],"class_list":{"0":"post-57721","1":"post","2":"type-post","3":"status-publish","4":"format-standard","5":"has-post-thumbnail","7":"category-camp-de-turia","8":"category-gatova","9":"category-la-comarca","10":"category-seccion","11":"category-sucesos-la-comarca","12":"category-ventana","13":"tag-gatova","14":"tag-incendio"},"_links":{"self":[{"href":"https:\/\/www.tucomarca.com\/wordpress\/segunda\/wp-json\/wp\/v2\/posts\/57721","targetHints":{"allow":["GET"]}}],"collection":[{"href":"https:\/\/www.tucomarca.com\/wordpress\/segunda\/wp-json\/wp\/v2\/posts"}],"about":[{"href":"https:\/\/www.tucomarca.com\/wordpress\/segunda\/wp-json\/wp\/v2\/types\/post"}],"author":[{"embeddable":true,"href":"https:\/\/www.tucomarca.com\/wordpress\/segunda\/wp-json\/wp\/v2\/users\/1"}],"replies":[{"embeddable":true,"href":"https:\/\/www.tucomarca.com\/wordpress\/segunda\/wp-json\/wp\/v2\/comments?post=57721"}],"version-history":[{"count":0,"href":"https:\/\/www.tucomarca.com\/wordpress\/segunda\/wp-json\/wp\/v2\/posts\/57721\/revisions"}],"wp:featuredmedia":[{"embeddable":true,"href":"https:\/\/www.tucomarca.com\/wordpress\/segunda\/wp-json\/wp\/v2\/media\/57722"}],"wp:attachment":[{"href":"https:\/\/www.tucomarca.com\/wordpress\/segunda\/wp-json\/wp\/v2\/media?parent=57721"}],"wp:term":[{"taxonomy":"category","embeddable":true,"href":"https:\/\/www.tucomarca.com\/wordpress\/segunda\/wp-json\/wp\/v2\/categories?post=57721"},{"taxonomy":"post_tag","embeddable":true,"href":"https:\/\/www.tucomarca.com\/wordpress\/segunda\/wp-json\/wp\/v2\/tags?post=57721"}],"curies":[{"name":"wp","href":"https:\/\/api.w.org\/{rel}","templated":true}]}}