{"id":57730,"date":"2017-06-29T23:07:44","date_gmt":"2017-06-29T21:07:44","guid":{"rendered":"http:\/\/www.tucomarca.com\/wordpress\/segunda\/?p=57730"},"modified":"2017-06-29T23:07:44","modified_gmt":"2017-06-29T21:07:44","slug":"la-diputacion-acoge-la-presentacion-del-mano-a-mano-entre-las-bandas-de-musica-de-bunol","status":"publish","type":"post","link":"https:\/\/www.tucomarca.com\/wordpress\/segunda\/la-diputacion-acoge-la-presentacion-del-mano-a-mano-entre-las-bandas-de-musica-de-bunol\/","title":{"rendered":"La Diputaci\u00f3n acoge la presentaci\u00f3n del \u2018Mano a mano\u2019 entre las bandas de m\u00fasica de Bu\u00f1ol"},"content":{"rendered":"<figure id=\"attachment_57731\" aria-describedby=\"caption-attachment-57731\" style=\"width: 1024px\" class=\"wp-caption alignleft\"><a href=\"https:\/\/www.tucomarca.com\/wordpress\/segunda\/wp-content\/uploads\/2017\/06\/Manoamano17present.jpg\"><img loading=\"lazy\" decoding=\"async\" class=\"size-large wp-image-57731\" src=\"https:\/\/www.tucomarca.com\/wordpress\/segunda\/wp-content\/uploads\/2017\/06\/Manoamano17present-1024x687.jpg\" alt=\"Los representantes del consistorio de Bu\u00f1ol durante la presentaci\u00f3n del concierto 'Mano a mano'.\" width=\"1024\" height=\"687\" srcset=\"https:\/\/www.tucomarca.com\/wordpress\/segunda\/wp-content\/uploads\/2017\/06\/Manoamano17present-1024x687.jpg 1024w, https:\/\/www.tucomarca.com\/wordpress\/segunda\/wp-content\/uploads\/2017\/06\/Manoamano17present-300x201.jpg 300w, https:\/\/www.tucomarca.com\/wordpress\/segunda\/wp-content\/uploads\/2017\/06\/Manoamano17present-768x516.jpg 768w\" sizes=\"auto, (max-width: 1024px) 100vw, 1024px\" \/><\/a><figcaption id=\"caption-attachment-57731\" class=\"wp-caption-text\">Los representantes del consistorio de Bu\u00f1ol durante la presentaci\u00f3n del concierto &#8216;Mano a mano&#8217;.<\/figcaption><\/figure>\n<p>El punto m\u00e1s \u00e1lgido de la sana rivalidad existente entre las bandas de m\u00fasica de Bu\u00f1ol se produce cada verano en el concierto \u2018Mano a mano\u2019 que protagonizan La Art\u00edstica y la Arm\u00f3nica.<\/p>\n<p>El duelo musical celebra este a\u00f1o su 44 edici\u00f3n, presentada este jueves en el patio de la Scala de la Diputaci\u00f3n de Valencia por el vicepresidente segundo, Toni Gaspar, y representantes del consistorio, encabezados por la alcaldesa, Juncal Carrascosa.<\/p>\n<p>El \u2018Mano a mano\u2019, que este a\u00f1o tendr\u00e1 lugar el pr\u00f3ximo 19 de agosto, es un evento musical en el que colaboran las dos prestigiosas bandas de Bu\u00f1ol. \u201cTenemos m\u00e1s bandas que municipios\u201d, ha re\u00eddo el vicepresidente segundo al iniciar su intervenci\u00f3n. Gaspar ha felicitado el encuentro \u201cen uno de nuestros pueblos de la m\u00fasica\u201d, que cuenta con dos agrupaciones galardonadas en cert\u00e1menes reconocidos internacionalmente como el del municipio de Kerkrade en Holanda.<\/p>\n<p>Por su parte, la alcaldesa de Bu\u00f1ol, Juncal Carrascosa, ha agradecido la acogida de la instituci\u00f3n provincial y el reconocimiento \u201cde un acto que trasciende lo musical\u201d. En palabras de Juncal Carrascosa, \u201cse trata de uno de los baluartes de nuestro turismo de experiencias, que queremos compartir con el resto de valencianos\u201d.<\/p>\n<p>Ambas sociedades, el Centro Instructivo Musical \u00abLa Arm\u00f3nica\u00bb y la Sociedad Musical \u00abLa Art\u00edstica\u00bb, cuentan con m\u00e1s de 150 m\u00fasicos en escena y m\u00e1s de 100 a\u00f1os de historia. Durante el concierto, importantes figuras del panorama musical\u00ad \u2013llegadas de todo el territorio espa\u00f1ol y pa\u00edses como B\u00e9lgica, Holanda o Estados Unidos\u2013 comparten escenario con artistas tanto profesionales como amateurs.<\/p>\n<p>Por otra parte, la variedad y calidad de los int\u00e9rpretes, as\u00ed como la selecci\u00f3n de las obras, atraen cada a\u00f1o a m\u00e1s de 2.000 visitantes. \u00a0 Durante el acto han intervenido, adem\u00e1s del vicepresidente segundo y la alcaldesa del municipio, el concejal\u00a0 de Cultura, Arnaldo Carrascosa, y los presidentes de las sociedades musicales: \u00a0por \u00abLa Art\u00edstica\u00bb, Francisco Blasco, y por \u00abLa Arm\u00f3nica\u00bb, \u00d3scar Fern\u00e1ndez.<\/p>\n<p>Adem\u00e1s, los directores de ambas bandas sinf\u00f3nicas, Henrie Adams y David Fiuza, han adelantado algunos detalles de las obras que se interpretar\u00e1n el pr\u00f3ximo 19 de agosto.<\/p>\n","protected":false},"excerpt":{"rendered":"<div class=\"mh-excerpt\">El punto m\u00e1s \u00e1lgido de la sana rivalidad existente entre las bandas de m\u00fasica de Bu\u00f1ol se produce cada verano en el concierto \u2018Mano a mano\u2019 que protagonizan La Art\u00edstica y la Arm\u00f3nica. El duelo <a class=\"mh-excerpt-more\" href=\"https:\/\/www.tucomarca.com\/wordpress\/segunda\/la-diputacion-acoge-la-presentacion-del-mano-a-mano-entre-las-bandas-de-musica-de-bunol\/\" title=\"La Diputaci\u00f3n acoge la presentaci\u00f3n del \u2018Mano a mano\u2019 entre las bandas de m\u00fasica de Bu\u00f1ol\">[+] <\/a><\/div>\n","protected":false},"author":1,"featured_media":57731,"comment_status":"open","ping_status":"open","sticky":false,"template":"","format":"standard","meta":{"footnotes":""},"categories":[18,66,10,7,3,45],"tags":[204,5952,401],"class_list":{"0":"post-57730","1":"post","2":"type-post","3":"status-publish","4":"format-standard","5":"has-post-thumbnail","7":"category-bunol","8":"category-musica","9":"category-la-hoya","10":"category-ocio-y-cultura","11":"category-seccion","12":"category-ventana","13":"tag-diputacion","14":"tag-la-hoya-de-bunol-chiva","15":"tag-mano-a-mano"},"_links":{"self":[{"href":"https:\/\/www.tucomarca.com\/wordpress\/segunda\/wp-json\/wp\/v2\/posts\/57730","targetHints":{"allow":["GET"]}}],"collection":[{"href":"https:\/\/www.tucomarca.com\/wordpress\/segunda\/wp-json\/wp\/v2\/posts"}],"about":[{"href":"https:\/\/www.tucomarca.com\/wordpress\/segunda\/wp-json\/wp\/v2\/types\/post"}],"author":[{"embeddable":true,"href":"https:\/\/www.tucomarca.com\/wordpress\/segunda\/wp-json\/wp\/v2\/users\/1"}],"replies":[{"embeddable":true,"href":"https:\/\/www.tucomarca.com\/wordpress\/segunda\/wp-json\/wp\/v2\/comments?post=57730"}],"version-history":[{"count":0,"href":"https:\/\/www.tucomarca.com\/wordpress\/segunda\/wp-json\/wp\/v2\/posts\/57730\/revisions"}],"wp:featuredmedia":[{"embeddable":true,"href":"https:\/\/www.tucomarca.com\/wordpress\/segunda\/wp-json\/wp\/v2\/media\/57731"}],"wp:attachment":[{"href":"https:\/\/www.tucomarca.com\/wordpress\/segunda\/wp-json\/wp\/v2\/media?parent=57730"}],"wp:term":[{"taxonomy":"category","embeddable":true,"href":"https:\/\/www.tucomarca.com\/wordpress\/segunda\/wp-json\/wp\/v2\/categories?post=57730"},{"taxonomy":"post_tag","embeddable":true,"href":"https:\/\/www.tucomarca.com\/wordpress\/segunda\/wp-json\/wp\/v2\/tags?post=57730"}],"curies":[{"name":"wp","href":"https:\/\/api.w.org\/{rel}","templated":true}]}}