{"id":57769,"date":"2017-07-02T14:17:08","date_gmt":"2017-07-02T12:17:08","guid":{"rendered":"http:\/\/www.tucomarca.com\/wordpress\/segunda\/?p=57769"},"modified":"2017-07-02T14:17:08","modified_gmt":"2017-07-02T12:17:08","slug":"el-trail-de-cortes-de-pallas-cubre-el-25-de-sus-plazas-en-solo-cinco-dias","status":"publish","type":"post","link":"https:\/\/www.tucomarca.com\/wordpress\/segunda\/el-trail-de-cortes-de-pallas-cubre-el-25-de-sus-plazas-en-solo-cinco-dias\/","title":{"rendered":"El Trail de Cortes de Pall\u00e1s cubre el 25% de  sus plazas en s\u00f3lo cinco d\u00edas"},"content":{"rendered":"<figure id=\"attachment_57770\" aria-describedby=\"caption-attachment-57770\" style=\"width: 1024px\" class=\"wp-caption alignleft\"><a href=\"https:\/\/www.tucomarca.com\/wordpress\/segunda\/wp-content\/uploads\/2017\/07\/CortesdePallas.jpg\"><img loading=\"lazy\" decoding=\"async\" class=\"size-large wp-image-57770\" src=\"https:\/\/www.tucomarca.com\/wordpress\/segunda\/wp-content\/uploads\/2017\/07\/CortesdePallas-1024x683.jpg\" alt=\"Los recorridos de cada una de las distancias est\u00e1n pensados para que los participantes puedan disfrutar de los maravillosos paisajes de Cortes de Pall\u00e1s.\" width=\"1024\" height=\"683\" srcset=\"https:\/\/www.tucomarca.com\/wordpress\/segunda\/wp-content\/uploads\/2017\/07\/CortesdePallas-1024x683.jpg 1024w, https:\/\/www.tucomarca.com\/wordpress\/segunda\/wp-content\/uploads\/2017\/07\/CortesdePallas-300x200.jpg 300w, https:\/\/www.tucomarca.com\/wordpress\/segunda\/wp-content\/uploads\/2017\/07\/CortesdePallas-768x512.jpg 768w\" sizes=\"auto, (max-width: 1024px) 100vw, 1024px\" \/><\/a><figcaption id=\"caption-attachment-57770\" class=\"wp-caption-text\">Los recorridos de cada una de las distancias est\u00e1n pensados para que los participantes puedan disfrutar de los maravillosos paisajes de Cortes de Pall\u00e1s.<\/figcaption><\/figure>\n<p>La localidad de Cortes de Pall\u00e1s acoger\u00e1 el pr\u00f3ximo 17 de septiembre la primera edici\u00f3n de Ekiden Trail Valencia, un marat\u00f3n de monta\u00f1a por relevos que propone un espectacular recorrido por un paraje natural \u00fanico y unas vistas privilegiadas a la garganta del J\u00facar.<\/p>\n<p>La prueba, que abri\u00f3 sus inscripciones el pasado viernes, ha tenido una gran acogida por el p\u00fablico y en solo cinco d\u00edas ya ha ocupado el 25 por ciento de sus plazas. La participaci\u00f3n est\u00e1 limitada a 200 equipos para garantizar la sostenibilidad de la zona, as\u00ed como la comodidad de todos aquellos que vayan a correr.<\/p>\n<p>Cada equipo debe estar formado por tres participantes \u2013habr\u00e1 categor\u00eda masculina, femenina y mixta\u2013 que deber\u00e1n repartirse las distancias de 10, 12 y 20 kil\u00f3metros y darse el relevo hasta completar un marat\u00f3n. Como testigo, los corredores deber\u00e1n pasarse una mu\u00f1equera Lurbel que actuar\u00e1 a modo de tasuki, ya que la cl\u00e1sica cinta que se utiliza en otras pruebas similares podr\u00eda ser peligrosa en la monta\u00f1a.<\/p>\n<p>Los recorridos de cada una de las distancias est\u00e1n pensados para que todos los participantes puedan disfrutar de los maravillosos paisajes de la zona y del entorno que rodea el pueblo, donde se pueden ver adem\u00e1s animales protegidos como ciervos muflones, la cabra hisp\u00e1nica, \u00e1guilas o b\u00fahos. Por ese motivo tambi\u00e9n, la organizaci\u00f3n \u2013que ya ha llevado a cabo otras pruebas en la comarca con \u00e9xito\u2013 est\u00e1 haciendo especial hincapi\u00e9 en fomentar el respeto por la naturaleza y el cuidado por la monta\u00f1a y ha tomado como s\u00edmbolo de la prueba el b\u00faho.<\/p>\n<p>Ekiden Trail Valencia est\u00e1 patrocinado por Iberdrola y el Ayuntamiento de Cortes de Pall\u00e1s y cuenta con la colaboraci\u00f3n de las empresas valencianas Horchata y Fartons Polo y Valenciana de Porteros.<\/p>\n","protected":false},"excerpt":{"rendered":"<div class=\"mh-excerpt\">La localidad de Cortes de Pall\u00e1s acoger\u00e1 el pr\u00f3ximo 17 de septiembre la primera edici\u00f3n de Ekiden Trail Valencia, un marat\u00f3n de monta\u00f1a por relevos que propone un espectacular recorrido por un paraje natural \u00fanico <a class=\"mh-excerpt-more\" href=\"https:\/\/www.tucomarca.com\/wordpress\/segunda\/el-trail-de-cortes-de-pallas-cubre-el-25-de-sus-plazas-en-solo-cinco-dias\/\" title=\"El Trail de Cortes de Pall\u00e1s cubre el 25% de  sus plazas en s\u00f3lo cinco d\u00edas\">[+] <\/a><\/div>\n","protected":false},"author":1,"featured_media":57770,"comment_status":"open","ping_status":"open","sticky":false,"template":"","format":"standard","meta":{"footnotes":""},"categories":[98,38,40,6,3,45],"tags":[10540,10392,3816],"class_list":{"0":"post-57769","1":"post","2":"type-post","3":"status-publish","4":"format-standard","5":"has-post-thumbnail","7":"category-atletismo","8":"category-ayora-cofrentes","9":"category-cortes-de-pallas","10":"category-deportes","11":"category-seccion","12":"category-ventana","13":"tag-ayora-cofrentes","14":"tag-cortes-de-pallas","15":"tag-trail"},"_links":{"self":[{"href":"https:\/\/www.tucomarca.com\/wordpress\/segunda\/wp-json\/wp\/v2\/posts\/57769","targetHints":{"allow":["GET"]}}],"collection":[{"href":"https:\/\/www.tucomarca.com\/wordpress\/segunda\/wp-json\/wp\/v2\/posts"}],"about":[{"href":"https:\/\/www.tucomarca.com\/wordpress\/segunda\/wp-json\/wp\/v2\/types\/post"}],"author":[{"embeddable":true,"href":"https:\/\/www.tucomarca.com\/wordpress\/segunda\/wp-json\/wp\/v2\/users\/1"}],"replies":[{"embeddable":true,"href":"https:\/\/www.tucomarca.com\/wordpress\/segunda\/wp-json\/wp\/v2\/comments?post=57769"}],"version-history":[{"count":0,"href":"https:\/\/www.tucomarca.com\/wordpress\/segunda\/wp-json\/wp\/v2\/posts\/57769\/revisions"}],"wp:featuredmedia":[{"embeddable":true,"href":"https:\/\/www.tucomarca.com\/wordpress\/segunda\/wp-json\/wp\/v2\/media\/57770"}],"wp:attachment":[{"href":"https:\/\/www.tucomarca.com\/wordpress\/segunda\/wp-json\/wp\/v2\/media?parent=57769"}],"wp:term":[{"taxonomy":"category","embeddable":true,"href":"https:\/\/www.tucomarca.com\/wordpress\/segunda\/wp-json\/wp\/v2\/categories?post=57769"},{"taxonomy":"post_tag","embeddable":true,"href":"https:\/\/www.tucomarca.com\/wordpress\/segunda\/wp-json\/wp\/v2\/tags?post=57769"}],"curies":[{"name":"wp","href":"https:\/\/api.w.org\/{rel}","templated":true}]}}