{"id":57777,"date":"2017-07-02T20:06:44","date_gmt":"2017-07-02T18:06:44","guid":{"rendered":"http:\/\/www.tucomarca.com\/wordpress\/segunda\/?p=57777"},"modified":"2017-07-02T20:06:44","modified_gmt":"2017-07-02T18:06:44","slug":"ximo-puig-conoce-en-requena-los-datos-de-los-avales-a-su-candidatura-lesquerra-en-marxa-y-muestra-su-inmenso-agradecimiento-por-la-confianza","status":"publish","type":"post","link":"https:\/\/www.tucomarca.com\/wordpress\/segunda\/ximo-puig-conoce-en-requena-los-datos-de-los-avales-a-su-candidatura-lesquerra-en-marxa-y-muestra-su-inmenso-agradecimiento-por-la-confianza\/","title":{"rendered":"Ximo Puig conoce en Requena los datos de los avales a su candidatura L\u2019Esquerra en Marxa y muestra su \u2018inmenso agradecimiento\u2019 por la confianza"},"content":{"rendered":"<figure id=\"attachment_57778\" aria-describedby=\"caption-attachment-57778\" style=\"width: 1024px\" class=\"wp-caption alignleft\"><a href=\"https:\/\/www.tucomarca.com\/wordpress\/segunda\/wp-content\/uploads\/2017\/07\/PuigRequenaPSOE.jpg\"><img loading=\"lazy\" decoding=\"async\" class=\"size-large wp-image-57778\" src=\"https:\/\/www.tucomarca.com\/wordpress\/segunda\/wp-content\/uploads\/2017\/07\/PuigRequenaPSOE-1024x576.jpg\" alt=\"El precandidato a la secretar\u00eda general del PSPV-PSOE, Ximo Puig, ha visitado Requena donde se ha reunido con compa\u00f1eros y compa\u00f1eras.\" width=\"1024\" height=\"576\" srcset=\"https:\/\/www.tucomarca.com\/wordpress\/segunda\/wp-content\/uploads\/2017\/07\/PuigRequenaPSOE-1024x576.jpg 1024w, https:\/\/www.tucomarca.com\/wordpress\/segunda\/wp-content\/uploads\/2017\/07\/PuigRequenaPSOE-300x169.jpg 300w, https:\/\/www.tucomarca.com\/wordpress\/segunda\/wp-content\/uploads\/2017\/07\/PuigRequenaPSOE-768x432.jpg 768w, https:\/\/www.tucomarca.com\/wordpress\/segunda\/wp-content\/uploads\/2017\/07\/PuigRequenaPSOE.jpg 1600w\" sizes=\"auto, (max-width: 1024px) 100vw, 1024px\" \/><\/a><figcaption id=\"caption-attachment-57778\" class=\"wp-caption-text\">El precandidato a la secretar\u00eda general del PSPV-PSOE, Ximo Puig, ha visitado Requena donde se ha reunido con compa\u00f1eros y compa\u00f1eras.<\/figcaption><\/figure>\n<p>El precandidato a la secretar\u00eda general del PSPV-PSOE Ximo Puig ha visitado este domingo\u00a0la localidad de Requena donde durante la reuni\u00f3n con los compa\u00f1eros y compa\u00f1eras de la localidad ha conocido los datos de los avales a su candidatura L\u2019Esquerra En Marxa. Ante la noticia de los 8.120 avales presentados que respaldan su proyecto, el precandidato ha mostrado su inmenso agradecimiento a todos los militantes que han decidido avalarle y que conf\u00edan en \u00e9l para que siga dirigiendo el proyecto de los socialistas valencianos en la Comunitat.<\/p>\n<p>En el encuentro que ha mantenido con los militantes en la agrupaci\u00f3n de Requena, Ximo Puig ha explicado el proyecto que significa la candidatura de l\u2019Esquerra en Marxa para el PSPV-PSOE y en este sentido ha desgranado algunas de las propuestas que se han lanzado y que seg\u00fan ha se\u00f1alado \u201ctodas y cada una de ellas est\u00e1n enfocadas para dar un impulso al partido y fortalecer la organizaci\u00f3n a trav\u00e9s de una mayor participaci\u00f3n de la militancia\u201d. As\u00ed ha recordado que tanto la creaci\u00f3n de la Secretar\u00eda de la Militancia, la de dinamizaci\u00f3n de las agrupaciones como la creaci\u00f3n de la Oficina del Portavoz van a ser claves para potenciar y mejorar la coordinaci\u00f3n en el partido.<\/p>\n<p>Tambi\u00e9n se ha referido a la propuesta de creaci\u00f3n de una Escuela de Pol\u00edtica Municipal que apueste por la formaci\u00f3n. En esta l\u00ednea se ha mostrado muy orgulloso del cambio generacional que se est\u00e1 produciendo en el PSPV con un gran n\u00famero de alcaldes j\u00f3venes como es el caso de Mario S\u00e1nchez, alcalde de Requena, y que \u201cva a hacer posible la fortaleza del PSPV con una alianza intergeneracional que tambi\u00e9n se apoye en la experiencia\u201d, ha se\u00f1alado Puig.<\/p>\n<p>Durante su intervenci\u00f3n Ximo Puig ha reconocido que se han cometido errores y por ello la necesidad de \u201cafrontarlos a trav\u00e9s del di\u00e1logo, el respeto y la diversidad\u201d. \u201dAhora afrontamos un proyecto democr\u00e1tico y no de desuni\u00f3n\u201d ha afirmado Puig al tiempo que \u00a0ha apostado por \u201cadaptar el partido a la nueva realidad, porque ahora estamos gobernando, pero sin rupturas\u201d y ha se\u00f1alado que \u201cdesde el PSPV trabajaremos para que Pedro S\u00e1nchez sea presidente del Gobierno porque en Espa\u00f1a hay muchas cosas que cambiar, tal y como estamos haciendo ya aqu\u00ed en la Comunitat, aplicando pol\u00edticas socialistas\u201d.<\/p>\n<p>Por su parte el alcalde de la localidad de Requena, Mario S\u00e1nchez, ha mostrado su apoyo a la candidatura que lidera Ximo Puig porque, tal y como ha se\u00f1alado, \u201cnos ha demostrado que es una persona integradora, cercana, que siempre est\u00e1 al otro lado del tel\u00e9fono cuando se le necesita\u201d. \u201cUn partido est\u00e1 para gobernar y creo que nadie lo va hacer mejor que Ximo Puig porque lo est\u00e1 demostrando\u201d, ha se\u00f1alado Mario S\u00e1nchez.<\/p>\n<p>Posteriormente Ximo Puig se ha trasladado a la localidad vecina de Utiel donde tambi\u00e9n ha podido conversar, en la casa del pueblo del municipio, con los compa\u00f1eros y compa\u00f1eras a quienes ha animado a apoyar la candidatura l\u2019Esquerra en Marxa porque \u201caunque en estos dos a\u00f1os se han conseguido logros importantes todav\u00eda queda mucho trabajo por hacer\u201d.<\/p>\n","protected":false},"excerpt":{"rendered":"<div class=\"mh-excerpt\">El precandidato a la secretar\u00eda general del PSPV-PSOE Ximo Puig ha visitado este domingo\u00a0la localidad de Requena donde durante la reuni\u00f3n con los compa\u00f1eros y compa\u00f1eras de la localidad ha conocido los datos de los <a class=\"mh-excerpt-more\" href=\"https:\/\/www.tucomarca.com\/wordpress\/segunda\/ximo-puig-conoce-en-requena-los-datos-de-los-avales-a-su-candidatura-lesquerra-en-marxa-y-muestra-su-inmenso-agradecimiento-por-la-confianza\/\" title=\"Ximo Puig conoce en Requena los datos de los avales a su candidatura L\u2019Esquerra en Marxa y muestra su \u2018inmenso agradecimiento\u2019 por la confianza\">[+] <\/a><\/div>\n","protected":false},"author":1,"featured_media":57778,"comment_status":"open","ping_status":"open","sticky":false,"template":"","format":"standard","meta":{"footnotes":""},"categories":[8,142,28,27,3,45],"tags":[4273,348,10388],"class_list":{"0":"post-57777","1":"post","2":"type-post","3":"status-publish","4":"format-standard","5":"has-post-thumbnail","7":"category-la-comarca","8":"category-politica-la-comarca","9":"category-requena","10":"category-requena-utiel","11":"category-seccion","12":"category-ventana","13":"tag-acto-de-requena","14":"tag-puig","15":"tag-requena"},"_links":{"self":[{"href":"https:\/\/www.tucomarca.com\/wordpress\/segunda\/wp-json\/wp\/v2\/posts\/57777","targetHints":{"allow":["GET"]}}],"collection":[{"href":"https:\/\/www.tucomarca.com\/wordpress\/segunda\/wp-json\/wp\/v2\/posts"}],"about":[{"href":"https:\/\/www.tucomarca.com\/wordpress\/segunda\/wp-json\/wp\/v2\/types\/post"}],"author":[{"embeddable":true,"href":"https:\/\/www.tucomarca.com\/wordpress\/segunda\/wp-json\/wp\/v2\/users\/1"}],"replies":[{"embeddable":true,"href":"https:\/\/www.tucomarca.com\/wordpress\/segunda\/wp-json\/wp\/v2\/comments?post=57777"}],"version-history":[{"count":0,"href":"https:\/\/www.tucomarca.com\/wordpress\/segunda\/wp-json\/wp\/v2\/posts\/57777\/revisions"}],"wp:featuredmedia":[{"embeddable":true,"href":"https:\/\/www.tucomarca.com\/wordpress\/segunda\/wp-json\/wp\/v2\/media\/57778"}],"wp:attachment":[{"href":"https:\/\/www.tucomarca.com\/wordpress\/segunda\/wp-json\/wp\/v2\/media?parent=57777"}],"wp:term":[{"taxonomy":"category","embeddable":true,"href":"https:\/\/www.tucomarca.com\/wordpress\/segunda\/wp-json\/wp\/v2\/categories?post=57777"},{"taxonomy":"post_tag","embeddable":true,"href":"https:\/\/www.tucomarca.com\/wordpress\/segunda\/wp-json\/wp\/v2\/tags?post=57777"}],"curies":[{"name":"wp","href":"https:\/\/api.w.org\/{rel}","templated":true}]}}