{"id":57787,"date":"2017-07-03T17:14:06","date_gmt":"2017-07-03T15:14:06","guid":{"rendered":"http:\/\/www.tucomarca.com\/wordpress\/segunda\/?p=57787"},"modified":"2017-07-03T17:14:06","modified_gmt":"2017-07-03T15:14:06","slug":"benageber-pone-en-marcha-el-programa-de-voluntariado-forestal-2017-en-el-alto-turia-para-la-vigilancia-especialmente-contra-incendios","status":"publish","type":"post","link":"https:\/\/www.tucomarca.com\/wordpress\/segunda\/benageber-pone-en-marcha-el-programa-de-voluntariado-forestal-2017-en-el-alto-turia-para-la-vigilancia-especialmente-contra-incendios\/","title":{"rendered":"Benag\u00e9ber pone en marcha el Programa de Voluntariado Forestal 2017 en el Alto Turia para la vigilancia especialmente contra incendios"},"content":{"rendered":"<figure id=\"attachment_57788\" aria-describedby=\"caption-attachment-57788\" style=\"width: 212px\" class=\"wp-caption alignleft\"><a href=\"https:\/\/www.tucomarca.com\/wordpress\/segunda\/wp-content\/uploads\/2017\/07\/Benageber.jpg\"><img loading=\"lazy\" decoding=\"async\" class=\"size-medium wp-image-57788\" src=\"https:\/\/www.tucomarca.com\/wordpress\/segunda\/wp-content\/uploads\/2017\/07\/Benageber-212x300.jpg\" alt=\"Los participantes de este proyecto piloto se encargar\u00e1n de la vigilancia, especialmente contra incendios, en una zona de 1.000 hect\u00e1reas en el Alto Turia valenciano.\" width=\"212\" height=\"300\" srcset=\"https:\/\/www.tucomarca.com\/wordpress\/segunda\/wp-content\/uploads\/2017\/07\/Benageber-212x300.jpg 212w, https:\/\/www.tucomarca.com\/wordpress\/segunda\/wp-content\/uploads\/2017\/07\/Benageber.jpg 482w\" sizes=\"auto, (max-width: 212px) 100vw, 212px\" \/><\/a><figcaption id=\"caption-attachment-57788\" class=\"wp-caption-text\">Los participantes de este proyecto piloto se encargar\u00e1n de la vigilancia, especialmente contra incendios, en una zona de 1.000 hect\u00e1reas en el Alto Turia valenciano.<\/figcaption><\/figure>\n<p>Desde la Asociaci\u00f3n Benag\u00e9ber el Hijo del Monte y la Cooperativa DESATUR est\u00e1n trabajando en el desarrollo de un proyecto de Voluntariado Forestal de Prevenci\u00f3n de Incendios en el Alto Turia que cubra la zona desde Los Rubiales, en Aras de los Olmos, hasta Chelva, prestando especial en las \u00e1reas recreativas junto al Turia, y al r\u00edo Tu\u00e9jar\/Chelva.<\/p>\n<p>Se trata de un proyecto piloto que se desarrollar\u00e1 desde el 15 de julio hasta el 15 de agosto y para el que ambas agrupaciones han abierto el per\u00edodo de inscripci\u00f3n de los voluntarios (mayores de 18 a\u00f1os) que quieran formar parte del mismo.<\/p>\n<p>\u00abSe trata de cubrir m\u00e1s de 1.000 hect\u00e1reas de monte\u00bb, comenta Juan Carlos Ballester, uno de los promotores de la iniciativa. \u00abcon control de vigilancia, en ruta y en los miradores, todos bajo la coordinaci\u00f3n de los agentes medioambientales, visitando las \u00e1reas recreativas y de acampada\u00bb<\/p>\n<p>Las personas voluntarias realizar\u00e1n tareas de vigilancia de los montes y de informaci\u00f3n a usuarios frente al riesgo de incendios forestales. Deber\u00e1n ser mayores de 18 a\u00f1os y tener un m\u00ednimo de capacidad f\u00edsica para el desempe\u00f1o de la actividad, realizar una ruta a pie de unos 7 a 8 km por pistas y caminos forestales.<\/p>\n<p>Los participantes en el programa tendr\u00e1n todos los derechos reconocidos en las leyes que rigen las acciones de voluntariado, entre ellas, recibir formaci\u00f3n e informaci\u00f3n adecuada a las funciones a desarrollar u disponer del material necesario para el desarrollo de sus funciones, incluyendo uniforme (facilitado a trav\u00e9s de Vaersa) y herramientas.<\/p>\n<p>\u00abEl objetivo es vigilar y recopilar informaci\u00f3n de incidencias y turismo en nuestra zona. Se trata de un proyecto piloto que pretendemos convertirlo en algo m\u00e1s ambicioso el a\u00f1o pr\u00f3ximo. Al fin y al cabo la intenci\u00f3n final es ser una ayuda m\u00e1s de las muchas que hacen falta en el tema de la prevenci\u00f3n\u00bb<\/p>\n<p>Los interesados pueden recabar m\u00e1s informaci\u00f3n en el tel\u00e9fono 644414892 o en el correo voluntariado@pantanobenageber.com<\/p>\n<p>Tambi\u00e9n se puede consultar la informaci\u00f3n completa en www.benageber.com\/prevenci\u00f3n<\/p>\n","protected":false},"excerpt":{"rendered":"<div class=\"mh-excerpt\">Desde la Asociaci\u00f3n Benag\u00e9ber el Hijo del Monte y la Cooperativa DESATUR est\u00e1n trabajando en el desarrollo de un proyecto de Voluntariado Forestal de Prevenci\u00f3n de Incendios en el Alto Turia que cubra la zona <a class=\"mh-excerpt-more\" href=\"https:\/\/www.tucomarca.com\/wordpress\/segunda\/benageber-pone-en-marcha-el-programa-de-voluntariado-forestal-2017-en-el-alto-turia-para-la-vigilancia-especialmente-contra-incendios\/\" title=\"Benag\u00e9ber pone en marcha el Programa de Voluntariado Forestal 2017 en el Alto Turia para la vigilancia especialmente contra incendios\">[+] <\/a><\/div>\n","protected":false},"author":1,"featured_media":57788,"comment_status":"open","ping_status":"open","sticky":false,"template":"","format":"standard","meta":{"footnotes":""},"categories":[4,141,8,59,117,3],"tags":[],"class_list":{"0":"post-57787","1":"post","2":"type-post","3":"status-publish","4":"format-standard","5":"has-post-thumbnail","7":"category-agenda","8":"category-benageber","9":"category-la-comarca","10":"category-los-serranos","11":"category-medio-ambiente-la-comarca","12":"category-seccion"},"_links":{"self":[{"href":"https:\/\/www.tucomarca.com\/wordpress\/segunda\/wp-json\/wp\/v2\/posts\/57787","targetHints":{"allow":["GET"]}}],"collection":[{"href":"https:\/\/www.tucomarca.com\/wordpress\/segunda\/wp-json\/wp\/v2\/posts"}],"about":[{"href":"https:\/\/www.tucomarca.com\/wordpress\/segunda\/wp-json\/wp\/v2\/types\/post"}],"author":[{"embeddable":true,"href":"https:\/\/www.tucomarca.com\/wordpress\/segunda\/wp-json\/wp\/v2\/users\/1"}],"replies":[{"embeddable":true,"href":"https:\/\/www.tucomarca.com\/wordpress\/segunda\/wp-json\/wp\/v2\/comments?post=57787"}],"version-history":[{"count":0,"href":"https:\/\/www.tucomarca.com\/wordpress\/segunda\/wp-json\/wp\/v2\/posts\/57787\/revisions"}],"wp:featuredmedia":[{"embeddable":true,"href":"https:\/\/www.tucomarca.com\/wordpress\/segunda\/wp-json\/wp\/v2\/media\/57788"}],"wp:attachment":[{"href":"https:\/\/www.tucomarca.com\/wordpress\/segunda\/wp-json\/wp\/v2\/media?parent=57787"}],"wp:term":[{"taxonomy":"category","embeddable":true,"href":"https:\/\/www.tucomarca.com\/wordpress\/segunda\/wp-json\/wp\/v2\/categories?post=57787"},{"taxonomy":"post_tag","embeddable":true,"href":"https:\/\/www.tucomarca.com\/wordpress\/segunda\/wp-json\/wp\/v2\/tags?post=57787"}],"curies":[{"name":"wp","href":"https:\/\/api.w.org\/{rel}","templated":true}]}}