{"id":57790,"date":"2017-07-03T17:15:25","date_gmt":"2017-07-03T15:15:25","guid":{"rendered":"http:\/\/www.tucomarca.com\/wordpress\/segunda\/?p=57790"},"modified":"2017-07-03T17:15:25","modified_gmt":"2017-07-03T15:15:25","slug":"el-colegio-helios-de-leliana-recibe-el-premio-nacional-de-educacion-por-su-participacion-en-el-proyecto-el-sonido-que-habito","status":"publish","type":"post","link":"https:\/\/www.tucomarca.com\/wordpress\/segunda\/el-colegio-helios-de-leliana-recibe-el-premio-nacional-de-educacion-por-su-participacion-en-el-proyecto-el-sonido-que-habito\/","title":{"rendered":"El Colegio Helios de L&#8217;Eliana recibe el Premio Nacional de Educaci\u00f3n por su participaci\u00f3n en el proyecto \u2018El sonido que habito\u2019"},"content":{"rendered":"<figure id=\"attachment_57791\" aria-describedby=\"caption-attachment-57791\" style=\"width: 1024px\" class=\"wp-caption alignleft\"><a href=\"https:\/\/www.tucomarca.com\/wordpress\/segunda\/wp-content\/uploads\/2017\/07\/HELIOSLEliana.jpg\"><img loading=\"lazy\" decoding=\"async\" class=\"size-full wp-image-57791\" src=\"https:\/\/www.tucomarca.com\/wordpress\/segunda\/wp-content\/uploads\/2017\/07\/HELIOSLEliana.jpg\" alt=\"Este galard\u00f3n, concedido de forma un\u00e1nime por la Secretar\u00eda de Estado de Educaci\u00f3n, se comparte con otros 14 centros de Educaci\u00f3n Secundaria.\" width=\"1024\" height=\"393\" srcset=\"https:\/\/www.tucomarca.com\/wordpress\/segunda\/wp-content\/uploads\/2017\/07\/HELIOSLEliana.jpg 1024w, https:\/\/www.tucomarca.com\/wordpress\/segunda\/wp-content\/uploads\/2017\/07\/HELIOSLEliana-300x115.jpg 300w, https:\/\/www.tucomarca.com\/wordpress\/segunda\/wp-content\/uploads\/2017\/07\/HELIOSLEliana-768x295.jpg 768w\" sizes=\"auto, (max-width: 1024px) 100vw, 1024px\" \/><\/a><figcaption id=\"caption-attachment-57791\" class=\"wp-caption-text\">Este galard\u00f3n, concedido de forma un\u00e1nime por la Secretar\u00eda de Estado de Educaci\u00f3n, se comparte con otros 14 centros de Educaci\u00f3n Secundaria.<\/figcaption><\/figure>\n<p><b>Una vez m\u00e1s, la comunidad educativa de l\u2019Eliana est\u00e1 de enhorabuena: en este caso, el Colegio Helios ha recibido el Premio Nacional de Educaci\u00f3n. Este galard\u00f3n, concedido de forma un\u00e1nime por la Secretar\u00eda de Estado de Educaci\u00f3n, se comparte con otros 14 centros de Educaci\u00f3n Secundaria que han participado en un proyecto conjunto, multidisciplinar y que requer\u00eda del empleo de las TICs (Tecnolog\u00edas de la Informaci\u00f3n y la Comunicaci\u00f3n).<\/b><\/p>\n<p>Partiendo de una premisa muy sencilla (c\u00f3mo un simple sonido puede generar un gran torrente informativo), el proyecto \u2018El sonido que habito\u2019 invitaba a docentes y a alumnos a grabar un sonido, geolocalizarlo (a trav\u00e9s de las actuales aplicaciones para ubicarlo en un mapa) y a\u00f1adirle una informaci\u00f3n que estuviera relacionada con asignaturas como Literatura, Ciencias o M\u00fasica.<\/p>\n<p>Esa era la base del proyecto \u2018El sonido que habito\u2019, que le ha valido al Colegio Helios el reconocimiento del Ministerio de Educaci\u00f3n de Espa\u00f1a. Ayer, el secretario de Estado de Educaci\u00f3n, Marcial Mar\u00edn, entreg\u00f3 un premio conjunto a los 15 centros de ense\u00f1anza que han participado en esta iniciativa (siendo el Colegio Helios el \u00fanico centro educativo valenciano que formaba parte de dicho grupo).<\/p>\n<p>El encargado de supervisar \u2018El sonido que habito\u2019 en el Colegio Helios es el profesor Evaristo Romaguera, quien destaca c\u00f3mo esta actividad ha superado las expectativas del propio proyecto: \u201cCada alumno deb\u00eda encargarse de grabar el sonido, alojarlo en un gestor, detallar el espacio en el que lo grab\u00f3 y redactar el texto. Una tarea individual que, sin embargo, logr\u00f3 que los compa\u00f1eros interactuaran y se prestaran apoyo para superar las dificultades que se encontraban por el camino. Cada uno resolv\u00eda su labor, pero los alumnos brindaban su apoyo a otros compa\u00f1eros. Adem\u00e1s, la presencia de las TICs ha servido de incentivo para que los 40 estudiantes implicados se interesaran a\u00fan m\u00e1s por las diferentes asignaturas que englobaban este proyecto\u201d.<\/p>\n<p>Esta no es la primera vez en la que un proyecto del Colegio Helios ha obtenido un reconocimiento de estas caracter\u00edsticas. La edil de Educaci\u00f3n en el Ayuntamiento de l\u2019Eliana, Eva Santaf\u00e9, ha felicitado a profesores y alumnos por este premio que acaban de recibir: \u201cPara el Ayuntamiento de l\u2019Eliana es un motivo de orgullo cada vez que los diferentes centros de ense\u00f1anza de nuestro municipio ven premiado alguno de los proyectos en los que participan\u201d.<\/p>\n<p>\u201cQue se conozca a l\u2019Eliana gracias a este tipo de reconocimientos es una excelente noticia, que deja claro que nuestro municipio cuenta con un personal docente muy cualificado, as\u00ed como unos estudiantes muy implicados en cara proyecto en el que participan, por lo que nuestra alegr\u00eda es a\u00fan mayor\u201d, ha a\u00f1adido Santaf\u00e9.<\/p>\n","protected":false},"excerpt":{"rendered":"<div class=\"mh-excerpt\">Una vez m\u00e1s, la comunidad educativa de l\u2019Eliana est\u00e1 de enhorabuena: en este caso, el Colegio Helios ha recibido el Premio Nacional de Educaci\u00f3n. Este galard\u00f3n, concedido de forma un\u00e1nime por la Secretar\u00eda de Estado <a class=\"mh-excerpt-more\" href=\"https:\/\/www.tucomarca.com\/wordpress\/segunda\/el-colegio-helios-de-leliana-recibe-el-premio-nacional-de-educacion-por-su-participacion-en-el-proyecto-el-sonido-que-habito\/\" title=\"El Colegio Helios de L&#8217;Eliana recibe el Premio Nacional de Educaci\u00f3n por su participaci\u00f3n en el proyecto \u2018El sonido que habito\u2019\">[+] <\/a><\/div>\n","protected":false},"author":1,"featured_media":57791,"comment_status":"open","ping_status":"open","sticky":false,"template":"","format":"standard","meta":{"footnotes":""},"categories":[46,177,7,3],"tags":[10395,10433],"class_list":{"0":"post-57790","1":"post","2":"type-post","3":"status-publish","4":"format-standard","5":"has-post-thumbnail","7":"category-camp-de-turia","8":"category-leliana","9":"category-ocio-y-cultura","10":"category-seccion","11":"tag-camp-de-turia","12":"tag-leliana"},"_links":{"self":[{"href":"https:\/\/www.tucomarca.com\/wordpress\/segunda\/wp-json\/wp\/v2\/posts\/57790","targetHints":{"allow":["GET"]}}],"collection":[{"href":"https:\/\/www.tucomarca.com\/wordpress\/segunda\/wp-json\/wp\/v2\/posts"}],"about":[{"href":"https:\/\/www.tucomarca.com\/wordpress\/segunda\/wp-json\/wp\/v2\/types\/post"}],"author":[{"embeddable":true,"href":"https:\/\/www.tucomarca.com\/wordpress\/segunda\/wp-json\/wp\/v2\/users\/1"}],"replies":[{"embeddable":true,"href":"https:\/\/www.tucomarca.com\/wordpress\/segunda\/wp-json\/wp\/v2\/comments?post=57790"}],"version-history":[{"count":0,"href":"https:\/\/www.tucomarca.com\/wordpress\/segunda\/wp-json\/wp\/v2\/posts\/57790\/revisions"}],"wp:featuredmedia":[{"embeddable":true,"href":"https:\/\/www.tucomarca.com\/wordpress\/segunda\/wp-json\/wp\/v2\/media\/57791"}],"wp:attachment":[{"href":"https:\/\/www.tucomarca.com\/wordpress\/segunda\/wp-json\/wp\/v2\/media?parent=57790"}],"wp:term":[{"taxonomy":"category","embeddable":true,"href":"https:\/\/www.tucomarca.com\/wordpress\/segunda\/wp-json\/wp\/v2\/categories?post=57790"},{"taxonomy":"post_tag","embeddable":true,"href":"https:\/\/www.tucomarca.com\/wordpress\/segunda\/wp-json\/wp\/v2\/tags?post=57790"}],"curies":[{"name":"wp","href":"https:\/\/api.w.org\/{rel}","templated":true}]}}