{"id":58115,"date":"2017-07-14T11:33:17","date_gmt":"2017-07-14T09:33:17","guid":{"rendered":"http:\/\/www.tucomarca.com\/wordpress\/segunda\/?p=58115"},"modified":"2017-07-14T11:33:17","modified_gmt":"2017-07-14T09:33:17","slug":"mas-de-900-personas-de-algemesi-han-participado-en-acciones-de-promocion-de-la-salud-del-programa-riu","status":"publish","type":"post","link":"https:\/\/www.tucomarca.com\/wordpress\/segunda\/mas-de-900-personas-de-algemesi-han-participado-en-acciones-de-promocion-de-la-salud-del-programa-riu\/","title":{"rendered":"M\u00e1s de 900 personas de Algemes\u00ed han participado en acciones de promoci\u00f3n de la salud del programa RIU"},"content":{"rendered":"<p>Durante la 7\u00aa Edici\u00f3n del Programa RIU (Replica, Innova y Une) que se ha llevado a cabo en el municipio de Algemes\u00ed m\u00e1s de 900 vecinas y vecinos han participado en alguna de las acciones de promoci\u00f3n de la salud que se han llevado a cabo. En concreto, esta semana ha tenido lugar el acto de clausura y se ha hecho entrega de los diplomas acreditativos a 9 mujeres y 2 hombres como agentes de salud de Algemes\u00ed<\/p>\n<p>El programa tiene como finalidad facilitar el acceso de la poblaci\u00f3n vulnerable a los servicios de salud. Por ello, emplea una metodolog\u00eda participativa de manera que a trav\u00e9s de cursos de formaci\u00f3n se est\u00e1n formando agentes de salud en el municipio para que puedan desarrollar ellos mismos las acciones de promoci\u00f3n de la salud.<\/p>\n<p>Seg\u00fan ha destacado el subdirector general de promoci\u00f3n de la salut de la direcci\u00f3n general de Salut P\u00fablica, Joan Paredes \u201cel hecho de capacitar agentes del propio municipio y de diferentes culturas est\u00e1 permitiendo que los ciudadanos puedan acceder mejor a los servicios de salud, que conozcan los recursos que disponen en su entorno, y en definitiva, que se produzca una mejora de la salud en la poblaci\u00f3n\u201d.<\/p>\n<p>El proyecto RIU est\u00e1 impulsado por el Ayuntamiento de Algemes\u00ed, el Centro de Salud P\u00fablica de Alzira (perteneciente a a la Direcci\u00f3n General de Salut P\u00fablica de la Conselleria de Sanitat Universal i Salut P\u00fablica) y el \u00c1rea de Desigualdades en Salud de la Fundaci\u00f3n para el Fomento de la Investigaci\u00f3n Sanitaria y Biom\u00e9dica de la Comunitat Valenciana (FISABIO), con la colaboraci\u00f3n de asistencia sanitaria del Departamento de Salut de La Ribera.<\/p>\n<p>Por otra parte, el programa ha permitido crear una red intersectorial de 66 profesionales de salud p\u00fablica, atenci\u00f3n primaria y unidades de apoyo, profesionales de la administraci\u00f3n local de otros sectores como servicios sociales, medio ambiente, educaci\u00f3n y cultura y deporte, as\u00ed como universidad y del tercer sector. Dichos profesionales han facilitado el desarrollo de las diferentes actividades del proyecto.<\/p>\n<p><strong>M\u00e1s de 600 acciones de salud en Algemes\u00ed<\/strong><\/p>\n<p>Cabe se\u00f1alar que durante esta edici\u00f3n, los agentes de salud han desarrollado m\u00e1s de 600 acciones de promoci\u00f3n de salud en el municipio de Algemes\u00ed. Los temas que se han tratado principalmente han sido sobre salud sexual (14,5%), actividad f\u00edsica (13,6%), alimentaci\u00f3n (9,8%) y prevenci\u00f3n de c\u00e1ncer (9,5%) entre otros.<\/p>\n<p>Del total de poblaci\u00f3n participante que ha recibido alguna acci\u00f3n de promoci\u00f3n de la salud, en concreto 916 personas, el 74,7% son mujeres frente a un 25,3% de hombres.<\/p>\n<p>La mayor\u00eda de poblaci\u00f3n que ha accedido a este programa de salud en Algemes\u00ed han sido j\u00f3venes entre 18 a 35 a\u00f1os (el 50%) seguidos de poblaci\u00f3n de 36 a 65 a\u00f1os (41%).<\/p>\n<p>Dory Avi\u00f1\u00f3, coordinadora del programa, ha destacado \u201cel trabajo que estamos realizando promoviendo el trabajo conjunto entre personal t\u00e9cnico del servicio y la ciudadan\u00eda, en acciones de promoci\u00f3n de salud en el municipio\u201d. Como ejemplo, est\u00e1 el trabajo del Plan Integral de Acci\u00f3n Comunitaria de El Raval o las Jornadas de \u00c1frica.<\/p>\n<p>Asimismo, Joan N\u00e1cher, t\u00e9cnico del proyecto ha resaltado \u201clos espacios de di\u00e1logo e intercambio que hemos generado entre personas de diferentes culturas del barrio y tambi\u00e9n del resto del municipio. Espacios que ayudan a la convivencia, a deconstruir prejuicios y estereotipos y al mismo tiempo a generar conexiones y capital social\u201d.<\/p>\n","protected":false},"excerpt":{"rendered":"<div class=\"mh-excerpt\">Durante la 7\u00aa Edici\u00f3n del Programa RIU (Replica, Innova y Une) que se ha llevado a cabo en el municipio de Algemes\u00ed m\u00e1s de 900 vecinas y vecinos han participado en alguna de las acciones <a class=\"mh-excerpt-more\" href=\"https:\/\/www.tucomarca.com\/wordpress\/segunda\/mas-de-900-personas-de-algemesi-han-participado-en-acciones-de-promocion-de-la-salud-del-programa-riu\/\" title=\"M\u00e1s de 900 personas de Algemes\u00ed han participado en acciones de promoci\u00f3n de la salud del programa RIU\">[+] <\/a><\/div>\n","protected":false},"author":1,"featured_media":58116,"comment_status":"open","ping_status":"open","sticky":false,"template":"","format":"standard","meta":{"footnotes":""},"categories":[99,119,8,42,3],"tags":[10409,3640],"class_list":{"0":"post-58115","1":"post","2":"type-post","3":"status-publish","4":"format-standard","5":"has-post-thumbnail","7":"category-algemesi","8":"category-sanidad-la-comarca","9":"category-la-comarca","10":"category-la-ribera","11":"category-seccion","12":"tag-algemesi","13":"tag-la-ribera-alta"},"_links":{"self":[{"href":"https:\/\/www.tucomarca.com\/wordpress\/segunda\/wp-json\/wp\/v2\/posts\/58115","targetHints":{"allow":["GET"]}}],"collection":[{"href":"https:\/\/www.tucomarca.com\/wordpress\/segunda\/wp-json\/wp\/v2\/posts"}],"about":[{"href":"https:\/\/www.tucomarca.com\/wordpress\/segunda\/wp-json\/wp\/v2\/types\/post"}],"author":[{"embeddable":true,"href":"https:\/\/www.tucomarca.com\/wordpress\/segunda\/wp-json\/wp\/v2\/users\/1"}],"replies":[{"embeddable":true,"href":"https:\/\/www.tucomarca.com\/wordpress\/segunda\/wp-json\/wp\/v2\/comments?post=58115"}],"version-history":[{"count":0,"href":"https:\/\/www.tucomarca.com\/wordpress\/segunda\/wp-json\/wp\/v2\/posts\/58115\/revisions"}],"wp:featuredmedia":[{"embeddable":true,"href":"https:\/\/www.tucomarca.com\/wordpress\/segunda\/wp-json\/wp\/v2\/media\/58116"}],"wp:attachment":[{"href":"https:\/\/www.tucomarca.com\/wordpress\/segunda\/wp-json\/wp\/v2\/media?parent=58115"}],"wp:term":[{"taxonomy":"category","embeddable":true,"href":"https:\/\/www.tucomarca.com\/wordpress\/segunda\/wp-json\/wp\/v2\/categories?post=58115"},{"taxonomy":"post_tag","embeddable":true,"href":"https:\/\/www.tucomarca.com\/wordpress\/segunda\/wp-json\/wp\/v2\/tags?post=58115"}],"curies":[{"name":"wp","href":"https:\/\/api.w.org\/{rel}","templated":true}]}}