{"id":58149,"date":"2017-07-17T21:49:33","date_gmt":"2017-07-17T19:49:33","guid":{"rendered":"http:\/\/www.tucomarca.com\/wordpress\/segunda\/?p=58149"},"modified":"2017-07-17T21:49:33","modified_gmt":"2017-07-17T19:49:33","slug":"el-laberinto-de-las-emociones-en-la-bibliopiscina-de-requena","status":"publish","type":"post","link":"https:\/\/www.tucomarca.com\/wordpress\/segunda\/el-laberinto-de-las-emociones-en-la-bibliopiscina-de-requena\/","title":{"rendered":"\u201cEl laberinto de las emociones\u201d en la bibliopiscina de Requena"},"content":{"rendered":"<figure id=\"attachment_58151\" aria-describedby=\"caption-attachment-58151\" style=\"width: 363px\" class=\"wp-caption alignleft\"><img loading=\"lazy\" decoding=\"async\" class=\" wp-image-58151\" src=\"https:\/\/www.tucomarca.com\/wordpress\/segunda\/wp-content\/uploads\/2017\/07\/bibliopiscina.jpg\" alt=\"Cuentacuentos en la Bibliopiscina de Requena\" width=\"363\" height=\"272\" srcset=\"https:\/\/www.tucomarca.com\/wordpress\/segunda\/wp-content\/uploads\/2017\/07\/bibliopiscina.jpg 709w, https:\/\/www.tucomarca.com\/wordpress\/segunda\/wp-content\/uploads\/2017\/07\/bibliopiscina-300x225.jpg 300w\" sizes=\"auto, (max-width: 363px) 100vw, 363px\" \/><figcaption id=\"caption-attachment-58151\" class=\"wp-caption-text\"><em>Cuentacuentos en la Bibliopiscina de Requena<\/em><\/figcaption><\/figure>\n<p>Este pr\u00f3ximo mi\u00e9rcoles 19 de julio de 2017 a las cinco y media de la tarde se realizar\u00e1 la primera sesi\u00f3n de cuentacuentos infantil en la Bibliopiscina instalada en la piscina de verano.<\/p>\n<p>En esta ocasi\u00f3n ser\u00e1 el grupo de las Cinco Estaciones quienes nos proponen \u201cEl Laberinto de las emociones\u201d.<\/p>\n<p>Os recordamos que el horario de la Bibliopiscina es de lunes a viernes de 12 h. a 18 h. 50 m. durante el mes de julio.<\/p>\n<p>La bibliopiscina es un servicio externo de la Biblioteca, atendido por becarias del programa \u201cLa Dipu te beca\u201d, que responde a la filosof\u00eda de acercar los libros all\u00e1 donde se encuentre el usuario y de hacer llegar la cultura y la lectura a los espacios de ocio activo.<\/p>\n<p>Entre sus objetivos se encuentra reforzar el h\u00e1bito lector entre los usuarios que ya lo poseen como fomentarlo en aquellos que no lo tienen, adem\u00e1s de desempe\u00f1ar una importante funci\u00f3n de captaci\u00f3n de prelectores, p\u00fablico muy habitual en las piscinas. Refuerza el papel de centro de ocio de la piscina y dentro de \u00e9sta se convierte en un punto de encuentro e intercambio social y cultural.<\/p>\n","protected":false},"excerpt":{"rendered":"<div class=\"mh-excerpt\">Este pr\u00f3ximo mi\u00e9rcoles 19 de julio de 2017 a las cinco y media de la tarde se realizar\u00e1 la primera sesi\u00f3n de cuentacuentos infantil en la Bibliopiscina instalada en la piscina de verano. En esta <a class=\"mh-excerpt-more\" href=\"https:\/\/www.tucomarca.com\/wordpress\/segunda\/el-laberinto-de-las-emociones-en-la-bibliopiscina-de-requena\/\" title=\"\u201cEl laberinto de las emociones\u201d en la bibliopiscina de Requena\">[+] <\/a><\/div>\n","protected":false},"author":2,"featured_media":58151,"comment_status":"open","ping_status":"open","sticky":false,"template":"","format":"standard","meta":{"footnotes":""},"categories":[4,28,27,3],"tags":[2850,8001],"class_list":{"0":"post-58149","1":"post","2":"type-post","3":"status-publish","4":"format-standard","5":"has-post-thumbnail","7":"category-agenda","8":"category-requena","9":"category-requena-utiel","10":"category-seccion","11":"tag-ayuntamiento-de-requena","12":"tag-comarca-requena-y-utiel"},"_links":{"self":[{"href":"https:\/\/www.tucomarca.com\/wordpress\/segunda\/wp-json\/wp\/v2\/posts\/58149","targetHints":{"allow":["GET"]}}],"collection":[{"href":"https:\/\/www.tucomarca.com\/wordpress\/segunda\/wp-json\/wp\/v2\/posts"}],"about":[{"href":"https:\/\/www.tucomarca.com\/wordpress\/segunda\/wp-json\/wp\/v2\/types\/post"}],"author":[{"embeddable":true,"href":"https:\/\/www.tucomarca.com\/wordpress\/segunda\/wp-json\/wp\/v2\/users\/2"}],"replies":[{"embeddable":true,"href":"https:\/\/www.tucomarca.com\/wordpress\/segunda\/wp-json\/wp\/v2\/comments?post=58149"}],"version-history":[{"count":0,"href":"https:\/\/www.tucomarca.com\/wordpress\/segunda\/wp-json\/wp\/v2\/posts\/58149\/revisions"}],"wp:featuredmedia":[{"embeddable":true,"href":"https:\/\/www.tucomarca.com\/wordpress\/segunda\/wp-json\/wp\/v2\/media\/58151"}],"wp:attachment":[{"href":"https:\/\/www.tucomarca.com\/wordpress\/segunda\/wp-json\/wp\/v2\/media?parent=58149"}],"wp:term":[{"taxonomy":"category","embeddable":true,"href":"https:\/\/www.tucomarca.com\/wordpress\/segunda\/wp-json\/wp\/v2\/categories?post=58149"},{"taxonomy":"post_tag","embeddable":true,"href":"https:\/\/www.tucomarca.com\/wordpress\/segunda\/wp-json\/wp\/v2\/tags?post=58149"}],"curies":[{"name":"wp","href":"https:\/\/api.w.org\/{rel}","templated":true}]}}