{"id":58154,"date":"2017-07-17T21:48:31","date_gmt":"2017-07-17T19:48:31","guid":{"rendered":"http:\/\/www.tucomarca.com\/wordpress\/segunda\/?p=58154"},"modified":"2017-07-17T21:48:31","modified_gmt":"2017-07-17T19:48:31","slug":"la-diputacion-da-empleo-a-66-jovenes-cualificados-y-mantiene-su-apuesta-por-la-retencion-del-talento","status":"publish","type":"post","link":"https:\/\/www.tucomarca.com\/wordpress\/segunda\/la-diputacion-da-empleo-a-66-jovenes-cualificados-y-mantiene-su-apuesta-por-la-retencion-del-talento\/","title":{"rendered":"La Diputaci\u00f3n da empleo a 66 j\u00f3venes cualificados y mantiene su apuesta por la retenci\u00f3n del talento"},"content":{"rendered":"<figure id=\"attachment_58156\" aria-describedby=\"caption-attachment-58156\" style=\"width: 466px\" class=\"wp-caption alignleft\"><a href=\"https:\/\/www.tucomarca.com\/wordpress\/segunda\/wp-content\/uploads\/2017\/07\/Avalemapertura.jpg\"><img loading=\"lazy\" decoding=\"async\" class=\" wp-image-58156\" src=\"https:\/\/www.tucomarca.com\/wordpress\/segunda\/wp-content\/uploads\/2017\/07\/Avalemapertura.jpg\" alt=\"Los j\u00f3venes profesionales estar\u00e1n contratados por un a\u00f1o, de manera que podr\u00e1n obtener mayor experiencia laboral y desarrollar sus capacidades en los distintos departamentos de la instituci\u00f3n provincial.\" width=\"466\" height=\"288\" srcset=\"https:\/\/www.tucomarca.com\/wordpress\/segunda\/wp-content\/uploads\/2017\/07\/Avalemapertura.jpg 709w, https:\/\/www.tucomarca.com\/wordpress\/segunda\/wp-content\/uploads\/2017\/07\/Avalemapertura-300x185.jpg 300w\" sizes=\"auto, (max-width: 466px) 100vw, 466px\" \/><\/a><figcaption id=\"caption-attachment-58156\" class=\"wp-caption-text\">Los j\u00f3venes profesionales estar\u00e1n contratados por un a\u00f1o, de manera que podr\u00e1n obtener mayor experiencia laboral y desarrollar sus capacidades en los distintos departamentos de la instituci\u00f3n provincial.<\/figcaption><\/figure>\n<p><b>A lo largo de este verano se ir\u00e1n incorporando los j\u00f3venes trabajadores, que cubrir\u00e1n plazas en todas las \u00e1reas de gesti\u00f3n de la instituci\u00f3n provincial dentro del programa Avalem.<\/b><\/p>\n<p><b>Jorge Rodr\u00edguez: \u201cLas administraciones p\u00fablicas tienen la responsabilidad de ofrecer a los j\u00f3venes alternativas cuando se enfrentan al mercado laboral y encuentran muchas puertas cerradas\u201d<\/b><\/p>\n<p>La Diputaci\u00f3n de Valencia dar\u00e1 empleo a un total de 66 profesionales cualificados a trav\u00e9s del programa del SERVEF Avalem Joves, una iniciativa creada con el objetivo de generar nuevas oportunidades de trabajo y formaci\u00f3n para las personas j\u00f3venes. Los trabajadores cubrir\u00e1n plazas en todas las \u00e1reas de gesti\u00f3n de la instituci\u00f3n provincial, a las que se ir\u00e1n incorporando a lo largo del verano.<\/p>\n<p>En palabras del presidente de la Diputaci\u00f3n, Jorge Rodr\u00edguez, esta iniciativa mediante la cual se ofrece una oportunidad laboral a 66 j\u00f3venes con formaci\u00f3n espec\u00edfica \u201cmantiene y refuerza la apuesta por la retenci\u00f3n del talento que esta instituci\u00f3n ha concretado en un plan estrat\u00e9gico para toda la legislatura\u201d. En este sentido, Rodr\u00edguez tiene claro que \u201clas administraciones p\u00fablicas tienen la responsabilidad de ofrecer a los j\u00f3venes alternativas cuando se enfrentan al mercado laboral y encuentran muchas puertas cerradas\u201d.<\/p>\n<p>Esas oportunidades las est\u00e1 dando ya la Diputaci\u00f3n de Valencia a trav\u00e9s de su programa de Gesti\u00f3n del Talento, a trav\u00e9s del cual decenas de posgraduados est\u00e1n trabajando en proyectos de distintas tem\u00e1ticas en los ayuntamientos de la provincia, acumulando por una parte experiencia laboral y, por otra, desarrollando planes e iniciativas que pueden mejorar la calidad de vida de los municipios y las personas que en ellos habitan.<\/p>\n<p><b>El perfil de los 66 contratados<\/b><\/p>\n<p>La mayor parte de los empleados ser\u00e1n del \u00e1mbito del Derecho, un total de 21, cuyo trabajo se desarrollar\u00e1 en las \u00e1reas de Secretar\u00eda General, Contrataci\u00f3n, Patrimonio, Central de Servicios Innovadores,<\/p>\n<p>Cooperaci\u00f3n Municipal, Hacienda, Transparencia, Divalterra, Cultura,<\/p>\n<p>Mancomunidades, Bienestar social, Deportes, Defensa en Juicio,<\/p>\n<p>Intervenci\u00f3n y Personal.<\/p>\n<p>Los siguientes profesionales m\u00e1s demandados son los inform\u00e1ticos. Se incorporar\u00e1n un total de seis a los departamentos de Secretar\u00eda General, Contrataci\u00f3n, Inform\u00e1tica, Personal y Medio Ambiente. A las oficinas comarcales se destinar\u00e1n un total de ocho profesionales, compuestos por cuatro Ingenieros Industriales y de Producci\u00f3n y cuatro Arquitectos.<\/p>\n<p>Asimismo, se integrar\u00e1n en diferentes \u00e1reas tres titulados en Ciencias Pol\u00edticas, que ir\u00e1n a las \u00e1reas de Presidencia, Vicepresidencia y Personal; tres de Comunicaci\u00f3n Audiovisual, para los departamentos de Prensa y Vicepresidencia; tres de Periodismo para el Gabinete de Prensa; y tres de Relaciones Laborales, que trabajar\u00e1n en Personal y Asesoramiento Municipal.<\/p>\n<p>Adem\u00e1s, habr\u00e1 dos economistas, que se destinar\u00e1n a Presidencia y Divalterra; dos especialistas en Administraci\u00f3n P\u00fablica, que se dirigir\u00e1n a Asesoramiento Municipal y Personal; dos soci\u00f3logos, que estar\u00e1n en Transparencia y Personal; dos Ingenieros de Caminos, que se incorporar\u00e1n al \u00e1rea de Carreteras; dos titulados en ADE, que estar\u00e1n en Intervenci\u00f3n; y dos graduados en Historia, que ir\u00e1n a Mancomunidades y Turismo.<\/p>\n<p>La contrataci\u00f3n de profesionales se completar\u00e1 con un ingeniero ambiental, que estar\u00e1 en el \u00e1rea de Medio Ambiente; un editor, que ir\u00e1 a Cultura; un titulado en Turismo, que se dirigir\u00e1 al departamento de Turismo; un dise\u00f1ador gr\u00e1fico, que trabajar\u00e1 en Presidencia, un matem\u00e1tico, que desarrollar\u00e1 su trabajo en Secretar\u00eda General; un documentalista, que tambi\u00e9n estar\u00e1 en Secretar\u00eda General; y un restaurador, que ir\u00e1 a Patrimonio.<\/p>\n<p>Los j\u00f3venes profesionales estar\u00e1n contratados por un a\u00f1o, de manera que podr\u00e1n obtener mayor experiencia laboral y desarrollar sus capacidades en los distintos departamentos de la instituci\u00f3n provincial. Una propuesta que tambi\u00e9n contribuir\u00e1 al retorno de esos j\u00f3venes talentos que tuvieron que emigrar por falta de oportunidades y por la situaci\u00f3n de precariedad laboral, y que muestra el compromiso de la Diputaci\u00f3n de Valencia con la juventud y la mejora de la realidad social.<\/p>\n","protected":false},"excerpt":{"rendered":"<div class=\"mh-excerpt\">A lo largo de este verano se ir\u00e1n incorporando los j\u00f3venes trabajadores, que cubrir\u00e1n plazas en todas las \u00e1reas de gesti\u00f3n de la instituci\u00f3n provincial dentro del programa Avalem. Jorge Rodr\u00edguez: \u201cLas administraciones p\u00fablicas tienen <a class=\"mh-excerpt-more\" href=\"https:\/\/www.tucomarca.com\/wordpress\/segunda\/la-diputacion-da-empleo-a-66-jovenes-cualificados-y-mantiene-su-apuesta-por-la-retencion-del-talento\/\" title=\"La Diputaci\u00f3n da empleo a 66 j\u00f3venes cualificados y mantiene su apuesta por la retenci\u00f3n del talento\">[+] <\/a><\/div>\n","protected":false},"author":2,"featured_media":58156,"comment_status":"open","ping_status":"open","sticky":false,"template":"","format":"standard","meta":{"footnotes":""},"categories":[8,72,3,45],"tags":[3677],"class_list":{"0":"post-58154","1":"post","2":"type-post","3":"status-publish","4":"format-standard","5":"has-post-thumbnail","7":"category-la-comarca","8":"category-sin-categorizar","9":"category-seccion","10":"category-ventana","11":"tag-diputacio-de-valencia"},"_links":{"self":[{"href":"https:\/\/www.tucomarca.com\/wordpress\/segunda\/wp-json\/wp\/v2\/posts\/58154","targetHints":{"allow":["GET"]}}],"collection":[{"href":"https:\/\/www.tucomarca.com\/wordpress\/segunda\/wp-json\/wp\/v2\/posts"}],"about":[{"href":"https:\/\/www.tucomarca.com\/wordpress\/segunda\/wp-json\/wp\/v2\/types\/post"}],"author":[{"embeddable":true,"href":"https:\/\/www.tucomarca.com\/wordpress\/segunda\/wp-json\/wp\/v2\/users\/2"}],"replies":[{"embeddable":true,"href":"https:\/\/www.tucomarca.com\/wordpress\/segunda\/wp-json\/wp\/v2\/comments?post=58154"}],"version-history":[{"count":0,"href":"https:\/\/www.tucomarca.com\/wordpress\/segunda\/wp-json\/wp\/v2\/posts\/58154\/revisions"}],"wp:featuredmedia":[{"embeddable":true,"href":"https:\/\/www.tucomarca.com\/wordpress\/segunda\/wp-json\/wp\/v2\/media\/58156"}],"wp:attachment":[{"href":"https:\/\/www.tucomarca.com\/wordpress\/segunda\/wp-json\/wp\/v2\/media?parent=58154"}],"wp:term":[{"taxonomy":"category","embeddable":true,"href":"https:\/\/www.tucomarca.com\/wordpress\/segunda\/wp-json\/wp\/v2\/categories?post=58154"},{"taxonomy":"post_tag","embeddable":true,"href":"https:\/\/www.tucomarca.com\/wordpress\/segunda\/wp-json\/wp\/v2\/tags?post=58154"}],"curies":[{"name":"wp","href":"https:\/\/api.w.org\/{rel}","templated":true}]}}