{"id":58161,"date":"2017-07-17T21:46:26","date_gmt":"2017-07-17T19:46:26","guid":{"rendered":"http:\/\/www.tucomarca.com\/wordpress\/segunda\/?p=58161"},"modified":"2017-07-17T21:46:26","modified_gmt":"2017-07-17T19:46:26","slug":"el-pp-propone-que-la-diputacion-financie-la-sustitucion-del-amianto-en-instalaciones-municipales","status":"publish","type":"post","link":"https:\/\/www.tucomarca.com\/wordpress\/segunda\/el-pp-propone-que-la-diputacion-financie-la-sustitucion-del-amianto-en-instalaciones-municipales\/","title":{"rendered":"El PP propone que la Diputaci\u00f3n financie la sustituci\u00f3n del amianto en instalaciones municipales"},"content":{"rendered":"<p>El Grupo Popular de la Diputaci\u00f3n de Valencia ha presentado una moci\u00f3n para que la administraci\u00f3n provincial realice un exhaustivo estudio e inventario de las instalaciones p\u00fablicas municipales de la provincia que a\u00fan contienen entre sus materiales de construcci\u00f3n amianto.<\/p>\n<p>Adem\u00e1s propone que la Diputaci\u00f3n ponga en marcha un plan econ\u00f3mico dirigido a los ayuntamientos que todav\u00eda cuenten con instalaciones municipales con amianto para proceder a su sustituci\u00f3n.<\/p>\n<p>La portavoz del Partido Popular en la Diputaci\u00f3n de Valencia, Mari Carmen Contelles, ha asegurado que\u00a0\u201cesperamos que el equipo de gobierno comandado por Rodr\u00edguez se sume a esta propuesta el pr\u00f3ximo martes en el pleno y muestre la misma celeridad en atender esta necesidad que la que ha demostrado para plegarse a las demandas del Conseller Marz\u00e0 y destinar siete millones de euros para cambiar puertas y ventanas de los colegios\u201d.<\/p>\n<p>\u201cDesde nuestro grupo consideramos urgente que se cree por parte de la Diputaci\u00f3n, un plan espec\u00edfico para la eliminaci\u00f3n del amianto en los edificios municipales, ya que la Diputaci\u00f3n puede y debe ayudar a los municipios a la erradicaci\u00f3n total de este peligroso material para la Salud P\u00fablica\u201d ha destacado Contelles.<\/p>\n<p>Los populares en su moci\u00f3n recuerdan que el amianto o asbesto es un mineral de origen metam\u00f3rfico compuesto de fibras de \u00e1tomos de s\u00edlice y algunos metales como el magnesio, el manganeso o el hierro.<\/p>\n<p>Conocido popularmente como \u00a0fibrocemento fue un material de construcci\u00f3n frecuentemente utilizado en nuestro pa\u00eds hasta mediados de los a\u00f1os 80, cuando definitivamente se demostr\u00f3 que las fibras de este material eran altamente cancer\u00edgenas, pudiendo originar diversos tipos de c\u00e1nceres de pulm\u00f3n y pleura, as\u00ed como un tipo de fibrosis pulmonar conocida como asbestosis.<\/p>\n<p>Desde entonces, su prohibici\u00f3n ha sido gradual y en Espa\u00f1a qued\u00f3 vetado definitivamente su empleo en cualquier forma o producto en 2002. A fecha de hoy todav\u00eda existen edificios p\u00fablicos como instalaciones deportivas o centros escolares entre otros, que contienen amianto.<\/p>\n","protected":false},"excerpt":{"rendered":"<div class=\"mh-excerpt\">El Grupo Popular de la Diputaci\u00f3n de Valencia ha presentado una moci\u00f3n para que la administraci\u00f3n provincial realice un exhaustivo estudio e inventario de las instalaciones p\u00fablicas municipales de la provincia que a\u00fan contienen entre <a class=\"mh-excerpt-more\" href=\"https:\/\/www.tucomarca.com\/wordpress\/segunda\/el-pp-propone-que-la-diputacion-financie-la-sustitucion-del-amianto-en-instalaciones-municipales\/\" title=\"El PP propone que la Diputaci\u00f3n financie la sustituci\u00f3n del amianto en instalaciones municipales\">[+] <\/a><\/div>\n","protected":false},"author":1,"featured_media":57102,"comment_status":"open","ping_status":"open","sticky":false,"template":"","format":"standard","meta":{"footnotes":""},"categories":[8,72,142,3],"tags":[63],"class_list":{"0":"post-58161","1":"post","2":"type-post","3":"status-publish","4":"format-standard","5":"has-post-thumbnail","7":"category-la-comarca","8":"category-sin-categorizar","9":"category-politica-la-comarca","10":"category-seccion","11":"tag-pp"},"_links":{"self":[{"href":"https:\/\/www.tucomarca.com\/wordpress\/segunda\/wp-json\/wp\/v2\/posts\/58161","targetHints":{"allow":["GET"]}}],"collection":[{"href":"https:\/\/www.tucomarca.com\/wordpress\/segunda\/wp-json\/wp\/v2\/posts"}],"about":[{"href":"https:\/\/www.tucomarca.com\/wordpress\/segunda\/wp-json\/wp\/v2\/types\/post"}],"author":[{"embeddable":true,"href":"https:\/\/www.tucomarca.com\/wordpress\/segunda\/wp-json\/wp\/v2\/users\/1"}],"replies":[{"embeddable":true,"href":"https:\/\/www.tucomarca.com\/wordpress\/segunda\/wp-json\/wp\/v2\/comments?post=58161"}],"version-history":[{"count":0,"href":"https:\/\/www.tucomarca.com\/wordpress\/segunda\/wp-json\/wp\/v2\/posts\/58161\/revisions"}],"wp:featuredmedia":[{"embeddable":true,"href":"https:\/\/www.tucomarca.com\/wordpress\/segunda\/wp-json\/wp\/v2\/media\/57102"}],"wp:attachment":[{"href":"https:\/\/www.tucomarca.com\/wordpress\/segunda\/wp-json\/wp\/v2\/media?parent=58161"}],"wp:term":[{"taxonomy":"category","embeddable":true,"href":"https:\/\/www.tucomarca.com\/wordpress\/segunda\/wp-json\/wp\/v2\/categories?post=58161"},{"taxonomy":"post_tag","embeddable":true,"href":"https:\/\/www.tucomarca.com\/wordpress\/segunda\/wp-json\/wp\/v2\/tags?post=58161"}],"curies":[{"name":"wp","href":"https:\/\/api.w.org\/{rel}","templated":true}]}}