{"id":5817,"date":"2012-07-23T20:18:51","date_gmt":"2012-07-23T18:18:51","guid":{"rendered":"http:\/\/www.tucomarca.com\/wordpress\/segunda\/?p=5817"},"modified":"2012-08-07T11:46:28","modified_gmt":"2012-08-07T09:46:28","slug":"la-union-de-yatova-y-%c2%abla-lira%c2%bb-participan-en-el-festival-de-bandas-de-cheste","status":"publish","type":"post","link":"https:\/\/www.tucomarca.com\/wordpress\/segunda\/la-union-de-yatova-y-%c2%abla-lira%c2%bb-participan-en-el-festival-de-bandas-de-cheste\/","title":{"rendered":"La Uni\u00f3n de Y\u00e1tova y \u00abLa Lira\u00bb participan en el festival de bandas de Cheste"},"content":{"rendered":"<p>Centenares de chestanos se reunieron este domingo en la Plaza Dr. Cajal de Cheste para participar y disfrutar del II Festival de Bandas de M\u00fasica Villa de Cheste.<\/p>\n<p>Las participantes en este 2012 han sido La Uni\u00f3n Musical de Y\u00e1tova y la Banda \u00abLa Lira\u00bb de Cheste que ofrecieron sendos repertorios que comenzaron con unos bonitos pasodobles de apertura durante el desfile de presentaci\u00f3n.<\/p>\n<p>El acto comenz\u00f3 con un minuto de silencio, solicitado por el presidente de la Banda \u00abLa Lira\u00bb de Cheste, Salvador Jim\u00e9nez, en recuerdo y memoria del recientemente fallecido presidente comarcal de la Asocaici\u00f3n de Bandas de M\u00fasica, Rafa Bad\u00eda. Es por este motivo que los estandartes de ambas agrupaciones musicales luc\u00edan este domingo crespones negros.<\/p>\n<p>La primera en intervenir fue La Uni\u00f3n Musical de Y\u00e1tova dirigida por Joan Batiste Bernat que interpret\u00f3<em> La Primitiva<\/em> de Jef Penders, <em>La Marcha Eslava<\/em> de Tchaikovsky y para finalizar <em>Libertadores <\/em>de \u00d3scar Navarro. La extraordinaria interpretaci\u00f3n de todas las piezas le vali\u00f3 a esta banda numerosos aplausos del p\u00fablico presente.<\/p>\n<p>El alcalde de Cheste, David Dom\u00e9nech, les hizo entrega de una placa que recogi\u00f3 su presidente Antonio J. Vicente, en agradecimiento a su presencia en este festival y en reconocimiento a la excelente labor musical realizada.<\/p>\n<p>Durante este breve pausa Dom\u00e9nech aprovech\u00f3 la oportunidad para dar la bienvenida a los numerosos chestanos que hab\u00edan asistido como testigos de este Festival que celebraba en este 2012 su segunda edici\u00f3n gracias como apuntaba el primer edil de Cheste \u201cal gran \u00e9xito obtenido, la buena acogida de los chestanos y las buenas cr\u00edticas de los aficionados a la m\u00fasica, que nos hicieron plantearnos en el 2011 continuarlo y que no fuera un evento puntual, sino algo que todos los a\u00f1os nos recuerde la gran devoci\u00f3n que este pueblo, sus vecinos y la Comunidad en general tienen por las bandas\u201d.<\/p>\n<p>Dom\u00e9nech quiso agradecer a los m\u00fasicos tanto la banda de Y\u00e1tova como la banda de Cheste su presencia esa tarde y destac\u00f3 el largo curr\u00edculum y su excelente trayectoria repleta de premios, reconocimientos y homenajes.<\/p>\n<p>Tras eso intervino la banda \u00abLa Lira\u00bb de Cheste dirigida por Javier Engu\u00eddanos que interpretaron <em>Ag\u00fcero<\/em> de Jos\u00e9 Franco, <em>Vasa<\/em> del maestro Jos\u00e9 S\u00fa\u00f1er y <em>Finale<\/em> (sinfon\u00eda n\u00ba5) de Dmitri Schostakovich.<\/p>\n<p>Este II Festival de Bandas de M\u00fasica de Cheste ha puesto el broche final a las tradicionales Serenatas de Verano que cada a\u00f1o organiza la Concejal\u00eda de Cultura del Ayuntamiento de Cheste y con el que en este 2012 se ha dado paso a las Fiestas de Julio.<\/p>\n","protected":false},"excerpt":{"rendered":"<div class=\"mh-excerpt\">Centenares de chestanos se reunieron este domingo en la Plaza Dr. Cajal de Cheste para participar y disfrutar del II Festival de Bandas de M\u00fasica Villa de Cheste. Las participantes en este 2012 han sido <a class=\"mh-excerpt-more\" href=\"https:\/\/www.tucomarca.com\/wordpress\/segunda\/la-union-de-yatova-y-%c2%abla-lira%c2%bb-participan-en-el-festival-de-bandas-de-cheste\/\" title=\"La Uni\u00f3n de Y\u00e1tova y \u00abLa Lira\u00bb participan en el festival de bandas de Cheste\">[+] <\/a><\/div>\n","protected":false},"author":1,"featured_media":5818,"comment_status":"open","ping_status":"open","sticky":false,"template":"","format":"standard","meta":{"footnotes":""},"categories":[66,17,10,7,383,3,45,11],"tags":[],"class_list":{"0":"post-5817","1":"post","2":"type-post","3":"status-publish","4":"format-standard","5":"has-post-thumbnail","7":"category-musica","8":"category-cheste","9":"category-la-hoya","10":"category-ocio-y-cultura","11":"category-pueblos-en-fiestas","12":"category-seccion","13":"category-ventana","14":"category-yatova"},"_links":{"self":[{"href":"https:\/\/www.tucomarca.com\/wordpress\/segunda\/wp-json\/wp\/v2\/posts\/5817","targetHints":{"allow":["GET"]}}],"collection":[{"href":"https:\/\/www.tucomarca.com\/wordpress\/segunda\/wp-json\/wp\/v2\/posts"}],"about":[{"href":"https:\/\/www.tucomarca.com\/wordpress\/segunda\/wp-json\/wp\/v2\/types\/post"}],"author":[{"embeddable":true,"href":"https:\/\/www.tucomarca.com\/wordpress\/segunda\/wp-json\/wp\/v2\/users\/1"}],"replies":[{"embeddable":true,"href":"https:\/\/www.tucomarca.com\/wordpress\/segunda\/wp-json\/wp\/v2\/comments?post=5817"}],"version-history":[{"count":0,"href":"https:\/\/www.tucomarca.com\/wordpress\/segunda\/wp-json\/wp\/v2\/posts\/5817\/revisions"}],"wp:featuredmedia":[{"embeddable":true,"href":"https:\/\/www.tucomarca.com\/wordpress\/segunda\/wp-json\/wp\/v2\/media\/5818"}],"wp:attachment":[{"href":"https:\/\/www.tucomarca.com\/wordpress\/segunda\/wp-json\/wp\/v2\/media?parent=5817"}],"wp:term":[{"taxonomy":"category","embeddable":true,"href":"https:\/\/www.tucomarca.com\/wordpress\/segunda\/wp-json\/wp\/v2\/categories?post=5817"},{"taxonomy":"post_tag","embeddable":true,"href":"https:\/\/www.tucomarca.com\/wordpress\/segunda\/wp-json\/wp\/v2\/tags?post=5817"}],"curies":[{"name":"wp","href":"https:\/\/api.w.org\/{rel}","templated":true}]}}