{"id":58186,"date":"2017-07-18T22:06:40","date_gmt":"2017-07-18T20:06:40","guid":{"rendered":"http:\/\/www.tucomarca.com\/wordpress\/segunda\/?p=58186"},"modified":"2017-07-18T22:06:40","modified_gmt":"2017-07-18T20:06:40","slug":"josep-bort-visita-serra-para-conocer-las-actuaciones-de-mejora-realizadas-en-el-paraje-natural-de-la-font-de-sant-josep","status":"publish","type":"post","link":"https:\/\/www.tucomarca.com\/wordpress\/segunda\/josep-bort-visita-serra-para-conocer-las-actuaciones-de-mejora-realizadas-en-el-paraje-natural-de-la-font-de-sant-josep\/","title":{"rendered":"Josep Bort visita Serra para conocer las actuaciones de mejora realizadas en el paraje natural de La Font de Sant Josep"},"content":{"rendered":"<figure id=\"attachment_54771\" aria-describedby=\"caption-attachment-54771\" style=\"width: 300px\" class=\"wp-caption alignleft\"><a href=\"https:\/\/www.tucomarca.com\/wordpress\/segunda\/wp-content\/uploads\/2017\/03\/JosepBortb.jpg\"><img loading=\"lazy\" decoding=\"async\" class=\"size-medium wp-image-54771\" src=\"https:\/\/www.tucomarca.com\/wordpress\/segunda\/wp-content\/uploads\/2017\/03\/JosepBortb-300x194.jpg\" alt=\"Josep Bort, diputado de Medio Ambiente.\" width=\"300\" height=\"194\" srcset=\"https:\/\/www.tucomarca.com\/wordpress\/segunda\/wp-content\/uploads\/2017\/03\/JosepBortb-300x194.jpg 300w, https:\/\/www.tucomarca.com\/wordpress\/segunda\/wp-content\/uploads\/2017\/03\/JosepBortb-1024x665.jpg 1024w\" sizes=\"auto, (max-width: 300px) 100vw, 300px\" \/><\/a><figcaption id=\"caption-attachment-54771\" class=\"wp-caption-text\">Josep Bort, diputado de Medio Ambiente.<\/figcaption><\/figure>\n<p>El diputado de Medio Ambiente, Josep Bort, visita este mi\u00e9rcoles, 19 de julio, el municipio de Serra para conocer de primera mano y recepcionar las actuaciones de adecuaci\u00f3n, acondicionamiento y mejora realizadas en el paraje natural de La Font de Sant Josep, que han contado con la financiaci\u00f3n de la Diputaci\u00f3n de Valencia a trav\u00e9s del programa de recuperaci\u00f3n de espacios degradados.<\/p>\n<p>Durante la visita, Josep Bort estar\u00e1 acompa\u00f1ado por la alcaldesa en funciones de Serra, Alicia Tus\u00f3n, y el resto de miembros de la corporaci\u00f3n municipal.<\/p>\n<p>Se trata de una parcela de titularidad municipal, la cual ha sido habilitada parte de la misma \u2013que limita con la Font de Sant Josep\u2013 para su uso como ampliaci\u00f3n de la zona de esparcimiento y de recreo existente actualmente.<\/p>\n","protected":false},"excerpt":{"rendered":"<div class=\"mh-excerpt\">El diputado de Medio Ambiente, Josep Bort, visita este mi\u00e9rcoles, 19 de julio, el municipio de Serra para conocer de primera mano y recepcionar las actuaciones de adecuaci\u00f3n, acondicionamiento y mejora realizadas en el paraje <a class=\"mh-excerpt-more\" href=\"https:\/\/www.tucomarca.com\/wordpress\/segunda\/josep-bort-visita-serra-para-conocer-las-actuaciones-de-mejora-realizadas-en-el-paraje-natural-de-la-font-de-sant-josep\/\" title=\"Josep Bort visita Serra para conocer las actuaciones de mejora realizadas en el paraje natural de La Font de Sant Josep\">[+] <\/a><\/div>\n","protected":false},"author":1,"featured_media":54771,"comment_status":"open","ping_status":"open","sticky":false,"template":"","format":"standard","meta":{"footnotes":""},"categories":[46,128,8,117,3,76],"tags":[10395,10577,10404],"class_list":{"0":"post-58186","1":"post","2":"type-post","3":"status-publish","4":"format-standard","5":"has-post-thumbnail","7":"category-camp-de-turia","8":"category-infraestructuras","9":"category-la-comarca","10":"category-medio-ambiente-la-comarca","11":"category-seccion","12":"category-serra","13":"tag-camp-de-turia","14":"tag-josep-bort","15":"tag-serra"},"_links":{"self":[{"href":"https:\/\/www.tucomarca.com\/wordpress\/segunda\/wp-json\/wp\/v2\/posts\/58186","targetHints":{"allow":["GET"]}}],"collection":[{"href":"https:\/\/www.tucomarca.com\/wordpress\/segunda\/wp-json\/wp\/v2\/posts"}],"about":[{"href":"https:\/\/www.tucomarca.com\/wordpress\/segunda\/wp-json\/wp\/v2\/types\/post"}],"author":[{"embeddable":true,"href":"https:\/\/www.tucomarca.com\/wordpress\/segunda\/wp-json\/wp\/v2\/users\/1"}],"replies":[{"embeddable":true,"href":"https:\/\/www.tucomarca.com\/wordpress\/segunda\/wp-json\/wp\/v2\/comments?post=58186"}],"version-history":[{"count":0,"href":"https:\/\/www.tucomarca.com\/wordpress\/segunda\/wp-json\/wp\/v2\/posts\/58186\/revisions"}],"wp:featuredmedia":[{"embeddable":true,"href":"https:\/\/www.tucomarca.com\/wordpress\/segunda\/wp-json\/wp\/v2\/media\/54771"}],"wp:attachment":[{"href":"https:\/\/www.tucomarca.com\/wordpress\/segunda\/wp-json\/wp\/v2\/media?parent=58186"}],"wp:term":[{"taxonomy":"category","embeddable":true,"href":"https:\/\/www.tucomarca.com\/wordpress\/segunda\/wp-json\/wp\/v2\/categories?post=58186"},{"taxonomy":"post_tag","embeddable":true,"href":"https:\/\/www.tucomarca.com\/wordpress\/segunda\/wp-json\/wp\/v2\/tags?post=58186"}],"curies":[{"name":"wp","href":"https:\/\/api.w.org\/{rel}","templated":true}]}}