{"id":58197,"date":"2017-07-18T22:06:12","date_gmt":"2017-07-18T20:06:12","guid":{"rendered":"http:\/\/www.tucomarca.com\/wordpress\/segunda\/?p=58197"},"modified":"2017-07-18T22:06:12","modified_gmt":"2017-07-18T20:06:12","slug":"contelles-la-diputacion-se-niega-a-financiar-la-sustitucion-del-amianto-que-rosa-perez-defendio-en-2014","status":"publish","type":"post","link":"https:\/\/www.tucomarca.com\/wordpress\/segunda\/contelles-la-diputacion-se-niega-a-financiar-la-sustitucion-del-amianto-que-rosa-perez-defendio-en-2014\/","title":{"rendered":"Contelles: \u00abla Diputaci\u00f3n se niega a financiar la sustituci\u00f3n del amianto que Rosa P\u00e9rez defendi\u00f3 en 2014\u00bb"},"content":{"rendered":"<p>\u00abEl equipo de gobierno comandado por Jorge Rodr\u00edguez ha votado en contra de la moci\u00f3n presentada por el Grupo Popular de la Diputaci\u00f3n de Valencia para que se realice un exhaustivo estudio e inventario de las instalaciones p\u00fablicas municipales que a\u00fan contienen amianto y la corporaci\u00f3n provincial ponga en marcha un plan econ\u00f3mico dirigido a los ayuntamientos para proceder a su sustituci\u00f3n. Una moci\u00f3n que ha contado adem\u00e1s con una proposici\u00f3n de adici\u00f3n por parte de la diputada de Ciudadanos, que tambi\u00e9n ha votado a favor\u00bb, tal como han informado desde el Partido Popular.<\/p>\n<p>Los populares han querido resaltar \u00abla postura de la vicepresidenta cuarta, Rosa P\u00e9rez, que hoy ha seguido a pie juntillas la disciplina de voto y ha votado en contra de una iniciativa que ella misma defendi\u00f3 en la Diputaci\u00f3n en 2014\u00bb.<\/p>\n<p>La portavoz del Partido Popular en la Diputaci\u00f3n de Valencia, Mari Carmen Contelles, ha \u00ablamentado la postura del equipo de gobierno que ha calificado de instalada en la negativa constante y sin argumentos a las propuestas del Partido Popular. Frente a esto nosotros vamos a mantener nuestra oposici\u00f3n propositiva y centrada en mejorar la vida de los vecinos de la provincia\u201d<\/p>\n<p>Para Contelles \u201cel pleno ha puesto de manifiesto de nuevo la incoherencia de un cuatripartito que cuando propone algo la oposici\u00f3n se escuda en competencias impropias para negarse en ponerlas en marcha mientras no duda en financiar iniciativas como la Xarxa Llibres o la Primavera Educativa para plegarse a las exigencias Consell\u201d.<\/p>\n<p>\u201cResulta chocante que la Diputaci\u00f3n acabe de financiar con siete millones de euros que se cambien puertas y ventanas de los colegios \u00a0por orden del conseller Marz\u00e0 y se niegue a financiar un plan para retirar el amianto de edificios municipales y ayude a los ayuntamientos a cumplir con la normativa europea por un motivo de salud p\u00fablica\u201d, ha subrayado Contelles.<\/p>\n<p>Seg\u00fan la portavoz \u201cpese a la negativa de Jorge Rodr\u00edguez y sus socios, nos reafirmamos en la necesidad y la urgencia de respaldar a los municipios en la tarea de eliminar de las instalaciones municipales este material que se ha demostrado que es perjudicial para la salud y que desde 2002 est\u00e1 prohibido por este motivo\u201d.<\/p>\n<p><b>Desprecio a la oposici\u00f3n<\/b><\/p>\n<p>Tras el pleno, Contelles ha querido destacar\u00a0\u201ccomo grupo mayoritario de la Diputaci\u00f3n queremos denunciar el desprecio absoluto a nuestra labor de oposici\u00f3n, que m\u00e1s all\u00e1 de tumbar cualquier propuesta de nuestro grupo, se traduce en comportamientos como el que hemos vivido hoy, donde han propuesto mediante moci\u00f3n urgente una modificaci\u00f3n presupuestaria de 9 millones de euros apenas 40 minutos antes de iniciar la sesi\u00f3n plenaria\u201d.<\/p>\n<p>Tal como han manifestado desde el grupo popular en el pleno, \u201cla falta de seriedad y rigurosidad del equipo de gobierno cada d\u00eda es m\u00e1s patente, \u00a0as\u00ed como el desprecio que muestran al trabajo de la oposici\u00f3n y una preocupante tendencia a huir de la fiscalizaci\u00f3n\u201d.<\/p>\n","protected":false},"excerpt":{"rendered":"<div class=\"mh-excerpt\">\u00abEl equipo de gobierno comandado por Jorge Rodr\u00edguez ha votado en contra de la moci\u00f3n presentada por el Grupo Popular de la Diputaci\u00f3n de Valencia para que se realice un exhaustivo estudio e inventario de <a class=\"mh-excerpt-more\" href=\"https:\/\/www.tucomarca.com\/wordpress\/segunda\/contelles-la-diputacion-se-niega-a-financiar-la-sustitucion-del-amianto-que-rosa-perez-defendio-en-2014\/\" title=\"Contelles: \u00abla Diputaci\u00f3n se niega a financiar la sustituci\u00f3n del amianto que Rosa P\u00e9rez defendi\u00f3 en 2014\u00bb\">[+] <\/a><\/div>\n","protected":false},"author":1,"featured_media":0,"comment_status":"open","ping_status":"open","sticky":false,"template":"","format":"standard","meta":{"footnotes":""},"categories":[8,72,142,3],"tags":[63],"class_list":{"0":"post-58197","1":"post","2":"type-post","3":"status-publish","4":"format-standard","6":"category-la-comarca","7":"category-sin-categorizar","8":"category-politica-la-comarca","9":"category-seccion","10":"tag-pp"},"_links":{"self":[{"href":"https:\/\/www.tucomarca.com\/wordpress\/segunda\/wp-json\/wp\/v2\/posts\/58197","targetHints":{"allow":["GET"]}}],"collection":[{"href":"https:\/\/www.tucomarca.com\/wordpress\/segunda\/wp-json\/wp\/v2\/posts"}],"about":[{"href":"https:\/\/www.tucomarca.com\/wordpress\/segunda\/wp-json\/wp\/v2\/types\/post"}],"author":[{"embeddable":true,"href":"https:\/\/www.tucomarca.com\/wordpress\/segunda\/wp-json\/wp\/v2\/users\/1"}],"replies":[{"embeddable":true,"href":"https:\/\/www.tucomarca.com\/wordpress\/segunda\/wp-json\/wp\/v2\/comments?post=58197"}],"version-history":[{"count":0,"href":"https:\/\/www.tucomarca.com\/wordpress\/segunda\/wp-json\/wp\/v2\/posts\/58197\/revisions"}],"wp:attachment":[{"href":"https:\/\/www.tucomarca.com\/wordpress\/segunda\/wp-json\/wp\/v2\/media?parent=58197"}],"wp:term":[{"taxonomy":"category","embeddable":true,"href":"https:\/\/www.tucomarca.com\/wordpress\/segunda\/wp-json\/wp\/v2\/categories?post=58197"},{"taxonomy":"post_tag","embeddable":true,"href":"https:\/\/www.tucomarca.com\/wordpress\/segunda\/wp-json\/wp\/v2\/tags?post=58197"}],"curies":[{"name":"wp","href":"https:\/\/api.w.org\/{rel}","templated":true}]}}