{"id":58206,"date":"2017-07-19T17:23:26","date_gmt":"2017-07-19T15:23:26","guid":{"rendered":"http:\/\/www.tucomarca.com\/wordpress\/segunda\/?p=58206"},"modified":"2017-07-19T17:23:26","modified_gmt":"2017-07-19T15:23:26","slug":"la-pobla-construira-un-nou-parquing-de-80-places","status":"publish","type":"post","link":"https:\/\/www.tucomarca.com\/wordpress\/segunda\/la-pobla-construira-un-nou-parquing-de-80-places\/","title":{"rendered":"La Pobla construir\u00e0 un nou p\u00e0rquing de 80 places"},"content":{"rendered":"<figure id=\"attachment_58207\" aria-describedby=\"caption-attachment-58207\" style=\"width: 1024px\" class=\"wp-caption alignleft\"><a href=\"https:\/\/www.tucomarca.com\/wordpress\/segunda\/wp-content\/uploads\/2017\/07\/LaPoblaaparcament.jpg\"><img loading=\"lazy\" decoding=\"async\" class=\"size-large wp-image-58207\" src=\"https:\/\/www.tucomarca.com\/wordpress\/segunda\/wp-content\/uploads\/2017\/07\/LaPoblaaparcament-1024x683.jpg\" alt=\"L\u2019Ajuntament est\u00e0 executant en la zona educativa obres d\u2019ampliaci\u00f3 de voreres per augmentar la seguretat, el que ha suposat l\u2019eliminaci\u00f3 d\u2019algunes places d\u2019aparcament.\" width=\"1024\" height=\"683\" srcset=\"https:\/\/www.tucomarca.com\/wordpress\/segunda\/wp-content\/uploads\/2017\/07\/LaPoblaaparcament-1024x683.jpg 1024w, https:\/\/www.tucomarca.com\/wordpress\/segunda\/wp-content\/uploads\/2017\/07\/LaPoblaaparcament-300x200.jpg 300w, https:\/\/www.tucomarca.com\/wordpress\/segunda\/wp-content\/uploads\/2017\/07\/LaPoblaaparcament-768x512.jpg 768w\" sizes=\"auto, (max-width: 1024px) 100vw, 1024px\" \/><\/a><figcaption id=\"caption-attachment-58207\" class=\"wp-caption-text\">L\u2019Ajuntament est\u00e0 executant en la zona educativa obres d\u2019ampliaci\u00f3 de voreres per augmentar la seguretat, el que ha suposat l\u2019eliminaci\u00f3 d\u2019algunes places d\u2019aparcament.<\/figcaption><\/figure>\n<p>L\u2019Ajuntament de la Pobla de Vallbona construir\u00e0 un nou aparcament gratu\u00eft en el nucli urb\u00e0 del municipi. El p\u00e0rquing ocupar\u00e0 una superf\u00edcie de 1.600 metres quadrats i donar\u00e0 cabuda a prop de 80 vehicles. El solar ha estat cedit per una ve\u00efna de la Pobla per un per\u00edode de 7 anys en qu\u00e8 es podran fer inversions d\u2019obres reversibles.<\/p>\n<p>El projecte preveu anivellar el terreny i compactar el s\u00f2l per fer-lo accessible a vehicles i vianants. A m\u00e9s es delimitar\u00e0 la zona perimetral i es marcaran les places d\u2019aparcament. Tamb\u00e9 s\u2019instal\u00b7lar\u00e0 enllumenat p\u00fablic per a augmentar la seguretat dels usuaris i els vehicles durant la nit.<\/p>\n<p>L\u2019Ajuntament est\u00e0 executant en la zona educativa obres d\u2019ampliaci\u00f3 de voreres per augmentar la seguretat, el que ha suposat l\u2019eliminaci\u00f3 d\u2019algunes places d\u2019aparcament. Amb este nou p\u00e0rquing, s\u2019amplia de manera considerable l\u2019oferta de places en una zona del municipi on es troba un centre educatiu i una zona comercial i d\u2019oci.<\/p>\n<p>Es tracta del segon p\u00e0rquing que l\u2019ajuntament construix en el darrer any. A finals de 2016 s\u2019obria al p\u00fablic l\u2019aparcament del carrer Poeta Llorente, la principal zona comercial del municipi i que ha servit per descongestionar una zona tradicionalment complicada per a l\u2019aparcament. A m\u00e9s, l\u2019Ajuntament t\u00e9 previst condicionar l\u2019aparcament de vehicles que actualment es troba en l\u2019Avinguda del Mas de Tous i que d\u00f3na servici a una de les zones comercials del municipi.<\/p>\n<p>L\u2019alcalde de la Pobla, Josep Vicent Garcia, ha destacat l\u2019esfor\u00e7 que en l\u2019actual legislatura est\u00e0 fent l\u2019equip de govern per solucionar la falta de places d\u2019aparcament que arrossega el municipi. \u00abNecessitem crear espais m\u00e9s agradables per als vianants, amb voreres m\u00e9s amplies i fer-ho compatible amb la necessitat dels ve\u00efns d\u2019aparcar el seu cotxe\u00bb, ha assenyalat l\u2019alcalde. Garcia afirma que davant la falta de terrenys p\u00fablics, \u00abl\u2019Ajuntament est\u00e0 negociant amb propietaris particulars per aconseguir la cessi\u00f3 de terrenys que permeten construir aparcaments dins el nucli urb\u00e0\u00bb. En este sentit, l\u2019alcalde s\u2019ha mostrat satisfet de la predisposici\u00f3 dels propietaris en la cessi\u00f3 dels terrenys i ha posat de relleu que en l\u2019actual legislatura s\u2019han creat 140 places d\u2019aparcament en les zones comercials i educatives del municipi.<\/p>\n","protected":false},"excerpt":{"rendered":"<div class=\"mh-excerpt\">L\u2019Ajuntament de la Pobla de Vallbona construir\u00e0 un nou aparcament gratu\u00eft en el nucli urb\u00e0 del municipi. El p\u00e0rquing ocupar\u00e0 una superf\u00edcie de 1.600 metres quadrats i donar\u00e0 cabuda a prop de 80 vehicles. El <a class=\"mh-excerpt-more\" href=\"https:\/\/www.tucomarca.com\/wordpress\/segunda\/la-pobla-construira-un-nou-parquing-de-80-places\/\" title=\"La Pobla construir\u00e0 un nou p\u00e0rquing de 80 places\">[+] <\/a><\/div>\n","protected":false},"author":1,"featured_media":58207,"comment_status":"open","ping_status":"open","sticky":false,"template":"","format":"standard","meta":{"footnotes":""},"categories":[46,128,8,174,142,3,45],"tags":[10395,10430],"class_list":{"0":"post-58206","1":"post","2":"type-post","3":"status-publish","4":"format-standard","5":"has-post-thumbnail","7":"category-camp-de-turia","8":"category-infraestructuras","9":"category-la-comarca","10":"category-la-pobla","11":"category-politica-la-comarca","12":"category-seccion","13":"category-ventana","14":"tag-camp-de-turia","15":"tag-la-pobla"},"_links":{"self":[{"href":"https:\/\/www.tucomarca.com\/wordpress\/segunda\/wp-json\/wp\/v2\/posts\/58206","targetHints":{"allow":["GET"]}}],"collection":[{"href":"https:\/\/www.tucomarca.com\/wordpress\/segunda\/wp-json\/wp\/v2\/posts"}],"about":[{"href":"https:\/\/www.tucomarca.com\/wordpress\/segunda\/wp-json\/wp\/v2\/types\/post"}],"author":[{"embeddable":true,"href":"https:\/\/www.tucomarca.com\/wordpress\/segunda\/wp-json\/wp\/v2\/users\/1"}],"replies":[{"embeddable":true,"href":"https:\/\/www.tucomarca.com\/wordpress\/segunda\/wp-json\/wp\/v2\/comments?post=58206"}],"version-history":[{"count":0,"href":"https:\/\/www.tucomarca.com\/wordpress\/segunda\/wp-json\/wp\/v2\/posts\/58206\/revisions"}],"wp:featuredmedia":[{"embeddable":true,"href":"https:\/\/www.tucomarca.com\/wordpress\/segunda\/wp-json\/wp\/v2\/media\/58207"}],"wp:attachment":[{"href":"https:\/\/www.tucomarca.com\/wordpress\/segunda\/wp-json\/wp\/v2\/media?parent=58206"}],"wp:term":[{"taxonomy":"category","embeddable":true,"href":"https:\/\/www.tucomarca.com\/wordpress\/segunda\/wp-json\/wp\/v2\/categories?post=58206"},{"taxonomy":"post_tag","embeddable":true,"href":"https:\/\/www.tucomarca.com\/wordpress\/segunda\/wp-json\/wp\/v2\/tags?post=58206"}],"curies":[{"name":"wp","href":"https:\/\/api.w.org\/{rel}","templated":true}]}}