{"id":58264,"date":"2017-07-22T14:23:54","date_gmt":"2017-07-22T12:23:54","guid":{"rendered":"http:\/\/www.tucomarca.com\/wordpress\/segunda\/?p=58264"},"modified":"2017-07-22T14:23:54","modified_gmt":"2017-07-22T12:23:54","slug":"lopera-de-les-arts-volant-sacosta-al-raco-dademus","status":"publish","type":"post","link":"https:\/\/www.tucomarca.com\/wordpress\/segunda\/lopera-de-les-arts-volant-sacosta-al-raco-dademus\/","title":{"rendered":"L\u2019\u00f2pera de Les Arts Volant s\u2019acosta al Rac\u00f3 d\u2019Adem\u00fas"},"content":{"rendered":"<figure id=\"attachment_58265\" aria-describedby=\"caption-attachment-58265\" style=\"width: 1024px\" class=\"wp-caption alignleft\"><a href=\"https:\/\/www.tucomarca.com\/wordpress\/segunda\/wp-content\/uploads\/2017\/07\/XavierRiusCastielfabib.jpg\"><img loading=\"lazy\" decoding=\"async\" class=\"size-large wp-image-58265\" src=\"https:\/\/www.tucomarca.com\/wordpress\/segunda\/wp-content\/uploads\/2017\/07\/XavierRiusCastielfabib-1024x779.jpg\" alt=\"Xavier Rius amb l'alcalde de Castielfabib, Eduardo Aguilar.\" width=\"1024\" height=\"779\" srcset=\"https:\/\/www.tucomarca.com\/wordpress\/segunda\/wp-content\/uploads\/2017\/07\/XavierRiusCastielfabib-1024x779.jpg 1024w, https:\/\/www.tucomarca.com\/wordpress\/segunda\/wp-content\/uploads\/2017\/07\/XavierRiusCastielfabib-300x228.jpg 300w, https:\/\/www.tucomarca.com\/wordpress\/segunda\/wp-content\/uploads\/2017\/07\/XavierRiusCastielfabib-768x584.jpg 768w, https:\/\/www.tucomarca.com\/wordpress\/segunda\/wp-content\/uploads\/2017\/07\/XavierRiusCastielfabib.jpg 1132w\" sizes=\"auto, (max-width: 1024px) 100vw, 1024px\" \/><\/a><figcaption id=\"caption-attachment-58265\" class=\"wp-caption-text\">Xavier Rius amb l&#8217;alcalde de Castielfabib, Eduardo Aguilar.<\/figcaption><\/figure>\n<p>Despr\u00e9s de visitar les localitats de C\u00e0rcer, Benaguasil, Montaverner, Guardamar de La Safor i Albuixech, el \u2018cami\u00f3-escenari\u2019 del programa<em>Les Arts Volant<\/em>\u00a0viatja dissabte fins el Poliesportiu Municipal de Castielfabib, a la comarca del Rac\u00f3 d\u2019Adem\u00fas. Una vegada ultrapassat l\u2019equador de la gira, i amb un bon rodatge, el cami\u00f3 de l\u2019\u00f2pera port\u00e0til s\u2019endinsa cap a l\u2019interior de terres valencianes. El diputat de Cultura far\u00e0 acte de pres\u00e8ncia per tal de recolzar i visibilitzar les accions culturals m\u00e9s allunyades de la capital auton\u00f2mica i centrades en els municipis m\u00e9s menuts.<\/p>\n<p>Segons Rius, \u00abels pobles de l\u2019interior han tingut poca atenci\u00f3 cultural durant molts anys, i confiem en qu\u00e8 aquesta situaci\u00f3 comence a revertir-se\u00bb, ja que \u00abla salvaguarda del patrimoni cultural ha de dur aparellades accions concretes de revitalitzaci\u00f3 territorial, com aquesta\u00bb.<\/p>\n<p>Aquest projecte persegueix fer visible \u2013i itinerant a la seua vegada\u2013 el fascinant m\u00f3n de l&#8217;\u00f2pera, a m\u00e9s de tractar de projectar sobre les comarques valencianes de l\u2019interior una activitat pr\u00f2pia de les grans ciutats.<\/p>\n<p>L&#8217;\u00f2pera &#8216;Basti\u00e0 i Bastiana&#8217;, de Mozart gira per diferents municipis i barris valencians gr\u00e0cies al conveni de col\u00b7laboraci\u00f3 establert entre l&#8217;\u00c0rea de Cultura de la Diputaci\u00f3 de Val\u00e8ncia i el Palau de Les Arts Reina Sof\u00eda.<\/p>\n<p>En eixe sentit, el conveni subscrit permet apropar-se a Castielfabib, per\u00f2 tamb\u00e9 a altres localitats menudes, activitats abans dif\u00edcil de presenciar. En aquest sentit, \u00ab<em>Les Arts Volant<\/em>\u00a0representa la materialitzaci\u00f3 d\u2019un somni i d\u2019una il\u00b7lusi\u00f3, com \u00e9s la d\u2019oferir productes de molta qualitat i intentar amb ells configurar un nou ecosistema cultural\u00bb, ha explicat el diputat. Rius s\u2019ha mostrat conven\u00e7ut de que aquest ser\u00e0 un projecte \u00abque pel seu gran valor tindr\u00e0 continu\u00eftat al llarg dels propers anys\u00bb. Tamb\u00e9 ha remarcat que \u00abestem treballant altre tipus d\u2019accions per a revitalitzar culturalment l\u2019interior des d\u2019\u00e0mbits com l\u2019arqueologia o les arts pl\u00e0stiques\u00bb.<\/p>\n<p><strong>L\u2019obra i la gira<\/strong><\/p>\n<p>El t\u00edtol escollit per a aquesta primera edici\u00f3 \u00e9s una de les obres m\u00e9s emotives i interessants de Wolfgang Amadeus Mozart, que el geni de Salzburg va compondre quan nom\u00e9s tenia dotze anys: &#8216;Basti\u00e0 i Bastiana&#8217;, un &#8216;singspiel&#8217; en un \u00fanic acte i d\u2019una hora aproximada de durada. L&#8217;Intendent Davide Livermore \u00e9s el director d&#8217;escena de la producci\u00f3 realitzada pel personal t\u00e8cnic de Les Arts.<\/p>\n<p>El llibret, basat en &#8216;Les amours de Bastien et Bastienne&#8217;, de Favart i Harny de Guerville, narra la hist\u00f2ria d&#8217;amor entre dos joves que transcorre en un humil llogaret de pastors. Tots dos estan enamorats l&#8217;un de l&#8217;altre, per\u00f2 la inseguretat els far\u00e0 rec\u00f3rrer \u2013cadascun pel seu compte\u2013 al bruixot Colau per que amb els seus poders m\u00e0gics provoque que ambd\u00f3s tornen a sentir atracci\u00f3. Bastiana provocar\u00e0 la gelosia de Basti\u00e0, fent-li creure que est\u00e0 enamorada d&#8217;un altre jove, i ell intentar\u00e0 atreure la seua atenci\u00f3 amena\u00e7ant amb su\u00efcidar-se. Al final hi haur\u00e0 reconciliaci\u00f3 i preparatius de noces.<\/p>\n<p>Els cantants del Centre Pl\u00e1cido Domingo protagonitzen aquesta obra que s&#8217;interpreta amb acompanyament de piano i sobre un &#8216;cami\u00f3-escenari&#8217; que cont\u00e9 tot el material necessari per dur a terme l&#8217;espectacle: decorats, il\u00b7luminaci\u00f3 i so.<\/p>\n<p>Despr\u00e9s de Castielfabib, el muntatge visitar\u00e0 aquest proper diumenge Albalat dels Tarongers. La gira es reprendr\u00e0 al mes de setembre per altres tres municipis valencians, com s\u00f3n Sueca, Picanya i Alginet.<\/p>\n<p>Inspirada en la companyia de teatre &#8216;La Barraca&#8217;, de Federico Garc\u00eda Lorca, que va representar obres de teatre cl\u00e0ssic espanyol a m\u00e9s de 70 pobles al comen\u00e7ament dels anys 30, Les Arts ha creat la seua pr\u00f2pia companyia itinerant que ve recorrent en un gran cami\u00f3 adaptat per transformar-se en un escenari m\u00f2bil capa\u00e7 d&#8217;acollir una funci\u00f3 d&#8217;\u00f2pera en directe.<\/p>\n","protected":false},"excerpt":{"rendered":"<div class=\"mh-excerpt\">Despr\u00e9s de visitar les localitats de C\u00e0rcer, Benaguasil, Montaverner, Guardamar de La Safor i Albuixech, el \u2018cami\u00f3-escenari\u2019 del programaLes Arts Volant\u00a0viatja dissabte fins el Poliesportiu Municipal de Castielfabib, a la comarca del Rac\u00f3 d\u2019Adem\u00fas. Una <a class=\"mh-excerpt-more\" href=\"https:\/\/www.tucomarca.com\/wordpress\/segunda\/lopera-de-les-arts-volant-sacosta-al-raco-dademus\/\" title=\"L\u2019\u00f2pera de Les Arts Volant s\u2019acosta al Rac\u00f3 d\u2019Adem\u00fas\">[+] <\/a><\/div>\n","protected":false},"author":1,"featured_media":58265,"comment_status":"open","ping_status":"open","sticky":false,"template":"","format":"standard","meta":{"footnotes":""},"categories":[49,66,226,72,7,3,45],"tags":[],"class_list":{"0":"post-58264","1":"post","2":"type-post","3":"status-publish","4":"format-standard","5":"has-post-thumbnail","7":"category-ademuz","8":"category-musica","9":"category-castielfabib","10":"category-sin-categorizar","11":"category-ocio-y-cultura","12":"category-seccion","13":"category-ventana"},"_links":{"self":[{"href":"https:\/\/www.tucomarca.com\/wordpress\/segunda\/wp-json\/wp\/v2\/posts\/58264","targetHints":{"allow":["GET"]}}],"collection":[{"href":"https:\/\/www.tucomarca.com\/wordpress\/segunda\/wp-json\/wp\/v2\/posts"}],"about":[{"href":"https:\/\/www.tucomarca.com\/wordpress\/segunda\/wp-json\/wp\/v2\/types\/post"}],"author":[{"embeddable":true,"href":"https:\/\/www.tucomarca.com\/wordpress\/segunda\/wp-json\/wp\/v2\/users\/1"}],"replies":[{"embeddable":true,"href":"https:\/\/www.tucomarca.com\/wordpress\/segunda\/wp-json\/wp\/v2\/comments?post=58264"}],"version-history":[{"count":0,"href":"https:\/\/www.tucomarca.com\/wordpress\/segunda\/wp-json\/wp\/v2\/posts\/58264\/revisions"}],"wp:featuredmedia":[{"embeddable":true,"href":"https:\/\/www.tucomarca.com\/wordpress\/segunda\/wp-json\/wp\/v2\/media\/58265"}],"wp:attachment":[{"href":"https:\/\/www.tucomarca.com\/wordpress\/segunda\/wp-json\/wp\/v2\/media?parent=58264"}],"wp:term":[{"taxonomy":"category","embeddable":true,"href":"https:\/\/www.tucomarca.com\/wordpress\/segunda\/wp-json\/wp\/v2\/categories?post=58264"},{"taxonomy":"post_tag","embeddable":true,"href":"https:\/\/www.tucomarca.com\/wordpress\/segunda\/wp-json\/wp\/v2\/tags?post=58264"}],"curies":[{"name":"wp","href":"https:\/\/api.w.org\/{rel}","templated":true}]}}