{"id":58267,"date":"2017-07-22T14:21:21","date_gmt":"2017-07-22T12:21:21","guid":{"rendered":"http:\/\/www.tucomarca.com\/wordpress\/segunda\/?p=58267"},"modified":"2017-07-22T14:21:21","modified_gmt":"2017-07-22T12:21:21","slug":"el-hospital-de-manises-financia-tres-proyectos-de-investigacion-sobre-cancer-e-hidradenitis-supurativa","status":"publish","type":"post","link":"https:\/\/www.tucomarca.com\/wordpress\/segunda\/el-hospital-de-manises-financia-tres-proyectos-de-investigacion-sobre-cancer-e-hidradenitis-supurativa\/","title":{"rendered":"El Hospital de Manises financia tres proyectos de investigaci\u00f3n sobre c\u00e1ncer e Hidradenitis supurativa"},"content":{"rendered":"<figure id=\"attachment_58268\" aria-describedby=\"caption-attachment-58268\" style=\"width: 1024px\" class=\"wp-caption alignleft\"><a href=\"https:\/\/www.tucomarca.com\/wordpress\/segunda\/wp-content\/uploads\/2017\/07\/InvestigadoresHOSPITAL.jpg\"><img loading=\"lazy\" decoding=\"async\" class=\"size-large wp-image-58268\" src=\"https:\/\/www.tucomarca.com\/wordpress\/segunda\/wp-content\/uploads\/2017\/07\/InvestigadoresHOSPITAL-1024x537.jpg\" alt=\"El doctor Antonio Martorell, dermat\u00f3logo; M\u00aa Isabel Pic\u00f3n, jefa de Servicio de Hematolog\u00eda y el doctor Jos\u00e9 Galvis cirujano tor\u00e1cico, los tres directores de las investigaciones del Hospital de Manises.\" width=\"1024\" height=\"537\" srcset=\"https:\/\/www.tucomarca.com\/wordpress\/segunda\/wp-content\/uploads\/2017\/07\/InvestigadoresHOSPITAL-1024x537.jpg 1024w, https:\/\/www.tucomarca.com\/wordpress\/segunda\/wp-content\/uploads\/2017\/07\/InvestigadoresHOSPITAL-300x157.jpg 300w, https:\/\/www.tucomarca.com\/wordpress\/segunda\/wp-content\/uploads\/2017\/07\/InvestigadoresHOSPITAL-768x402.jpg 768w\" sizes=\"auto, (max-width: 1024px) 100vw, 1024px\" \/><\/a><figcaption id=\"caption-attachment-58268\" class=\"wp-caption-text\">El doctor Antonio Martorell, dermat\u00f3logo; M\u00aa Isabel Pic\u00f3n, jefa de Servicio de Hematolog\u00eda y el doctor Jos\u00e9 Galvis cirujano tor\u00e1cico, los tres directores de las investigaciones del Hospital de Manises.<\/figcaption><\/figure>\n<p>El Hospital de Manises contin\u00faa impulsando su faceta investigadora a trav\u00e9s de su segunda edici\u00f3n de ayudas a la investigaci\u00f3n para grupo emergentes, apoyando la puesta en marcha de tres nuevas investigaciones centradas en patolog\u00edas como el c\u00e1ncer y la hidradenitis supurativa. Estos nuevos proyectos de investigaci\u00f3n, que llevar\u00e1n a cabo especialistas m\u00e9dicos de Manises, fueron seleccionados de entre 10 propuestas y se desarrollar\u00e1n gracias al apoyo del Instituto de Investigaci\u00f3n Sanitaria La Fe (ISS La Fe), con el que el centro hospitalario tiene firmado un convenio de colaboraci\u00f3n para impulsar su labor investigadora.<\/p>\n<p>&nbsp;<\/p>\n<p><strong>Proyectos seleccionados<\/strong><\/p>\n<p>&nbsp;<\/p>\n<p>En concreto, los tres proyectos del Hospital de Manises apoyados por el IIS La Fe son\u00a0<em>Caracterizaci\u00f3n del epigenoma de la Hidradenitis supurativa y b\u00fasqueda de biomarcadores con valor pron\u00f3stico<\/em>;\u00a0<em>An\u00e1lisis molecular de las v\u00edas de control inmunol\u00f3gico en el tumor primario de pacientes con carcinoma broncopulmonar<\/em>; y\u00a0<em>Presencia de receptores de Vitamina D en biopsia y su correlaci\u00f3n cl\u00ednico-patol\u00f3gica en Linfomas No-Hodgkin<\/em>. Hay que recordar que la Hidradenitis Supurativa es una patolog\u00eda poco conocida que afecta a medio mill\u00f3n de personas. Se trata de una enfermedad cr\u00f3nica que afecta a la piel y que en ocasiones se relaciona con otras enfermedades autoinflamatorias m\u00e1s conocidas como la psoriasis y la Enfermedad Inflamatoria Intestinal (EII). No en vano, el Hospital de Manises es un referente en todo este tipo de patolog\u00edas, pues cuenta con una Unidad de Referencia en EII a nivel nacional y con uno de los especialistas m\u00e1s destacados a nivel nacional e internacional en hidradenitis, el doctor Antonio Martorell, del Servicio de Dermatolog\u00eda.<\/p>\n<p>&nbsp;<\/p>\n<p>En cuanto a las investigaciones relacionadas con el c\u00e1ncer, est\u00e1n centradas en dos tipos de procesos. Por un lado, el c\u00e1ncer de pulm\u00f3n, una de las\u00a0<a href=\"https:\/\/es.wikipedia.org\/wiki\/Enfermedad\">enfermedades<\/a>\u00a0m\u00e1s graves y uno de los\u00a0<a href=\"https:\/\/es.wikipedia.org\/wiki\/C%C3%A1ncer\">c\u00e1nceres<\/a>\u00a0con mayor\u00a0<a href=\"https:\/\/es.wikipedia.org\/wiki\/Incidencia\">incidencia<\/a>\u00a0responsable de los mayores\u00a0<a href=\"https:\/\/es.wikipedia.org\/wiki\/%C3%8Dndice_de_mortalidad\">\u00edndices de mortalidad<\/a>\u00a0oncol\u00f3gica a escala mundial. Por su parte, el \u00e1rea de Hematolog\u00eda profundizar\u00e1 en el linfoma No Hodgkin, un c\u00e1ncer que se origina en los gl\u00f3bulos blancos o linfocitos que forman parte del sistema inmunitario del cuerpo.<\/p>\n<p>&nbsp;<\/p>\n<p><strong>Apuesta por la investigaci\u00f3n<\/strong><\/p>\n<p>&nbsp;<\/p>\n<p>Desde su creaci\u00f3n el Hospital de Manises ha reconocido la importancia de desarrollar una labor investigadora para incorporar nuevas f\u00f3rmulas con las que mejorar los procesos m\u00e9dicos y quir\u00fargicos. Para ello mantiene un acuerdo con el IIS La Fe con el objetivo de aunar sinergias y compartir recursos y herramientas de trabajo. \u201cLa colaboraci\u00f3n con el IIS de la Fe es un ejemplo y un referente de la actividad sanitaria porque permite potenciar la relaci\u00f3n entre los diferentes centros en materia investigadora\u201d.<\/p>\n<p>&nbsp;<\/p>\n<p>De este modo, los investigadores del Hospital de Manises pueden vincularse a grupos acreditados del IIS La Fe y desarrollar proyectos y estudios, bien de manera singularizada o en colaboraci\u00f3n con este centro. As\u00ed, se posibilita que el personal de ambas instituciones pueda participar de manera conjunta en l\u00edneas de investigaci\u00f3n, redes de excelencia e instrumentos similares en proyectos de inter\u00e9s para ambos organismos y para el conjunto de la sociedad. En los \u00faltimos a\u00f1os, el Hospital de Manises y la IIS La Fe ha participado en seis iniciativas de \u00e1mbito cient\u00edfico relacionadas con temas sanitarios que han propiciado mejorar la calidad asistencial a enfermos y profundizar en la b\u00fasqueda de soluciones innovadoras.<\/p>\n<p>&nbsp;<\/p>\n<p>La t\u00e9cnico de la Unidad de Investigaci\u00f3n Cl\u00ednica del Hospital de Manises, Vanesa Carretero, se\u00f1ala que \u201cel Hospital est\u00e1 apostando por llevar a cabo proyectos de investigaci\u00f3n dirigidos a mejorar la calidad de vida de los pacientes y profundizar en la b\u00fasqueda de soluciones \u00f3ptimas para combatir las principales enfermedades que tienen que ver con el d\u00eda a d\u00eda de las personas. Un buen ejemplo de ello son estos tres proyectos cuyas conclusiones se pueden extrapolar al resto de centros hospitalarios de la Comunidad Valenciana\u201d, apunta Carretero.<\/p>\n<p>&nbsp;<\/p>\n<p><strong>Proyectos enfocados a mejorar la calidad asistencial<\/strong><\/p>\n<p>&nbsp;<\/p>\n<p>El proyecto\u00a0<em>Caracterizaci\u00f3n del epigenoma de la Hidradenitis Supurativa y b\u00fasqueda de biomarcadores con valor pron\u00f3stico,\u00a0<\/em>que est\u00e1 dirigido por el doctor Antonio Martorell del servicio de Dermatolog\u00eda, tiene como objetivo identificar nuevas dianas y validar nuevos marcadores de pron\u00f3stico que permitan una mejor caracterizaci\u00f3n de los pacientes con Hidradenitis Supurativa. Adem\u00e1s, se pretende que estas dianas puedan ser aplicadas en la cl\u00ednica.<\/p>\n<p>&nbsp;<\/p>\n<p>El proyecto\u00a0<em>An\u00e1lisis molecular de las v\u00edas de control inmunol\u00f3gico en el tumor primario de pacientes con carcinoma broncopulmonar<\/em>\u00a0est\u00e1 dirigido por el doctor Jos\u00e9 Marcelo Galbis del servicio de Cirug\u00eda Tor\u00e1cica plantea una caracterizaci\u00f3n inmunol\u00f3gica del tejido tumoral de pacientes con c\u00e1ncer de pulm\u00f3n no microc\u00edtico. Los resultados ser\u00e1n utilizados para obtener biomarcadores inmunol\u00f3gicos que permitan anticipar la evoluci\u00f3n del tumor y su pron\u00f3stico.<\/p>\n<p>&nbsp;<\/p>\n<p>El proyecto\u00a0<em>Presencia de receptores de vitamina D en biopsia y su correlaci\u00f3n clinicopatol\u00f3gica en Linfomas No-Hodking<\/em>\u00a0dirigido por la doctora Isabel Pic\u00f3n, jefa del servicio de Hematolog\u00eda, plantea que una alta expresi\u00f3n de receptores de la vitamina D en biopsia ganglionar se puede utilizar como indicador de supervivencia global y supervivencia libre de eventos en pacientes con diagn\u00f3stico de Linfoma No-Hodking.<\/p>\n","protected":false},"excerpt":{"rendered":"<div class=\"mh-excerpt\">El Hospital de Manises contin\u00faa impulsando su faceta investigadora a trav\u00e9s de su segunda edici\u00f3n de ayudas a la investigaci\u00f3n para grupo emergentes, apoyando la puesta en marcha de tres nuevas investigaciones centradas en patolog\u00edas <a class=\"mh-excerpt-more\" href=\"https:\/\/www.tucomarca.com\/wordpress\/segunda\/el-hospital-de-manises-financia-tres-proyectos-de-investigacion-sobre-cancer-e-hidradenitis-supurativa\/\" title=\"El Hospital de Manises financia tres proyectos de investigaci\u00f3n sobre c\u00e1ncer e Hidradenitis supurativa\">[+] <\/a><\/div>\n","protected":false},"author":1,"featured_media":58268,"comment_status":"open","ping_status":"open","sticky":false,"template":"","format":"standard","meta":{"footnotes":""},"categories":[119,8,72,10,3,45],"tags":[136],"class_list":{"0":"post-58267","1":"post","2":"type-post","3":"status-publish","4":"format-standard","5":"has-post-thumbnail","7":"category-sanidad-la-comarca","8":"category-la-comarca","9":"category-sin-categorizar","10":"category-la-hoya","11":"category-seccion","12":"category-ventana","13":"tag-hospital-de-manises"},"_links":{"self":[{"href":"https:\/\/www.tucomarca.com\/wordpress\/segunda\/wp-json\/wp\/v2\/posts\/58267","targetHints":{"allow":["GET"]}}],"collection":[{"href":"https:\/\/www.tucomarca.com\/wordpress\/segunda\/wp-json\/wp\/v2\/posts"}],"about":[{"href":"https:\/\/www.tucomarca.com\/wordpress\/segunda\/wp-json\/wp\/v2\/types\/post"}],"author":[{"embeddable":true,"href":"https:\/\/www.tucomarca.com\/wordpress\/segunda\/wp-json\/wp\/v2\/users\/1"}],"replies":[{"embeddable":true,"href":"https:\/\/www.tucomarca.com\/wordpress\/segunda\/wp-json\/wp\/v2\/comments?post=58267"}],"version-history":[{"count":0,"href":"https:\/\/www.tucomarca.com\/wordpress\/segunda\/wp-json\/wp\/v2\/posts\/58267\/revisions"}],"wp:featuredmedia":[{"embeddable":true,"href":"https:\/\/www.tucomarca.com\/wordpress\/segunda\/wp-json\/wp\/v2\/media\/58268"}],"wp:attachment":[{"href":"https:\/\/www.tucomarca.com\/wordpress\/segunda\/wp-json\/wp\/v2\/media?parent=58267"}],"wp:term":[{"taxonomy":"category","embeddable":true,"href":"https:\/\/www.tucomarca.com\/wordpress\/segunda\/wp-json\/wp\/v2\/categories?post=58267"},{"taxonomy":"post_tag","embeddable":true,"href":"https:\/\/www.tucomarca.com\/wordpress\/segunda\/wp-json\/wp\/v2\/tags?post=58267"}],"curies":[{"name":"wp","href":"https:\/\/api.w.org\/{rel}","templated":true}]}}