{"id":58437,"date":"2017-07-30T13:58:07","date_gmt":"2017-07-30T11:58:07","guid":{"rendered":"http:\/\/www.tucomarca.com\/wordpress\/segunda\/?p=58437"},"modified":"2017-07-30T13:58:07","modified_gmt":"2017-07-30T11:58:07","slug":"la-produccion-de-cereales-cae-un-50-en-requena-utiel-por-la-falta-de-lluvia-en-abril-y-mayo","status":"publish","type":"post","link":"https:\/\/www.tucomarca.com\/wordpress\/segunda\/la-produccion-de-cereales-cae-un-50-en-requena-utiel-por-la-falta-de-lluvia-en-abril-y-mayo\/","title":{"rendered":"La producci\u00f3n de cereales cae un 50% en Requena-Utiel por la falta de lluvia en abril y mayo"},"content":{"rendered":"<p>La producci\u00f3n de cereales de \u00e9sta campa\u00f1a en Requena-Utiel ha sido en torno a un 50% inferior de lo habitual, seg\u00fan han afirmado agricultores cerealistas de la zona. Esta reducci\u00f3n se debe a la falta de lluvia que hubo durante los meses de abril y mayo, seg\u00fan los productores.<\/p>\n<p>Otro problema para los cerealistas de la comarca es \u201clas bajas cotizaciones que rigen para trigos y cebadas\u201d seg\u00fan afirm\u00f3 Jos\u00e9 Ram\u00f3n Beltr\u00e1n secretario comarcal de la Uni\u00f3 de Llauradors. Informa, <strong>Luis Ib\u00e1\u00f1ez<\/strong>.<\/p>\n","protected":false},"excerpt":{"rendered":"<div class=\"mh-excerpt\">La producci\u00f3n de cereales de \u00e9sta campa\u00f1a en Requena-Utiel ha sido en torno a un 50% inferior de lo habitual, seg\u00fan han afirmado agricultores cerealistas de la zona. Esta reducci\u00f3n se debe a la falta <a class=\"mh-excerpt-more\" href=\"https:\/\/www.tucomarca.com\/wordpress\/segunda\/la-produccion-de-cereales-cae-un-50-en-requena-utiel-por-la-falta-de-lluvia-en-abril-y-mayo\/\" title=\"La producci\u00f3n de cereales cae un 50% en Requena-Utiel por la falta de lluvia en abril y mayo\">[+] <\/a><\/div>\n","protected":false},"author":1,"featured_media":58438,"comment_status":"open","ping_status":"open","sticky":false,"template":"","format":"standard","meta":{"footnotes":""},"categories":[169,8,27,3],"tags":[],"class_list":{"0":"post-58437","1":"post","2":"type-post","3":"status-publish","4":"format-standard","5":"has-post-thumbnail","7":"category-agricultura-la-comarca","8":"category-la-comarca","9":"category-requena-utiel","10":"category-seccion"},"_links":{"self":[{"href":"https:\/\/www.tucomarca.com\/wordpress\/segunda\/wp-json\/wp\/v2\/posts\/58437","targetHints":{"allow":["GET"]}}],"collection":[{"href":"https:\/\/www.tucomarca.com\/wordpress\/segunda\/wp-json\/wp\/v2\/posts"}],"about":[{"href":"https:\/\/www.tucomarca.com\/wordpress\/segunda\/wp-json\/wp\/v2\/types\/post"}],"author":[{"embeddable":true,"href":"https:\/\/www.tucomarca.com\/wordpress\/segunda\/wp-json\/wp\/v2\/users\/1"}],"replies":[{"embeddable":true,"href":"https:\/\/www.tucomarca.com\/wordpress\/segunda\/wp-json\/wp\/v2\/comments?post=58437"}],"version-history":[{"count":0,"href":"https:\/\/www.tucomarca.com\/wordpress\/segunda\/wp-json\/wp\/v2\/posts\/58437\/revisions"}],"wp:featuredmedia":[{"embeddable":true,"href":"https:\/\/www.tucomarca.com\/wordpress\/segunda\/wp-json\/wp\/v2\/media\/58438"}],"wp:attachment":[{"href":"https:\/\/www.tucomarca.com\/wordpress\/segunda\/wp-json\/wp\/v2\/media?parent=58437"}],"wp:term":[{"taxonomy":"category","embeddable":true,"href":"https:\/\/www.tucomarca.com\/wordpress\/segunda\/wp-json\/wp\/v2\/categories?post=58437"},{"taxonomy":"post_tag","embeddable":true,"href":"https:\/\/www.tucomarca.com\/wordpress\/segunda\/wp-json\/wp\/v2\/tags?post=58437"}],"curies":[{"name":"wp","href":"https:\/\/api.w.org\/{rel}","templated":true}]}}