{"id":58449,"date":"2017-07-30T13:59:50","date_gmt":"2017-07-30T11:59:50","guid":{"rendered":"http:\/\/www.tucomarca.com\/wordpress\/segunda\/?p=58449"},"modified":"2017-07-30T14:00:05","modified_gmt":"2017-07-30T12:00:05","slug":"sanidad-mantendra-los-efectivos-para-el-proximo-mundial-de-motociclismo-de-cheste","status":"publish","type":"post","link":"https:\/\/www.tucomarca.com\/wordpress\/segunda\/sanidad-mantendra-los-efectivos-para-el-proximo-mundial-de-motociclismo-de-cheste\/","title":{"rendered":"Sanidad mantendr\u00e1 los efectivos para el pr\u00f3ximo Mundial de Motociclismo de Cheste"},"content":{"rendered":"<figure id=\"attachment_58450\" aria-describedby=\"caption-attachment-58450\" style=\"width: 461px\" class=\"wp-caption alignleft\"><a href=\"https:\/\/www.tucomarca.com\/wordpress\/segunda\/wp-content\/uploads\/2017\/07\/CentroSaludCheste.-.jpg\"><img loading=\"lazy\" decoding=\"async\" class=\" wp-image-58450\" src=\"https:\/\/www.tucomarca.com\/wordpress\/segunda\/wp-content\/uploads\/2017\/07\/CentroSaludCheste.-.jpg\" alt=\"El Equipo de Gobierno de Cheste tambi\u00e9n traslad\u00f3 las quejas verbales que ha recibido de vecinos del municipio sobre las largas espera en las Urgencias del Hospital de Manises.\" width=\"461\" height=\"307\" srcset=\"https:\/\/www.tucomarca.com\/wordpress\/segunda\/wp-content\/uploads\/2017\/07\/CentroSaludCheste.-.jpg 670w, https:\/\/www.tucomarca.com\/wordpress\/segunda\/wp-content\/uploads\/2017\/07\/CentroSaludCheste.--300x200.jpg 300w\" sizes=\"auto, (max-width: 461px) 100vw, 461px\" \/><\/a><figcaption id=\"caption-attachment-58450\" class=\"wp-caption-text\">El Equipo de Gobierno de Cheste tambi\u00e9n traslad\u00f3 las quejas verbales que ha recibido de vecinos del municipio sobre las largas espera en las Urgencias del Hospital de Manises.<\/figcaption><\/figure>\n<p>El Equipo de Gobierno de Cheste ha mantenido esta semana una nueva reuni\u00f3n con responsables del Hospital de Manises y de la Conselleria de Sanitat en la que el \u00fanico compromiso que se logr\u00f3 sacar fue que se mantendr\u00e1 la dotaci\u00f3n de profesionales sanitarios de refuerzo para el pr\u00f3ximo Mundial de Motociclismo, en el mes de noviembre.<\/p>\n<p>Despu\u00e9s de la reuni\u00f3n para reivindicar mayores servicios sanitarios hace un mes s\u00f3lo con representantes de la conselleria, los representantes del Equipo de Gobierno de Cheste, el alcalde Jos\u00e9 Morell, y los tenientes de alcalde, M\u00aa \u00c1ngeles Llorente y Jos\u00e9 Vicente Guijarro, tuvieron la ocasi\u00f3n de reunirse esta semana con la Directora General de la Alta Inspecci\u00f3n Sanitaria, Isabel Gonz\u00e1lez, el Director General de Asistencia Sanitaria, Rafael Sotoca, la Comisionada de Sanidad para el Hospital de Manises, Mercedes Pons, por la Generalitat Valenciana; y por el Hospital de Manises estuvieron el Director Gerente, Vicente Gil Suay, y el Director de Atenci\u00f3n Primaria, Carlos Rodrigo.<\/p>\n<p>El Equipo de Gobierno de Cheste ha mostrado su malestar porque tanto Conselleria como Hospital de Manises s\u00f3lo se comprometieron a mantener la dotaci\u00f3n de refuerzo de efectivos para el Mundial de Motociclismo. Del resto de reivindicaciones se contin\u00faa en el mismo punto, sin avances.<\/p>\n<p>El eje central de la reuni\u00f3n fueron las especialidades m\u00e9dicas y el incumplimiento del compromiso de repartirlas entre varios pueblos de la comarca, y no s\u00f3lo en Bu\u00f1ol como al final se decidi\u00f3. El Equipo de Gobierno record\u00f3 que Conselleria y concesionaria \u00abfaltaron a su palabra sin argumentar el por qu\u00e9 se centralizan en Bu\u00f1ol y dejan marginados a Cheste\u00bb, y lo \u00fanico que se logr\u00f3 fue que se solicitara un informe con la justificaci\u00f3n sobre capacidad de cada centro de salud, demanda y poblaci\u00f3n.<\/p>\n<p>Adem\u00e1s, desde el Hospital de Manises se confirm\u00f3 que hasta el final del contrato en 2024 no tienen previsto hacer m\u00e1s inversiones por parte de la concesionaria, al tener comprometido casi todo el presupuesto para esta materia; sobre la misma cuesti\u00f3n la Conselleria no aclar\u00f3 si desde el Consell se har\u00e1n o no inversiones en los dos pr\u00f3ximos a\u00f1os.<\/p>\n<p>Otra reivindicaci\u00f3n es la de una Ambulancia Soporte Vital B\u00e1sico para Cheste, y la respuesta que se obtuvo fue que con la dotaci\u00f3n existente en las bases de Chiva y Bu\u00f1ol se cubre la demanda de la comarca, algo en lo que el Equipo de Gobierno de Cheste ha mostrado su desacuerdo, y ha considerado que el municipio \u00abest\u00e1 infradotado\u00bb.<\/p>\n<p>El Equipo de Gobierno de Cheste tambi\u00e9n traslad\u00f3 las quejas verbales que ha recibido de vecinos del municipio sobre las largas espera en las Urgencias del Hospital de Manises y la falta de informaci\u00f3n en ese tiempo, y tambi\u00e9n se pidi\u00f3 que se cubran todas las bajas y vacaciones de m\u00e9dicos de atenci\u00f3n primaria en el Centro de Salud de Cheste.<\/p>\n<p>Sobre las Urgencias la respuesta de los responsables del Hospital de Manises fue que se estaba dentro de los par\u00e1metros aceptados de tiempos de respuesta en este servicio, y que la plantilla que hab\u00eda era fija y adaptada a la demanda.<\/p>\n<p>Sobre las listas de espera se remiti\u00f3 a la web de la Conselleria de Sanidad para ver esta informaci\u00f3n actualizada, y en el \u00faltimo punto tratado, el de las deficiencias en el transporte\u00a0 hasta el Hospital de Manises y los centros de especialidades se remiti\u00f3 a la Conselleria de Infraestructuras como responsable.<\/p>\n<p>Desde el Equipo de Gobierno de Cheste se ha asegurado que \u00abseguimos estando a la cola en infraestructuras sanitarias, se sigue incumpliendo la palabra dada, pero seguiremos reivindicando y trabajando para que Cheste tenga lo que merece\u00bb.<\/p>\n","protected":false},"excerpt":{"rendered":"<div class=\"mh-excerpt\">El Equipo de Gobierno de Cheste ha mantenido esta semana una nueva reuni\u00f3n con responsables del Hospital de Manises y de la Conselleria de Sanitat en la que el \u00fanico compromiso que se logr\u00f3 sacar <a class=\"mh-excerpt-more\" href=\"https:\/\/www.tucomarca.com\/wordpress\/segunda\/sanidad-mantendra-los-efectivos-para-el-proximo-mundial-de-motociclismo-de-cheste\/\" title=\"Sanidad mantendr\u00e1 los efectivos para el pr\u00f3ximo Mundial de Motociclismo de Cheste\">[+] <\/a><\/div>\n","protected":false},"author":1,"featured_media":58450,"comment_status":"open","ping_status":"open","sticky":false,"template":"","format":"standard","meta":{"footnotes":""},"categories":[119,17,8,10,3,45],"tags":[339,5952,272],"class_list":{"0":"post-58449","1":"post","2":"type-post","3":"status-publish","4":"format-standard","5":"has-post-thumbnail","7":"category-sanidad-la-comarca","8":"category-cheste","9":"category-la-comarca","10":"category-la-hoya","11":"category-seccion","12":"category-ventana","13":"tag-cheste-2","14":"tag-la-hoya-de-bunol-chiva","15":"tag-salud"},"_links":{"self":[{"href":"https:\/\/www.tucomarca.com\/wordpress\/segunda\/wp-json\/wp\/v2\/posts\/58449","targetHints":{"allow":["GET"]}}],"collection":[{"href":"https:\/\/www.tucomarca.com\/wordpress\/segunda\/wp-json\/wp\/v2\/posts"}],"about":[{"href":"https:\/\/www.tucomarca.com\/wordpress\/segunda\/wp-json\/wp\/v2\/types\/post"}],"author":[{"embeddable":true,"href":"https:\/\/www.tucomarca.com\/wordpress\/segunda\/wp-json\/wp\/v2\/users\/1"}],"replies":[{"embeddable":true,"href":"https:\/\/www.tucomarca.com\/wordpress\/segunda\/wp-json\/wp\/v2\/comments?post=58449"}],"version-history":[{"count":0,"href":"https:\/\/www.tucomarca.com\/wordpress\/segunda\/wp-json\/wp\/v2\/posts\/58449\/revisions"}],"wp:featuredmedia":[{"embeddable":true,"href":"https:\/\/www.tucomarca.com\/wordpress\/segunda\/wp-json\/wp\/v2\/media\/58450"}],"wp:attachment":[{"href":"https:\/\/www.tucomarca.com\/wordpress\/segunda\/wp-json\/wp\/v2\/media?parent=58449"}],"wp:term":[{"taxonomy":"category","embeddable":true,"href":"https:\/\/www.tucomarca.com\/wordpress\/segunda\/wp-json\/wp\/v2\/categories?post=58449"},{"taxonomy":"post_tag","embeddable":true,"href":"https:\/\/www.tucomarca.com\/wordpress\/segunda\/wp-json\/wp\/v2\/tags?post=58449"}],"curies":[{"name":"wp","href":"https:\/\/api.w.org\/{rel}","templated":true}]}}