{"id":58473,"date":"2017-07-30T22:11:45","date_gmt":"2017-07-30T20:11:45","guid":{"rendered":"http:\/\/www.tucomarca.com\/wordpress\/segunda\/?p=58473"},"modified":"2017-07-30T22:23:11","modified_gmt":"2017-07-30T20:23:11","slug":"gran-papel-de-la-banda-de-la-armonica-de-bunol-en-el-certamen-de-kerkrade-a-pesar-de-acabar-cuarta","status":"publish","type":"post","link":"https:\/\/www.tucomarca.com\/wordpress\/segunda\/gran-papel-de-la-banda-de-la-armonica-de-bunol-en-el-certamen-de-kerkrade-a-pesar-de-acabar-cuarta\/","title":{"rendered":"Gran papel de la banda de \u00abLa Arm\u00f3nica\u00bb de Bu\u00f1ol en el Certamen de Kerkrade a pesar de acabar cuarta"},"content":{"rendered":"<figure id=\"attachment_58471\" aria-describedby=\"caption-attachment-58471\" style=\"width: 1024px\" class=\"wp-caption alignleft\"><a href=\"https:\/\/www.tucomarca.com\/wordpress\/segunda\/wp-content\/uploads\/2017\/07\/LitrosKerkrade.png\"><img loading=\"lazy\" decoding=\"async\" class=\"size-large wp-image-58471\" src=\"https:\/\/www.tucomarca.com\/wordpress\/segunda\/wp-content\/uploads\/2017\/07\/LitrosKerkrade-1024x576.png\" alt=\"La Banda Sinf\u00f3nica del CIM \u00abLa Arm\u00f3nica\u00bb de Bu\u00f1ol durante su actuaci\u00f3n en el Certamen de Kerkrade de 2017.\" width=\"1024\" height=\"576\" srcset=\"https:\/\/www.tucomarca.com\/wordpress\/segunda\/wp-content\/uploads\/2017\/07\/LitrosKerkrade-1024x576.png 1024w, https:\/\/www.tucomarca.com\/wordpress\/segunda\/wp-content\/uploads\/2017\/07\/LitrosKerkrade-300x169.png 300w, https:\/\/www.tucomarca.com\/wordpress\/segunda\/wp-content\/uploads\/2017\/07\/LitrosKerkrade-768x432.png 768w, https:\/\/www.tucomarca.com\/wordpress\/segunda\/wp-content\/uploads\/2017\/07\/LitrosKerkrade.png 1920w\" sizes=\"auto, (max-width: 1024px) 100vw, 1024px\" \/><\/a><figcaption id=\"caption-attachment-58471\" class=\"wp-caption-text\">La Banda Sinf\u00f3nica del CIM \u00abLa Arm\u00f3nica\u00bb de Bu\u00f1ol durante su actuaci\u00f3n en el Certamen de Kerkrade de 2017.<\/figcaption><\/figure>\n<p>La banda sinf\u00f3nica del Centro Instructivo Musical \u00abLa Arm\u00f3nica\u00bb de Bu\u00f1ol ha realizado una meritoria actuaci\u00f3n en el certamen de Kerkrade (Holanda), a pesar de que el jurado la ha premiado con 92,45 puntos, lo que la ha situado en cuarto lugar de la competici\u00f3n.<\/p>\n<p>La formaci\u00f3n musical compet\u00eda\u00a0en la categor\u00eda de concierto del renombrado certamen de bandas de m\u00fasica de la ciudad holandesa de Kerkrade, el World Music Contest (WMC), que ha finalizado este domingo por la tarde con la actuaci\u00f3n de la entidad que preside \u00d3scar Fern\u00e1ndez.<\/p>\n<p>Como se recordar\u00e1, el CIM \u00abLa Arm\u00f3nica\u00bb ya obtuvo en el a\u00f1o 1981 el primer premio en la m\u00e1xima categor\u00eda, proclam\u00e1ndose campeona del certamen; premio al que sum\u00f3 en 1989 el subcampeonato; y\u00a0ahora ha conseguido situarse en cuarta posici\u00f3n.<\/p>\n<p>La banda de \u00abEl Litro\u00bb ha quedado este a\u00f1o por detr\u00e1s de la\u00a0banda\u00a0Harmonie St. Petrus &amp; Paulus Wolder-Maastricht (96,50 puntos), que ha sido la vencedora del concurso, seguida por\u00a0la Landesblasorchester Baden-W\u00fcrttemberg (96,00 puntos) y la Toulose Wind Orchestra (92,60 puntos), segunda y tercera clasificadas, respectivamente.<\/p>\n<p>Tras \u00abLa Arm\u00f3nica\u00bb (que ha cosechado 92,45 puntos) se han clasificado las bandas de Sinfonisches Blasorchester Ried (91 puntos), la Sinfoniesches Blasorchester Bern (90 puntos);\u00a0la Nantes Philarmonie (90 puntos) y la La Rovereto Wind Orchestra (85,10 puntos) como quinta, sexta, s\u00e9ptima y octava, respectivamente.<\/p>\n<p>\u00abLa Arm\u00f3nica\u00bb, que ha clausurado la Concert Division de la dieciocho edici\u00f3n del World Music Contest de Kerkrade, ha interpretado en el concurso las obras\u00a0<em>Tempus Fugit<\/em>, de Santi Miguel;\u00a0<em>Vivencias<\/em>, de Francisco Tamarit Fayos;\u00a0<em>El Puerto (de la Suite Iberia)<\/em>, de Isaac Alb\u00e9niz, en la que actuar\u00e1 como pianista solista David Alm\u00e9rich; y, por \u00faltimo, la obra Invocaci\u00f3n (revisitando el puerto), de Luis Serrano Alarc\u00f3n. Todas ellas conducidas por el director titular de la banda sinf\u00f3nica, David Fiuza Souto.<\/p>\n<p>Todo un completo programa que socios y simpatizantes ya tuvieron\u00a0la oportunidad de escuchar en el concierto realizado este pasado fin de semana en los Jardines de \u00abLa Arm\u00f3nica\u00bb (Viach\u00e9n), y del cual el presidente, \u00d3scar Fern\u00e1ndez,\u00a0destac\u00f3 que estaba \u00abcompuesto por varios tipos de m\u00fasica diferente desde el ritmo espa\u00f1ol de la \u00faltima obra de Luis Serrano, hasta el m\u00e1s puro estilo de Tamarit a una obra que ha hecho Santi Miguel que verdaderamente va a llegar muy alto\u00bb.<\/p>\n<p>La expedici\u00f3n de m\u00fasicos y socios de \u00abLa Arm\u00f3nica\u00bb parti\u00f3 el\u00a0martes hacia tierras holandesas, y en el programa tambi\u00e9n estaba prevista la participaci\u00f3n de la sociedad en el desfile de la inauguraci\u00f3n de una estatua del artista Ripoll\u00e9s, desde el centro de Kerkrade hasta la plaza Rodahal, el pasado jueves; as\u00ed como un concierto de m\u00fasica espa\u00f1ola junto a una soprano holandesa.<\/p>\n","protected":false},"excerpt":{"rendered":"<div class=\"mh-excerpt\">La banda sinf\u00f3nica del Centro Instructivo Musical \u00abLa Arm\u00f3nica\u00bb de Bu\u00f1ol ha realizado una meritoria actuaci\u00f3n en el certamen de Kerkrade (Holanda), a pesar de que el jurado la ha premiado con 92,45 puntos, lo <a class=\"mh-excerpt-more\" href=\"https:\/\/www.tucomarca.com\/wordpress\/segunda\/gran-papel-de-la-banda-de-la-armonica-de-bunol-en-el-certamen-de-kerkrade-a-pesar-de-acabar-cuarta\/\" title=\"Gran papel de la banda de \u00abLa Arm\u00f3nica\u00bb de Bu\u00f1ol en el Certamen de Kerkrade a pesar de acabar cuarta\">[+] <\/a><\/div>\n","protected":false},"author":1,"featured_media":58471,"comment_status":"open","ping_status":"open","sticky":false,"template":"","format":"standard","meta":{"footnotes":""},"categories":[18,66,10,7,3,45],"tags":[8720,5952],"class_list":{"0":"post-58473","1":"post","2":"type-post","3":"status-publish","4":"format-standard","5":"has-post-thumbnail","7":"category-bunol","8":"category-musica","9":"category-la-hoya","10":"category-ocio-y-cultura","11":"category-seccion","12":"category-ventana","13":"tag-cim-la-armonica","14":"tag-la-hoya-de-bunol-chiva"},"_links":{"self":[{"href":"https:\/\/www.tucomarca.com\/wordpress\/segunda\/wp-json\/wp\/v2\/posts\/58473","targetHints":{"allow":["GET"]}}],"collection":[{"href":"https:\/\/www.tucomarca.com\/wordpress\/segunda\/wp-json\/wp\/v2\/posts"}],"about":[{"href":"https:\/\/www.tucomarca.com\/wordpress\/segunda\/wp-json\/wp\/v2\/types\/post"}],"author":[{"embeddable":true,"href":"https:\/\/www.tucomarca.com\/wordpress\/segunda\/wp-json\/wp\/v2\/users\/1"}],"replies":[{"embeddable":true,"href":"https:\/\/www.tucomarca.com\/wordpress\/segunda\/wp-json\/wp\/v2\/comments?post=58473"}],"version-history":[{"count":0,"href":"https:\/\/www.tucomarca.com\/wordpress\/segunda\/wp-json\/wp\/v2\/posts\/58473\/revisions"}],"wp:featuredmedia":[{"embeddable":true,"href":"https:\/\/www.tucomarca.com\/wordpress\/segunda\/wp-json\/wp\/v2\/media\/58471"}],"wp:attachment":[{"href":"https:\/\/www.tucomarca.com\/wordpress\/segunda\/wp-json\/wp\/v2\/media?parent=58473"}],"wp:term":[{"taxonomy":"category","embeddable":true,"href":"https:\/\/www.tucomarca.com\/wordpress\/segunda\/wp-json\/wp\/v2\/categories?post=58473"},{"taxonomy":"post_tag","embeddable":true,"href":"https:\/\/www.tucomarca.com\/wordpress\/segunda\/wp-json\/wp\/v2\/tags?post=58473"}],"curies":[{"name":"wp","href":"https:\/\/api.w.org\/{rel}","templated":true}]}}