{"id":58509,"date":"2017-08-01T13:35:11","date_gmt":"2017-08-01T11:35:11","guid":{"rendered":"http:\/\/www.tucomarca.com\/wordpress\/segunda\/?p=58509"},"modified":"2017-08-01T13:35:11","modified_gmt":"2017-08-01T11:35:11","slug":"la-diputacion-implementa-una-version-ampliada-de-la-app-municipal-mas-interactiva-y-con-acceso-a-nuevos-contenidos","status":"publish","type":"post","link":"https:\/\/www.tucomarca.com\/wordpress\/segunda\/la-diputacion-implementa-una-version-ampliada-de-la-app-municipal-mas-interactiva-y-con-acceso-a-nuevos-contenidos\/","title":{"rendered":"La Diputaci\u00f3n implementa una versi\u00f3n ampliada de la APP municipal, m\u00e1s interactiva y con acceso a nuevos contenidos"},"content":{"rendered":"<figure id=\"attachment_58511\" aria-describedby=\"caption-attachment-58511\" style=\"width: 300px\" class=\"wp-caption alignleft\"><img loading=\"lazy\" decoding=\"async\" class=\"size-medium wp-image-58511\" src=\"https:\/\/www.tucomarca.com\/wordpress\/segunda\/wp-content\/uploads\/2017\/07\/appmunicipals-300x266.jpg\" alt=\"Iv\u00e1n Mart\u00ed presenta la versi\u00f3n ampliada y renovada de la aplicaci\u00f3n m\u00f3vil Ajuntaments de Val\u00e8ncia.\" width=\"300\" height=\"266\" srcset=\"https:\/\/www.tucomarca.com\/wordpress\/segunda\/wp-content\/uploads\/2017\/07\/appmunicipals-300x266.jpg 300w, https:\/\/www.tucomarca.com\/wordpress\/segunda\/wp-content\/uploads\/2017\/07\/appmunicipals.jpg 709w\" sizes=\"auto, (max-width: 300px) 100vw, 300px\" \/><figcaption id=\"caption-attachment-58511\" class=\"wp-caption-text\"><em>Iv\u00e1n Mart\u00ed presenta la versi\u00f3n ampliada y renovada de la aplicaci\u00f3n m\u00f3vil Ajuntaments de Val\u00e8ncia.<\/em><\/figcaption><\/figure>\n<p><b>Ivan Mart\u00ed: \u00abEsta aplicaci\u00f3n extendida y renovada est\u00e1 dotada de novedosos servicios tur\u00edsticos, culturales y comerciales para establecer una relaci\u00f3n m\u00e1s cercana y completa con la ciudadan\u00eda\u00bb<\/b><\/p>\n<p><b>Los municipios de Requena, Sueca, Alpuente y Bocairent han sido los primeros en poner a disposici\u00f3n de sus usuarios las nuevas funcionalidades que posibilita la aplicaci\u00f3n<\/b><\/p>\n<p>Desde el \u00c1rea de Modernizaci\u00f3n y Desarrollo de la Administraci\u00f3n Electr\u00f3nica, que dirige el diputado Ivan Mart\u00ed, se acaba de implementar una versi\u00f3n ampliada y renovada de la aplicaci\u00f3n m\u00f3vil <i>Ajuntaments de Val\u00e8ncia<\/i>, con el prop\u00f3sito de poner a disposici\u00f3n de la ciudadan\u00eda una plataforma m\u00e1s interactiva con nuevos servicios y mayores contenidos de car\u00e1cter tur\u00edstico, cultural y del comercio local, los cuales permanecer\u00e1n al alcance del p\u00fablico interesado de forma f\u00e1cil y accesible a trav\u00e9s de cualquier dispositivo m\u00f3vil.<\/p>\n<p>Los municipios de Requena, Sueca, Alpuente y Bocairent han sido los primeros en poner a disposici\u00f3n de sus usuarios las nuevas funcionalidades que posibilita la aplicaci\u00f3n. Progresivamente tambi\u00e9n ir\u00e1n incorporando estos nuevos servicios los m\u00e1s de 150 consistorios de las comarcas valencianas adheridos a la App <i>Ajuntaments de Val\u00e8ncia.<\/i><\/p>\n<p>Ivan Mart\u00ed ha se\u00f1alado que esta nueva plataforma \u00abrepresenta una versi\u00f3n extendida y renovada de la aplicaci\u00f3n presentada en 2014, con el prop\u00f3sito de hacer posible una comunicaci\u00f3n imprescindible con la ciudadan\u00eda y continuar avanzando en nuestro objetivo de poner toda la tecnolog\u00eda al servicio de las personas\u00bb.<\/p>\n<p>El responsable del \u00c1rea de Modernizaci\u00f3n y Desarrollo de la Administraci\u00f3n Electr\u00f3nica ha detallado que con la inclusi\u00f3n de estos nuevos contenidos \u00ablo que pretendemos es acercar la gran riqueza patrimonial, hist\u00f3rica, paisaj\u00edstica y cultural que ofrecen los municipios de las comarcas valencianas, invitar a disfrutar de su rica gastronom\u00eda, e incluso, conocer el comercio local\u00bb. Por ello, esta aplicaci\u00f3n en su versi\u00f3n renovada \u00abpermite el acceso a nuevos mapas de puntos de inter\u00e9s, rutas y actividades diversas que ofrecen cientos de propuestas de ocio y culturales para todos los vecinos y visitantes, tanto ahora, en temporada estival, como tambi\u00e9n durante el resto del a\u00f1o\u00bb.<\/p>\n<p>La App resulta interactiva y permite a la ciudadan\u00eda participar activamente y realizar valoraciones de cada servicio, comercio o actividad que se les propone. Todos los contenidos pueden ser compartidos a trav\u00e9s de las redes sociales, lo que permite que se integren dentro de los canales actuales donde se organiza el tiempo libre de la ciudadan\u00eda.<\/p>\n<p>\u00abCon todos estos servicios estamos convencidos de que hemos creado una aplicaci\u00f3n muy completa, que permite avanzar hacia el Ayuntamiento 2.0 y establecer una relaci\u00f3n m\u00e1s cercana con la ciudadan\u00eda en uso de las nuevas tecnolog\u00edas, las cuales est\u00e1n cambiando nuestros h\u00e1bitos y costumbres, y que tambi\u00e9n debemos implementar en la administraci\u00f3n p\u00fablica municipal\u00bb, ha indicado el diputado. La nueva versi\u00f3n ya se encuentra disponible en los <i>stores<\/i> para Iphone (APP Store) y dispositivos Android (Google Play).<\/p>\n<p><b>Mejores herramientas<\/b><\/p>\n<p>Los nuevos organigramas administrativos y pol\u00edticos de los ayuntamientos han sido dise\u00f1ados y pensados \u200b\u200bpara facilitar las gestiones del ciudadano, acceder m\u00e1s r\u00e1pido a la informaci\u00f3n \u2013horarios, direcciones, tel\u00e9fonos de inter\u00e9s e instrucciones de utilizaci\u00f3n de los servicios municipales\u2013 y dar m\u00e1s transparencia a su gesti\u00f3n.<\/p>\n<p>Se ha renovado el servicio de incidencias, haciendo posible que la ciudadan\u00eda pueda informar de cualquier problem\u00e1tica o sugerencia que estime oportuna, adjuntando una fotograf\u00eda y la correcta geolocalizaci\u00f3n para que los equipos municipales tengan esta informaci\u00f3n al instante y puedan mantener los municipios en las mejores condiciones. La nueva versi\u00f3n de la APP dota de mejores herramientas para hacer m\u00e1s instant\u00e1nea la comunicaci\u00f3n. Tambi\u00e9n se ha mejorado el servicio de encuestas ciudadanas, mientras que las alertas <i>push<\/i> mantendr\u00e1n a todos los usuarios permanentemente informados de lo que ocurre en todos los municipios que resulten de su inter\u00e9s.<\/p>\n<p>En este sentido, Ivan Mart\u00ed ha destacado que la nueva App \u00abquiere unir esfuerzos utilizando la informaci\u00f3n que ya se hab\u00eda desarrollado en otras iniciativas de la administraci\u00f3n p\u00fablica, adem\u00e1s de facilitar a los ayuntamientos que la informaci\u00f3n se mantenga siempre actualizada\u00bb. Adem\u00e1s, el responsable del \u00c1rea de Modernizaci\u00f3n y Desarrollo de la Administraci\u00f3n Electr\u00f3nica ha recordado que el bienestar de las personas \u00abpasa por hacer m\u00e1s f\u00e1cil el acceso a la informaci\u00f3n y a los servicios municipales, ya que en la app figuran todas las herramientas que les ayudar\u00e1n a estar m\u00e1s cerca de la administraci\u00f3n local\u00bb, ha enfatizado.<\/p>\n<p><b>Una aplicaci\u00f3n al servicio de la ciudadan\u00eda<\/b><\/p>\n<p><i>Ajuntaments de Val\u00e8ncia<\/i> es una aplicaci\u00f3n desarrollada por la Diputaci\u00f3n de Valencia con el objetivo de acercar la gesti\u00f3n municipal a la ciudadan\u00eda y facilitar la participaci\u00f3n en el d\u00eda a d\u00eda de su municipio a trav\u00e9s de las nuevas tecnolog\u00edas. La App est\u00e1 disponible para los municipios adheridos al proyecto de Portals Web Municipals de la Prov\u00edncia de Val\u00e8ncia.<\/p>\n<p>Se ha apostado por una plataforma que pueda ser implementada en todos los municipios sin excepci\u00f3n, y en la que se pueda consultar la informaci\u00f3n y eventos de actualidad y que permita interactuar con las redes sociales.<\/p>\n<p>La Diputaci\u00f3n de Valencia, con esta apuesta tecnol\u00f3gica, trabaja para que la aplicaci\u00f3n <i>Ajuntaments de Val\u00e8ncia<\/i> se convierta en una herramienta clave para la comunicaci\u00f3n entre los ayuntamientos de la demarcaci\u00f3n de Val\u00e8ncia y sus vecinos y vecinas.<\/p>\n","protected":false},"excerpt":{"rendered":"<div class=\"mh-excerpt\">Ivan Mart\u00ed: \u00abEsta aplicaci\u00f3n extendida y renovada est\u00e1 dotada de novedosos servicios tur\u00edsticos, culturales y comerciales para establecer una relaci\u00f3n m\u00e1s cercana y completa con la ciudadan\u00eda\u00bb Los municipios de Requena, Sueca, Alpuente y Bocairent <a class=\"mh-excerpt-more\" href=\"https:\/\/www.tucomarca.com\/wordpress\/segunda\/la-diputacion-implementa-una-version-ampliada-de-la-app-municipal-mas-interactiva-y-con-acceso-a-nuevos-contenidos\/\" title=\"La Diputaci\u00f3n implementa una versi\u00f3n ampliada de la APP municipal, m\u00e1s interactiva y con acceso a nuevos contenidos\">[+] <\/a><\/div>\n","protected":false},"author":2,"featured_media":58511,"comment_status":"open","ping_status":"open","sticky":false,"template":"","format":"standard","meta":{"footnotes":""},"categories":[198,72,59,7,28,27,3,45],"tags":[4013],"class_list":{"0":"post-58509","1":"post","2":"type-post","3":"status-publish","4":"format-standard","5":"has-post-thumbnail","7":"category-alpuente","8":"category-sin-categorizar","9":"category-los-serranos","10":"category-ocio-y-cultura","11":"category-requena","12":"category-requena-utiel","13":"category-seccion","14":"category-ventana","15":"tag-diputacion-de-valencia"},"_links":{"self":[{"href":"https:\/\/www.tucomarca.com\/wordpress\/segunda\/wp-json\/wp\/v2\/posts\/58509","targetHints":{"allow":["GET"]}}],"collection":[{"href":"https:\/\/www.tucomarca.com\/wordpress\/segunda\/wp-json\/wp\/v2\/posts"}],"about":[{"href":"https:\/\/www.tucomarca.com\/wordpress\/segunda\/wp-json\/wp\/v2\/types\/post"}],"author":[{"embeddable":true,"href":"https:\/\/www.tucomarca.com\/wordpress\/segunda\/wp-json\/wp\/v2\/users\/2"}],"replies":[{"embeddable":true,"href":"https:\/\/www.tucomarca.com\/wordpress\/segunda\/wp-json\/wp\/v2\/comments?post=58509"}],"version-history":[{"count":0,"href":"https:\/\/www.tucomarca.com\/wordpress\/segunda\/wp-json\/wp\/v2\/posts\/58509\/revisions"}],"wp:featuredmedia":[{"embeddable":true,"href":"https:\/\/www.tucomarca.com\/wordpress\/segunda\/wp-json\/wp\/v2\/media\/58511"}],"wp:attachment":[{"href":"https:\/\/www.tucomarca.com\/wordpress\/segunda\/wp-json\/wp\/v2\/media?parent=58509"}],"wp:term":[{"taxonomy":"category","embeddable":true,"href":"https:\/\/www.tucomarca.com\/wordpress\/segunda\/wp-json\/wp\/v2\/categories?post=58509"},{"taxonomy":"post_tag","embeddable":true,"href":"https:\/\/www.tucomarca.com\/wordpress\/segunda\/wp-json\/wp\/v2\/tags?post=58509"}],"curies":[{"name":"wp","href":"https:\/\/api.w.org\/{rel}","templated":true}]}}