{"id":58523,"date":"2017-08-01T13:36:06","date_gmt":"2017-08-01T11:36:06","guid":{"rendered":"http:\/\/www.tucomarca.com\/wordpress\/segunda\/?p=58523"},"modified":"2017-08-01T13:36:06","modified_gmt":"2017-08-01T11:36:06","slug":"campo-arcis-celebra-su-49-semana-cultural","status":"publish","type":"post","link":"https:\/\/www.tucomarca.com\/wordpress\/segunda\/campo-arcis-celebra-su-49-semana-cultural\/","title":{"rendered":"Campo Arc\u00eds celebra su 49 Semana Cultural"},"content":{"rendered":"<div class=\"page\" title=\"Page 1\">\n<div class=\"layoutArea\">\n<div class=\"column\">\n<figure id=\"attachment_58524\" aria-describedby=\"caption-attachment-58524\" style=\"width: 213px\" class=\"wp-caption alignleft\"><img loading=\"lazy\" decoding=\"async\" class=\"size-medium wp-image-58524\" src=\"https:\/\/www.tucomarca.com\/wordpress\/segunda\/wp-content\/uploads\/2017\/08\/culturalcampoarcis-213x300.jpg\" alt=\"Cartel Semana 49 Cultural.\" width=\"213\" height=\"300\" srcset=\"https:\/\/www.tucomarca.com\/wordpress\/segunda\/wp-content\/uploads\/2017\/08\/culturalcampoarcis-213x300.jpg 213w, https:\/\/www.tucomarca.com\/wordpress\/segunda\/wp-content\/uploads\/2017\/08\/culturalcampoarcis.jpg 567w\" sizes=\"auto, (max-width: 213px) 100vw, 213px\" \/><figcaption id=\"caption-attachment-58524\" class=\"wp-caption-text\"><em>Cartel Semana 49 Cultural.<\/em><\/figcaption><\/figure>\n<p><strong>Martes 1 de Agosto<\/strong><\/p>\n<p>D\u00cdA DE LA 3\u00aa EDAD<\/p>\n<p>A las 12:00 horas. Misa en sufragio por los difuntos de la Asociaci\u00f3n fallecidos este a\u00f1o.<\/p>\n<p>A las 14:30 horas. Comida de Hermandad en el Centro Cultural para los socios.<\/p>\n<p>A las 19:30 horas. Presentaci\u00f3n de la \u201cPareja Mayor de Jubilados\u201d, seguido de una Conferencia por la psic\u00f3loga Da Mar\u00eda Prieto Brizuela.<\/p>\n<p><strong>Mi\u00e9rcoles 2 de Agosto<\/strong><\/p>\n<p>CHARLA-COLOQUIO<\/p>\n<p>A las 19:00 horas. En el Centro Cultural, charla-coloquio \u201cCampo Arc\u00eds de la dehesa a las gentes\u201d a cargo del grupo de estudios culturales \u201cCr\u00f3nicas Hist\u00f3ricas de Requena\u201d, impartida por los historiadores V\u00edctor Manuel Gal\u00e1n Tendero y Javier Jord\u00e1 S\u00e1nchez.<\/p>\n<\/div>\n<div class=\"column\">\n<p><strong>Jueves 3 de Agosto<\/strong><\/p>\n<p>CHARLA-COLOQUIO D\u00cdA DE LA MUJER<\/p>\n<p>A las 19:00 horas. \u00abEL ACEITE DE OLIVA Y SU CALIDAD\u00bb impartida por D. Alberto Gim\u00e9nez Torres, Ingeniero Agr\u00edcola, director Almazara Molino del Motroton de Turis<\/p>\n<p><strong>Viernes 4 de Agosto<\/strong><\/p>\n<p>Festival Infantil y Juvenil<\/p>\n<p>A las 22:45 horas. En el Centro Cultural de Campo Arc\u00eds. Actuaciones de Play-Back y representaci\u00f3n de Sketchs.<\/p>\n<p><strong>S\u00e1bado 5 de Agosto<\/strong><\/p>\n<p>D\u00cdA DE LA MUJER<\/p>\n<p>A las 21:30 horas. Cena de confraternidad para todas las amas de casa de Campo Arc\u00eds en el Centro Cultural.<\/p>\n<p><strong>Domingo 6 de Agosto<\/strong><\/p>\n<p>D\u00cdA DEL DEPORTE<\/p>\n<p>A las 19:15 horas. II TORNEO 3 CONTRA 3 DE CAMPO ARC\u00cdS, en las categor\u00edas benjam\u00edn, infantil y senior, en el patio de las escuelas.<\/p>\n<div class=\"page\" title=\"Page 2\"><strong>Colaboran:<\/strong><\/div>\n<div class=\"page\" title=\"Page 2\">\n<div class=\"page\" title=\"Page 2\">\n<div class=\"section\">\n<div class=\"layoutArea\">\n<div class=\"column\">\n<p><strong>Alcald\u00eda de Campo Arc\u00eds<\/strong><\/p>\n<div class=\"page\" title=\"Page 2\">\n<div class=\"section\">\n<div class=\"layoutArea\">\n<div class=\"column\">\n<p><strong>Cooperativa San Isidro Labrador de Campo Arc\u00eds.<\/strong><\/p>\n<div class=\"page\" title=\"Page 2\">\n<div class=\"section\">\n<div class=\"layoutArea\">\n<div class=\"column\">\n<p><strong>Amas de Casa Tyrius de Campo Arc\u00eds.<\/strong><\/p>\n<div class=\"page\" title=\"Page 2\">\n<div class=\"section\">\n<div class=\"layoutArea\">\n<div class=\"column\">\n<p><strong>U.D.P de Campo Arc\u00eds.<\/strong><\/p>\n<div class=\"page\" title=\"Page 2\">\n<div class=\"section\">\n<div class=\"layoutArea\">\n<div class=\"column\">\n<p><strong>J\u00f3venes de Campo Arc\u00eds.<\/strong><\/p>\n<\/div>\n<\/div>\n<\/div>\n<\/div>\n<\/div>\n<\/div>\n<\/div>\n<\/div>\n<\/div>\n<\/div>\n<\/div>\n<\/div>\n<\/div>\n<\/div>\n<\/div>\n<\/div>\n<\/div>\n<\/div>\n<\/div>\n<\/div>\n<\/div>\n<\/div>\n<\/div>\n<\/div>\n","protected":false},"excerpt":{"rendered":"<div class=\"mh-excerpt\">Martes 1 de Agosto D\u00cdA DE LA 3\u00aa EDAD A las 12:00 horas. Misa en sufragio por los difuntos de la Asociaci\u00f3n fallecidos este a\u00f1o. A las 14:30 horas. Comida de Hermandad en el Centro <a class=\"mh-excerpt-more\" href=\"https:\/\/www.tucomarca.com\/wordpress\/segunda\/campo-arcis-celebra-su-49-semana-cultural\/\" title=\"Campo Arc\u00eds celebra su 49 Semana Cultural\">[+] <\/a><\/div>\n","protected":false},"author":2,"featured_media":58524,"comment_status":"open","ping_status":"open","sticky":false,"template":"","format":"standard","meta":{"footnotes":""},"categories":[4,112,7,27,3],"tags":[10596,2907],"class_list":{"0":"post-58523","1":"post","2":"type-post","3":"status-publish","4":"format-standard","5":"has-post-thumbnail","7":"category-agenda","8":"category-campo-arcis","9":"category-ocio-y-cultura","10":"category-requena-utiel","11":"category-seccion","12":"tag-ayuntamiento-de-campo-arcis","13":"tag-comarca-requena-utiel"},"_links":{"self":[{"href":"https:\/\/www.tucomarca.com\/wordpress\/segunda\/wp-json\/wp\/v2\/posts\/58523","targetHints":{"allow":["GET"]}}],"collection":[{"href":"https:\/\/www.tucomarca.com\/wordpress\/segunda\/wp-json\/wp\/v2\/posts"}],"about":[{"href":"https:\/\/www.tucomarca.com\/wordpress\/segunda\/wp-json\/wp\/v2\/types\/post"}],"author":[{"embeddable":true,"href":"https:\/\/www.tucomarca.com\/wordpress\/segunda\/wp-json\/wp\/v2\/users\/2"}],"replies":[{"embeddable":true,"href":"https:\/\/www.tucomarca.com\/wordpress\/segunda\/wp-json\/wp\/v2\/comments?post=58523"}],"version-history":[{"count":0,"href":"https:\/\/www.tucomarca.com\/wordpress\/segunda\/wp-json\/wp\/v2\/posts\/58523\/revisions"}],"wp:featuredmedia":[{"embeddable":true,"href":"https:\/\/www.tucomarca.com\/wordpress\/segunda\/wp-json\/wp\/v2\/media\/58524"}],"wp:attachment":[{"href":"https:\/\/www.tucomarca.com\/wordpress\/segunda\/wp-json\/wp\/v2\/media?parent=58523"}],"wp:term":[{"taxonomy":"category","embeddable":true,"href":"https:\/\/www.tucomarca.com\/wordpress\/segunda\/wp-json\/wp\/v2\/categories?post=58523"},{"taxonomy":"post_tag","embeddable":true,"href":"https:\/\/www.tucomarca.com\/wordpress\/segunda\/wp-json\/wp\/v2\/tags?post=58523"}],"curies":[{"name":"wp","href":"https:\/\/api.w.org\/{rel}","templated":true}]}}