{"id":58559,"date":"2017-08-01T22:10:13","date_gmt":"2017-08-01T20:10:13","guid":{"rendered":"http:\/\/www.tucomarca.com\/wordpress\/segunda\/?p=58559"},"modified":"2017-08-01T22:10:13","modified_gmt":"2017-08-01T20:10:13","slug":"los-museos-de-la-diputacion-veranean-en-las-comarcas-de-requena-utiel-camp-de-turia-y-la-hoya","status":"publish","type":"post","link":"https:\/\/www.tucomarca.com\/wordpress\/segunda\/los-museos-de-la-diputacion-veranean-en-las-comarcas-de-requena-utiel-camp-de-turia-y-la-hoya\/","title":{"rendered":"Los museos de la Diputaci\u00f3n \u00abveranean\u00bb en las comarcas de Requena-Utiel, Camp de T\u00faria y La Hoya"},"content":{"rendered":"<figure id=\"attachment_58560\" aria-describedby=\"caption-attachment-58560\" style=\"width: 1024px\" class=\"wp-caption alignleft\"><a href=\"https:\/\/www.tucomarca.com\/wordpress\/segunda\/wp-content\/uploads\/2017\/08\/El-diputat-Xavier-Rius-durant-la-presentaci\u00f3-de-la-mostra-Prehist\u00f2ria-i-C\u00f2mic-a-X\u00e0tiva_01.jpg\"><img loading=\"lazy\" decoding=\"async\" class=\"size-large wp-image-58560\" src=\"https:\/\/www.tucomarca.com\/wordpress\/segunda\/wp-content\/uploads\/2017\/08\/El-diputat-Xavier-Rius-durant-la-presentaci\u00f3-de-la-mostra-Prehist\u00f2ria-i-C\u00f2mic-a-X\u00e0tiva_01-1024x684.jpg\" alt=\"X\u00e0tiva, G\u00e0tova, l\u2019Olleria, Real de Gandia, Y\u00e1tova y Castell\u00f3 de Rugat exhiben diferentes muestras itinerantes de los centros expositivos dependientes del \u00c1rea de Cultura.\" width=\"1024\" height=\"684\" srcset=\"https:\/\/www.tucomarca.com\/wordpress\/segunda\/wp-content\/uploads\/2017\/08\/El-diputat-Xavier-Rius-durant-la-presentaci\u00f3-de-la-mostra-Prehist\u00f2ria-i-C\u00f2mic-a-X\u00e0tiva_01-1024x684.jpg 1024w, https:\/\/www.tucomarca.com\/wordpress\/segunda\/wp-content\/uploads\/2017\/08\/El-diputat-Xavier-Rius-durant-la-presentaci\u00f3-de-la-mostra-Prehist\u00f2ria-i-C\u00f2mic-a-X\u00e0tiva_01-300x200.jpg 300w, https:\/\/www.tucomarca.com\/wordpress\/segunda\/wp-content\/uploads\/2017\/08\/El-diputat-Xavier-Rius-durant-la-presentaci\u00f3-de-la-mostra-Prehist\u00f2ria-i-C\u00f2mic-a-X\u00e0tiva_01-768x513.jpg 768w, https:\/\/www.tucomarca.com\/wordpress\/segunda\/wp-content\/uploads\/2017\/08\/El-diputat-Xavier-Rius-durant-la-presentaci\u00f3-de-la-mostra-Prehist\u00f2ria-i-C\u00f2mic-a-X\u00e0tiva_01.jpg 1600w\" sizes=\"auto, (max-width: 1024px) 100vw, 1024px\" \/><\/a><figcaption id=\"caption-attachment-58560\" class=\"wp-caption-text\">X\u00e0tiva, G\u00e0tova, l\u2019Olleria, Real de Gandia, Y\u00e1tova y Castell\u00f3 de Rugat exhiben diferentes muestras itinerantes de los centros expositivos dependientes del \u00c1rea de Cultura.<\/figcaption><\/figure>\n<p>Durante estos meses de verano, los centros expositivos del \u00c1rea de Cultura de la Diputaci\u00f3n de Valencia extienden su programaci\u00f3n hasta los diferentes municipios de las comarcas valencianas a trav\u00e9s de las exposiciones itinerantes. Una iniciativa que constituye una clara apuesta por promocionar y difundir la cultura en las localidades valencianas.<\/p>\n<p>El responsable de Cultura, Xavier Rius, ha explicado que resulta una l\u00ednea estrat\u00e9gica de su departamento \u00abdescentralizar la cultura y fomentar la vida cultural en los municipios\u00bb para \u00abgarantizar el derecho de la ciudadan\u00eda a la igualdad de oportunidades, tambi\u00e9n en el \u00e1mbito cultural, independientemente de cu\u00e1l sea su lugar de residencia o el censo de su localidad\u00bb, ha remarcado el diputado.<\/p>\n<p>En este sentido, el Museu de Prehist\u00f2ria de Val\u00e8ncia lleva hasta X\u00e0tiva la muestra\u00a0<em>Prehist\u00f2ria i C\u00f2mic<\/em>. Una mirada sobre el mundo del c\u00f3mic desde la propia prehistoria, de la mano de los grandes iconos universales presentes en el imaginario colectivo y que remiten directamente a los tiempos m\u00e1s remotos: desde Purk el Hombre de piedra, el Peque\u00f1o Pantera Negra, Altamiro de la cueva o Hug el troglodita, que comparten escenario con iconos del c\u00f3mic americano, como Alley Pop, Tor, Los Picapiedra o Turok, adem\u00e1s de otros h\u00e9roes prehist\u00f3ricos del c\u00f3mic franc\u00f3fono no menos conocidos, como Tounga, Rahan, o las nuevas hero\u00ednas Lucy o Vo &#8216;houn\u00e2. Todo a trav\u00e9s de m\u00e1s de un centenar de c\u00f3mics, que abarcan desde principios del siglo XX hasta la actualidad, que se pueden visitar hasta el pr\u00f3ximo 29 de octubre en el Espai Cultural del antiguo Convent de Sant Dom\u00e8nec de la capital de la Costera.<\/p>\n<p>Con el prop\u00f3sito de poner el patrimonio arqueol\u00f3gico valenciano al alcance de la ciudadan\u00eda haciendo uso de la fotograf\u00eda, recala en G\u00e0tova la exposici\u00f3n\u00a0<em>Fotoibers<\/em>. La muestra re\u00fane medio centenar de fotograf\u00edas, seleccionadas entre m\u00e1s de 470, capturadas en los nueve yacimientos que conforman la\u00a0<em>Ruta dels Ibers<\/em>. Entre estas instant\u00e1neas, destacan las dos im\u00e1genes premiadas por el jurado, realizadas por Amant Hern\u00e1ndez y Emilio Rubio en el Mol\u00f3n de Camporrobles; y el trabajo de Jos\u00e9 Carbonell Sanchis en el Puntal dels Llops de Olocau, el cual obtuvo el premio del p\u00fablico durante su exhibici\u00f3n en la Benefic\u00e8ncia.<\/p>\n<p><strong>Grabados, fotograf\u00edas y fiestas valencianas<\/strong><\/p>\n<p>La muestra\u00a0<em>La cara dels altres<\/em>, una producci\u00f3n del Museu Valenci\u00e0 d\u2019Etnologia, visita estos meses Monforte del Cid para presentar el ideario ex\u00f3tico generado por los viajeros europeos a tierras de Asia, Am\u00e9rica y \u00c1frica durante los siglos XVIII y XIX. Y lo hace a trav\u00e9s de 93 reproducciones de grabados pertenecientes a la colecci\u00f3n de Joan Francesc Mira. Los dibujos ofrecen la visi\u00f3n europea de otras culturas a trav\u00e9s de escenas de la vida cotidiana, las costumbres y la indumentaria.<\/p>\n<p>Las instant\u00e1neas de David Cantillo Orozco dedicadas al nexo existente entre los rituales del fuego y las fiestas, han viajado hasta l\u2019Olleria para ser exhibidas dentro de la muestra\u00a0<em>Rituals de festa i foc<\/em>. Un trayecto visual por el elemento del fuego como historiador del mundo y precursor de numerosas celebraciones festivas.<\/p>\n<p>En un \u00e1mbito bastante similar,\u00a0<em>Festes valencianes<\/em>\u00a0muestra en Real de Gandia un total de 51 fotograf\u00edas, fechadas entre principios y mediados del siglo XX, de diez festividades representativas de la Comunitat Valenciana: San Antonio Abad, las Fallas, la Semana Santa Marinera, Corpus Christi, los Moros y Cristianos, las Romer\u00edas, los \u00abBous al carrer\u00bb, el \u00abMisteri d\u2019Elche\u00bb, la \u00abVirgen de la Salud\u00bb y los \u00abEnfarinats\u00bb. Un recorrido fotogr\u00e1fico que transita por las multitudinarias fiestas urbanas, pasando por celebraciones ancestrales de pueblos del interior hasta llegar a aquellos festejos que encuentran su existencia en un intenso fervor religioso o un origen claramente pagano. La muestra se complementa con im\u00e1genes actuales de cada una de las fiestas con el fin de explicar su evoluci\u00f3n a lo largo de los tiempos.<\/p>\n<p>Finalmente,\u00a0<em>Faixa roja, Faixa blava. La pilota valenciana<\/em>, la exposici\u00f3n coproducida por el Museu de la Pilota de Genov\u00e9s y el Museu Valenci\u00e0 d\u2019Etnologia, llega estos meses de verano hasta el municipio de Y\u00e1tova para explicar, de manera clara y atractiva, las bases fundamentales de nuestro deporte aut\u00f3ctono. El material expuesto consta de paneles informativos, maquetas de espacios de juego, carteler\u00eda, documentos hist\u00f3ricos, varios tipos de pelotas y utillaje, as\u00ed como recursos audiovisuales. Adem\u00e1s, se incorporan algunas fotograf\u00edas del archivo propio de Ismael Latorre Mendoza.<\/p>\n<p><strong>La Rep\u00fablica en Castell\u00f3 de Rugat<\/strong><\/p>\n<p>La versi\u00f3n itinerante de la\u00a0<em>Modernidad Republicana<\/em>\u00a0del Museu Valenci\u00e0 de la Il\u00b7lustraci\u00f3 i de la Modernitat (MuVIM), recala el pr\u00f3ximo mes de septiembre en la localidad de Castell\u00f3 de Rugat. Lo har\u00e1 con cerca de medio centenar de una cuidada selecci\u00f3n de r\u00e9plicas de obras originales, creadas entre el 21 de abril de 1931 y el 1 de abril de 1939 \u2013desde la proclamaci\u00f3n de la Rep\u00fablica y hasta el fin de la Guerra Civil\u2013 de artistas como Arturo Ballester, Teodoro Andreu, Josep Renau o Luis Dub\u00f3n, entre otros. Estos trabajos conforman una retrospectiva que plantea un recorrido por los avatares de la historia social y pol\u00edtica de los a\u00f1os 30 y, muy especialmente, por los de la fecunda historia de los lenguajes art\u00edsticos y la est\u00e9tica del momento. Una exposici\u00f3n, en definitiva, capaz de comunicar los valores de una \u00e9poca de la historia reciente a trav\u00e9s de la difusi\u00f3n est\u00e9tica.<\/p>\n","protected":false},"excerpt":{"rendered":"<div class=\"mh-excerpt\">Durante estos meses de verano, los centros expositivos del \u00c1rea de Cultura de la Diputaci\u00f3n de Valencia extienden su programaci\u00f3n hasta los diferentes municipios de las comarcas valencianas a trav\u00e9s de las exposiciones itinerantes. Una <a class=\"mh-excerpt-more\" href=\"https:\/\/www.tucomarca.com\/wordpress\/segunda\/los-museos-de-la-diputacion-veranean-en-las-comarcas-de-requena-utiel-camp-de-turia-y-la-hoya\/\" title=\"Los museos de la Diputaci\u00f3n \u00abveranean\u00bb en las comarcas de Requena-Utiel, Camp de T\u00faria y La Hoya\">[+] <\/a><\/div>\n","protected":false},"author":1,"featured_media":58560,"comment_status":"open","ping_status":"open","sticky":false,"template":"","format":"standard","meta":{"footnotes":""},"categories":[46,236,176,72,10,7,181,92,27,3,45,11],"tags":[10395,204,5952,10387],"class_list":{"0":"post-58559","1":"post","2":"type-post","3":"status-publish","4":"format-standard","5":"has-post-thumbnail","7":"category-camp-de-turia","8":"category-camporrobles","9":"category-gatova","10":"category-sin-categorizar","11":"category-la-hoya","12":"category-ocio-y-cultura","13":"category-olocau","14":"category-pintura","15":"category-requena-utiel","16":"category-seccion","17":"category-ventana","18":"category-yatova","19":"tag-camp-de-turia","20":"tag-diputacion","21":"tag-la-hoya-de-bunol-chiva","22":"tag-requena-utiel"},"_links":{"self":[{"href":"https:\/\/www.tucomarca.com\/wordpress\/segunda\/wp-json\/wp\/v2\/posts\/58559","targetHints":{"allow":["GET"]}}],"collection":[{"href":"https:\/\/www.tucomarca.com\/wordpress\/segunda\/wp-json\/wp\/v2\/posts"}],"about":[{"href":"https:\/\/www.tucomarca.com\/wordpress\/segunda\/wp-json\/wp\/v2\/types\/post"}],"author":[{"embeddable":true,"href":"https:\/\/www.tucomarca.com\/wordpress\/segunda\/wp-json\/wp\/v2\/users\/1"}],"replies":[{"embeddable":true,"href":"https:\/\/www.tucomarca.com\/wordpress\/segunda\/wp-json\/wp\/v2\/comments?post=58559"}],"version-history":[{"count":0,"href":"https:\/\/www.tucomarca.com\/wordpress\/segunda\/wp-json\/wp\/v2\/posts\/58559\/revisions"}],"wp:featuredmedia":[{"embeddable":true,"href":"https:\/\/www.tucomarca.com\/wordpress\/segunda\/wp-json\/wp\/v2\/media\/58560"}],"wp:attachment":[{"href":"https:\/\/www.tucomarca.com\/wordpress\/segunda\/wp-json\/wp\/v2\/media?parent=58559"}],"wp:term":[{"taxonomy":"category","embeddable":true,"href":"https:\/\/www.tucomarca.com\/wordpress\/segunda\/wp-json\/wp\/v2\/categories?post=58559"},{"taxonomy":"post_tag","embeddable":true,"href":"https:\/\/www.tucomarca.com\/wordpress\/segunda\/wp-json\/wp\/v2\/tags?post=58559"}],"curies":[{"name":"wp","href":"https:\/\/api.w.org\/{rel}","templated":true}]}}