{"id":58611,"date":"2017-08-02T18:44:24","date_gmt":"2017-08-02T16:44:24","guid":{"rendered":"http:\/\/www.tucomarca.com\/wordpress\/segunda\/?p=58611"},"modified":"2017-08-02T18:44:24","modified_gmt":"2017-08-02T16:44:24","slug":"alzira-busca-recuperar-el-uso-deportivo-del-rio-xuquer-con-el-apoyo-de-la-diputacion","status":"publish","type":"post","link":"https:\/\/www.tucomarca.com\/wordpress\/segunda\/alzira-busca-recuperar-el-uso-deportivo-del-rio-xuquer-con-el-apoyo-de-la-diputacion\/","title":{"rendered":"Alzira busca recuperar el uso deportivo del r\u00edo X\u00faquer con el apoyo de la Diputaci\u00f3n"},"content":{"rendered":"<figure id=\"attachment_58612\" aria-describedby=\"caption-attachment-58612\" style=\"width: 1024px\" class=\"wp-caption alignleft\"><a href=\"https:\/\/www.tucomarca.com\/wordpress\/segunda\/wp-content\/uploads\/2017\/08\/JosepBort-X\u00faquer.jpg\"><img loading=\"lazy\" decoding=\"async\" class=\"size-large wp-image-58612\" src=\"https:\/\/www.tucomarca.com\/wordpress\/segunda\/wp-content\/uploads\/2017\/08\/JosepBort-X\u00faquer-1024x683.jpg\" alt=\"El diputat de Medi Ambient ha participat en la tercera edici\u00f3 del Descens del riu X\u00faquer amb piragua, una iniciativa que persegueix recon\u00e8ixer la rellev\u00e0ncia natural i vertebradora del caudal.\" width=\"1024\" height=\"683\" srcset=\"https:\/\/www.tucomarca.com\/wordpress\/segunda\/wp-content\/uploads\/2017\/08\/JosepBort-X\u00faquer.jpg 1024w, https:\/\/www.tucomarca.com\/wordpress\/segunda\/wp-content\/uploads\/2017\/08\/JosepBort-X\u00faquer-300x200.jpg 300w, https:\/\/www.tucomarca.com\/wordpress\/segunda\/wp-content\/uploads\/2017\/08\/JosepBort-X\u00faquer-768x512.jpg 768w\" sizes=\"auto, (max-width: 1024px) 100vw, 1024px\" \/><\/a><figcaption id=\"caption-attachment-58612\" class=\"wp-caption-text\">El diputat de Medi Ambient ha participat en la tercera edici\u00f3 del Descens del riu X\u00faquer amb piragua, una iniciativa que persegueix recon\u00e8ixer la rellev\u00e0ncia natural i vertebradora del caudal.<\/figcaption><\/figure>\n<p>Por tercer a\u00f1o consecutivo la localidad de Alzira ha celebrado el\u00a0<em>Descenso del r\u00edo X\u00faquer<\/em>, actividad promovida por el Ayuntamiento de Alzira y que persigue reconocer el papel de este caudal como elemento vertebrador y representativo, no s\u00f3lo de Alzira, sino de la comarca de la Ribera Alta en su conjunto. Una iniciativa en la que ha participado el diputado de Medio Ambiente, Josep Bort; la consellera de Agricultura, Medio Ambiente, Cambio Clim\u00e1tico y Desarrollo Rural, Elena Cebri\u00e1n; adem\u00e1s del alcalde de Alzira, Diego G\u00f3mez; y el concejal de Medio Ambiente, Pep Carreres.<\/p>\n<p>Los clubes de pirag\u00fcismo de Antella y Alzira han sido los encargados de suministrar el material y dirigir las embarcaciones en un recorrido que se ha iniciado en el t\u00e9rmino de la Alm\u00fania y que estaba previsto que terminara una hora despu\u00e9s junto al Pont de Ferro.<\/p>\n<p>Las tres administraciones \u2013Generalitat, Diputaci\u00f3n y Ayuntamiento\u2013 trabajan conjuntamente en la implementaci\u00f3n de diferentes actuaciones e iniciativas encaminadas a favorecer la recuperaci\u00f3n del r\u00edo X\u00faquer como valor natural de gran relevancia y su uso para actividades recreativas y deportivas, como el pirag\u00fcismo.<\/p>\n<p>El diputado Josep Bort ha reivindicado que \u00abel r\u00edo X\u00faquer es un regalo de la naturaleza al que no se le puede dar la espalda. Las pr\u00f3ximas generaciones y tambi\u00e9n las presentes han de ver y vivir el r\u00edo como el importante recurso natural que es, y aprovechar su valor natural y patrimonial\u00bb, ha apuntado Bort.<\/p>\n<p>El responsable del \u00c1rea de Medio Ambiente ha incidido en que el equipo de gobierno municipal \u00abha identificado la necesidad de dinamizar este entorno y con los esfuerzos conjuntos de todas las administraciones, Alzira y las inmediaciones del r\u00edo X\u00faquer ser\u00e1n un lugar mejor para vivir, con mejores condiciones ambientales y mayores oportunidades recreativas para toda la ciudadan\u00eda. Una nueva hoja de ruta donde el r\u00edo X\u00faquer jugar\u00e1 un papel muy relevante\u00bb, ha enfatizado el diputado.<\/p>\n<p>En este sentido, desde el \u00c1rea de Medio Ambiente se ha aprobado recientemente la concesi\u00f3n al Ayuntamiento de Alzira de una subvenci\u00f3n, por valor de 50.000 dentro euros, enmarcada dentro del programa de Recuperaci\u00f3n de Espacios Degradados implantado por este departamento, y que tiene como principal objetivo acometer tareas para la recuperaci\u00f3n de la flora y vegetaci\u00f3n de la ribera del r\u00edo. En concreto, las actuaciones previstas se ejecutar\u00e1n en el tramo que va desde el Pont de Ferro y hasta el recinto ferial. Una demarcaci\u00f3n donde recientemente se han encontrado ejemplares de la especie conocida como\u00a0<em>hierba jabonera<\/em>\u00a0(saponaria officinalis), planta que tradicionalmente se ha utilizado para la confecci\u00f3n del jab\u00f3n, cuando no se conoc\u00eda la sosa c\u00e1ustica y la producci\u00f3n de este elemento resultaba artesanal.<\/p>\n<p>Por otra parte, la Conselleria de Agricultura, Medio Ambiente, Cambio Clim\u00e1tico y Desarrollo Rural colabora en este proyecto a trav\u00e9s del Centro para la Investigaci\u00f3n y Experimentaci\u00f3n Forestal (CIEF) de la Comunitat Valenciana. Un organismo que facilita los plantones para la recuperaci\u00f3n del r\u00edo X\u00faquer, en un proyecto en el que tambi\u00e9n est\u00e1n implicados los diferentes colegios de Alzira y la Fundaci\u00f3n Limne, y que este a\u00f1o, adem\u00e1s, abordar\u00e1 nuevas zonas y har\u00e1 part\u00edcipes a nuevos centros educativos de la ciudad.<\/p>\n","protected":false},"excerpt":{"rendered":"<div class=\"mh-excerpt\">Por tercer a\u00f1o consecutivo la localidad de Alzira ha celebrado el\u00a0Descenso del r\u00edo X\u00faquer, actividad promovida por el Ayuntamiento de Alzira y que persigue reconocer el papel de este caudal como elemento vertebrador y representativo, <a class=\"mh-excerpt-more\" href=\"https:\/\/www.tucomarca.com\/wordpress\/segunda\/alzira-busca-recuperar-el-uso-deportivo-del-rio-xuquer-con-el-apoyo-de-la-diputacion\/\" title=\"Alzira busca recuperar el uso deportivo del r\u00edo X\u00faquer con el apoyo de la Diputaci\u00f3n\">[+] <\/a><\/div>\n","protected":false},"author":1,"featured_media":58612,"comment_status":"open","ping_status":"open","sticky":false,"template":"","format":"standard","meta":{"footnotes":""},"categories":[69,128,8,42,3,45],"tags":[10402,3640],"class_list":{"0":"post-58611","1":"post","2":"type-post","3":"status-publish","4":"format-standard","5":"has-post-thumbnail","7":"category-alzira","8":"category-infraestructuras","9":"category-la-comarca","10":"category-la-ribera","11":"category-seccion","12":"category-ventana","13":"tag-alzira","14":"tag-la-ribera-alta"},"_links":{"self":[{"href":"https:\/\/www.tucomarca.com\/wordpress\/segunda\/wp-json\/wp\/v2\/posts\/58611","targetHints":{"allow":["GET"]}}],"collection":[{"href":"https:\/\/www.tucomarca.com\/wordpress\/segunda\/wp-json\/wp\/v2\/posts"}],"about":[{"href":"https:\/\/www.tucomarca.com\/wordpress\/segunda\/wp-json\/wp\/v2\/types\/post"}],"author":[{"embeddable":true,"href":"https:\/\/www.tucomarca.com\/wordpress\/segunda\/wp-json\/wp\/v2\/users\/1"}],"replies":[{"embeddable":true,"href":"https:\/\/www.tucomarca.com\/wordpress\/segunda\/wp-json\/wp\/v2\/comments?post=58611"}],"version-history":[{"count":0,"href":"https:\/\/www.tucomarca.com\/wordpress\/segunda\/wp-json\/wp\/v2\/posts\/58611\/revisions"}],"wp:featuredmedia":[{"embeddable":true,"href":"https:\/\/www.tucomarca.com\/wordpress\/segunda\/wp-json\/wp\/v2\/media\/58612"}],"wp:attachment":[{"href":"https:\/\/www.tucomarca.com\/wordpress\/segunda\/wp-json\/wp\/v2\/media?parent=58611"}],"wp:term":[{"taxonomy":"category","embeddable":true,"href":"https:\/\/www.tucomarca.com\/wordpress\/segunda\/wp-json\/wp\/v2\/categories?post=58611"},{"taxonomy":"post_tag","embeddable":true,"href":"https:\/\/www.tucomarca.com\/wordpress\/segunda\/wp-json\/wp\/v2\/tags?post=58611"}],"curies":[{"name":"wp","href":"https:\/\/api.w.org\/{rel}","templated":true}]}}