{"id":58634,"date":"2017-08-03T18:58:31","date_gmt":"2017-08-03T16:58:31","guid":{"rendered":"http:\/\/www.tucomarca.com\/wordpress\/segunda\/?p=58634"},"modified":"2017-08-03T18:58:31","modified_gmt":"2017-08-03T16:58:31","slug":"la-biblioteca-de-bunol-adquiere-la-primera-edicion-de-la-topografia-medica-de-bunol-firmada-por-su-autor-facundo-tomas","status":"publish","type":"post","link":"https:\/\/www.tucomarca.com\/wordpress\/segunda\/la-biblioteca-de-bunol-adquiere-la-primera-edicion-de-la-topografia-medica-de-bunol-firmada-por-su-autor-facundo-tomas\/","title":{"rendered":"La Biblioteca de Bu\u00f1ol adquiere la primera edici\u00f3n de la Topograf\u00eda m\u00e9dica de Bu\u00f1ol firmada por su autor Facundo Tom\u00e1s"},"content":{"rendered":"<figure id=\"attachment_58636\" aria-describedby=\"caption-attachment-58636\" style=\"width: 362px\" class=\"wp-caption alignleft\"><img loading=\"lazy\" decoding=\"async\" class=\" wp-image-58636\" src=\"https:\/\/www.tucomarca.com\/wordpress\/segunda\/wp-content\/uploads\/2017\/08\/anteportada3-300x225.jpg\" alt=\"Anteportada de la Topograf\u00eda M\u00e9dica de Bu\u00f1ol (ed. 1935) dedicada por su autor, Facundo Tom\u00e1s al escritor valenciano Bernardo Morales.\" width=\"362\" height=\"271\" srcset=\"https:\/\/www.tucomarca.com\/wordpress\/segunda\/wp-content\/uploads\/2017\/08\/anteportada3-300x225.jpg 300w, https:\/\/www.tucomarca.com\/wordpress\/segunda\/wp-content\/uploads\/2017\/08\/anteportada3-768x576.jpg 768w, https:\/\/www.tucomarca.com\/wordpress\/segunda\/wp-content\/uploads\/2017\/08\/anteportada3-1024x768.jpg 1024w\" sizes=\"auto, (max-width: 362px) 100vw, 362px\" \/><figcaption id=\"caption-attachment-58636\" class=\"wp-caption-text\"><em>Anteportada de la Topograf\u00eda M\u00e9dica de Bu\u00f1ol (ed. 1935) dedicada por su autor, Facundo Tom\u00e1s, al escritor valenciano Bernardo Morales.<\/em><\/figcaption><\/figure>\n<p><b>La Biblioteca de Bu\u00f1ol ha adquirido la primera edici\u00f3n de la <i>Topograf\u00eda m\u00e9dica de Bu\u00f1ol<\/i> (Valencia, 1935) de Facundo Tom\u00e1s Mart\u00ed, obra de la que hasta ahora la Biblioteca conservaba s\u00f3lo la edici\u00f3n de 1983<\/b><\/p>\n<p>Se trata de una obra de gran valor hist\u00f3rico para el estudio del municipio, y el ejemplar adquirido constituye una \u201cjoya bibliogr\u00e1fica\u201d no s\u00f3lo por su antig\u00fcedad y rareza (de esta primera edici\u00f3n se conservan muy pocos ejemplares) sino tambi\u00e9n por contener la firma manuscrita de su autor, hecho que le otorga un valor bibliogr\u00e1fico a\u00f1adido. El libro est\u00e1 dedicado al escritor valenciano Bernardo Morales Sanmart\u00edn (1864-1947).<\/p>\n","protected":false},"excerpt":{"rendered":"<div class=\"mh-excerpt\">La Biblioteca de Bu\u00f1ol ha adquirido la primera edici\u00f3n de la Topograf\u00eda m\u00e9dica de Bu\u00f1ol (Valencia, 1935) de Facundo Tom\u00e1s Mart\u00ed, obra de la que hasta ahora la Biblioteca conservaba s\u00f3lo la edici\u00f3n de 1983 <a class=\"mh-excerpt-more\" href=\"https:\/\/www.tucomarca.com\/wordpress\/segunda\/la-biblioteca-de-bunol-adquiere-la-primera-edicion-de-la-topografia-medica-de-bunol-firmada-por-su-autor-facundo-tomas\/\" title=\"La Biblioteca de Bu\u00f1ol adquiere la primera edici\u00f3n de la Topograf\u00eda m\u00e9dica de Bu\u00f1ol firmada por su autor Facundo Tom\u00e1s\">[+] <\/a><\/div>\n","protected":false},"author":2,"featured_media":58636,"comment_status":"open","ping_status":"open","sticky":false,"template":"","format":"standard","meta":{"footnotes":""},"categories":[18,8,10,7,3],"tags":[],"class_list":{"0":"post-58634","1":"post","2":"type-post","3":"status-publish","4":"format-standard","5":"has-post-thumbnail","7":"category-bunol","8":"category-la-comarca","9":"category-la-hoya","10":"category-ocio-y-cultura","11":"category-seccion"},"_links":{"self":[{"href":"https:\/\/www.tucomarca.com\/wordpress\/segunda\/wp-json\/wp\/v2\/posts\/58634","targetHints":{"allow":["GET"]}}],"collection":[{"href":"https:\/\/www.tucomarca.com\/wordpress\/segunda\/wp-json\/wp\/v2\/posts"}],"about":[{"href":"https:\/\/www.tucomarca.com\/wordpress\/segunda\/wp-json\/wp\/v2\/types\/post"}],"author":[{"embeddable":true,"href":"https:\/\/www.tucomarca.com\/wordpress\/segunda\/wp-json\/wp\/v2\/users\/2"}],"replies":[{"embeddable":true,"href":"https:\/\/www.tucomarca.com\/wordpress\/segunda\/wp-json\/wp\/v2\/comments?post=58634"}],"version-history":[{"count":0,"href":"https:\/\/www.tucomarca.com\/wordpress\/segunda\/wp-json\/wp\/v2\/posts\/58634\/revisions"}],"wp:featuredmedia":[{"embeddable":true,"href":"https:\/\/www.tucomarca.com\/wordpress\/segunda\/wp-json\/wp\/v2\/media\/58636"}],"wp:attachment":[{"href":"https:\/\/www.tucomarca.com\/wordpress\/segunda\/wp-json\/wp\/v2\/media?parent=58634"}],"wp:term":[{"taxonomy":"category","embeddable":true,"href":"https:\/\/www.tucomarca.com\/wordpress\/segunda\/wp-json\/wp\/v2\/categories?post=58634"},{"taxonomy":"post_tag","embeddable":true,"href":"https:\/\/www.tucomarca.com\/wordpress\/segunda\/wp-json\/wp\/v2\/tags?post=58634"}],"curies":[{"name":"wp","href":"https:\/\/api.w.org\/{rel}","templated":true}]}}