{"id":58644,"date":"2017-08-03T18:59:11","date_gmt":"2017-08-03T16:59:11","guid":{"rendered":"http:\/\/www.tucomarca.com\/wordpress\/segunda\/?p=58644"},"modified":"2017-08-03T19:01:37","modified_gmt":"2017-08-03T17:01:37","slug":"el-viernes-4-de-agosto-a-las-2230-h-en-el-auditorio-municipal-llega-la-jaula-de-grillos","status":"publish","type":"post","link":"https:\/\/www.tucomarca.com\/wordpress\/segunda\/el-viernes-4-de-agosto-a-las-2230-h-en-el-auditorio-municipal-llega-la-jaula-de-grillos\/","title":{"rendered":"Este viernes 4 de agosto, a las 22,30 h en el Auditorio Municipal, llega \u00abLa jaula de grillos\u00bb"},"content":{"rendered":"<figure id=\"attachment_58648\" aria-describedby=\"caption-attachment-58648\" style=\"width: 240px\" class=\"wp-caption alignleft\"><img loading=\"lazy\" decoding=\"async\" class=\"size-medium wp-image-58648\" src=\"https:\/\/www.tucomarca.com\/wordpress\/segunda\/wp-content\/uploads\/2017\/08\/jauladegrillos-240x300.jpg\" alt=\"Precio de las entradas 10 \u20ac anticipada, 15 \u20ac en taquilla.\" width=\"240\" height=\"300\" srcset=\"https:\/\/www.tucomarca.com\/wordpress\/segunda\/wp-content\/uploads\/2017\/08\/jauladegrillos-240x300.jpg 240w, https:\/\/www.tucomarca.com\/wordpress\/segunda\/wp-content\/uploads\/2017\/08\/jauladegrillos.jpg 588w\" sizes=\"auto, (max-width: 240px) 100vw, 240px\" \/><figcaption id=\"caption-attachment-58648\" class=\"wp-caption-text\"><em>Precio de las entradas 10 \u20ac anticipada, 15 \u20ac en taquilla.<\/em><\/figcaption><\/figure>\n<p><strong>Este\u00a0viernes 4 de agosto, a las 22,30 h en el\u00a0Auditorio Municipal, llega<\/strong> \u00ab<b>La\u00a0jaula de grillos\u00bb.\u00a0<\/b><b>Una comedia musical de Saga Producciones.\u00a0<\/b><b>Nunca has visto un Cabaret m\u00e1s alocado.\u00a0<\/b><strong>Las entradas 10 \u20ac anticipada, 15 \u20ac en taquilla.<\/strong><\/p>\n<p>La tranquila vida de Alvin y C\u00e9sar, una pareja homosexual due\u00f1os de un\u00a0cabaret, se ve alterada ante la inminente boda de Josean,\u00a0el hijo de\u00a0C\u00e9sar, con la hija de un senador ultraconservador. El pol\u00edtico, que desea\u00a0promocionar los valores tradicionales de la vida familiar, decide visitar a la\u00a0familia del novio, sin saber con lo que se va a encontrar.<\/p>\n<p class=\"p1\">Dos\u00a0horas de espect\u00e1culo conducidas por Jos\u00e9 Saiz; director\u00a0y actor que\u00a0encarna al maestro de ceremonias, quien da paso y sentido\u00a0al aut\u00e9ntico\u00a0protagonista del show, el cabaret. Pero no un cabaret cualquiera,\u00a0no. El cabaret\u00a0m\u00e1s alocado. N\u00fameros de drag queen y transformismo agrupados en distintos\u00a0estilos, coreografiados por Lina Mart\u00ednez.\u00a0Claqu\u00e9, disco, salsa\u2026 Sirven como hilo argumental de una comedia cuidada\u00a0hasta\u00a0el m\u00e1s m\u00ednimo detalle, con un magistral Alberto V\u00e1zquez al frente de un\u00a0elenco de actores y cuerpo de baile. Coreograf\u00edas y voces en directo. Canciones versionadas\u00a0al castellano\u00a0para\u00a0sumergirte de lleno en el maravilloso mundo del cabaret.<\/p>\n<p>Entra\u00a0en la Jaula y grita\u2026\u00a0<strong>#YoSoyFelizEnLaJaula.<\/strong><\/p>\n<p><strong>\u00a1No te\u00a0arrepentir\u00e1s!<\/strong><\/p>\n","protected":false},"excerpt":{"rendered":"<div class=\"mh-excerpt\">Este\u00a0viernes 4 de agosto, a las 22,30 h en el\u00a0Auditorio Municipal, llega \u00abLa\u00a0jaula de grillos\u00bb.\u00a0Una comedia musical de Saga Producciones.\u00a0Nunca has visto un Cabaret m\u00e1s alocado.\u00a0Las entradas 10 \u20ac anticipada, 15 \u20ac en taquilla. La <a class=\"mh-excerpt-more\" href=\"https:\/\/www.tucomarca.com\/wordpress\/segunda\/el-viernes-4-de-agosto-a-las-2230-h-en-el-auditorio-municipal-llega-la-jaula-de-grillos\/\" title=\"Este viernes 4 de agosto, a las 22,30 h en el Auditorio Municipal, llega \u00abLa jaula de grillos\u00bb\">[+] <\/a><\/div>\n","protected":false},"author":2,"featured_media":58648,"comment_status":"open","ping_status":"open","sticky":false,"template":"","format":"standard","meta":{"footnotes":""},"categories":[4,18,10,3],"tags":[5335,10601],"class_list":{"0":"post-58644","1":"post","2":"type-post","3":"status-publish","4":"format-standard","5":"has-post-thumbnail","7":"category-agenda","8":"category-bunol","9":"category-la-hoya","10":"category-seccion","11":"tag-ayuntamiento-de-bunol","12":"tag-la-jaula-de-grillos"},"_links":{"self":[{"href":"https:\/\/www.tucomarca.com\/wordpress\/segunda\/wp-json\/wp\/v2\/posts\/58644","targetHints":{"allow":["GET"]}}],"collection":[{"href":"https:\/\/www.tucomarca.com\/wordpress\/segunda\/wp-json\/wp\/v2\/posts"}],"about":[{"href":"https:\/\/www.tucomarca.com\/wordpress\/segunda\/wp-json\/wp\/v2\/types\/post"}],"author":[{"embeddable":true,"href":"https:\/\/www.tucomarca.com\/wordpress\/segunda\/wp-json\/wp\/v2\/users\/2"}],"replies":[{"embeddable":true,"href":"https:\/\/www.tucomarca.com\/wordpress\/segunda\/wp-json\/wp\/v2\/comments?post=58644"}],"version-history":[{"count":0,"href":"https:\/\/www.tucomarca.com\/wordpress\/segunda\/wp-json\/wp\/v2\/posts\/58644\/revisions"}],"wp:featuredmedia":[{"embeddable":true,"href":"https:\/\/www.tucomarca.com\/wordpress\/segunda\/wp-json\/wp\/v2\/media\/58648"}],"wp:attachment":[{"href":"https:\/\/www.tucomarca.com\/wordpress\/segunda\/wp-json\/wp\/v2\/media?parent=58644"}],"wp:term":[{"taxonomy":"category","embeddable":true,"href":"https:\/\/www.tucomarca.com\/wordpress\/segunda\/wp-json\/wp\/v2\/categories?post=58644"},{"taxonomy":"post_tag","embeddable":true,"href":"https:\/\/www.tucomarca.com\/wordpress\/segunda\/wp-json\/wp\/v2\/tags?post=58644"}],"curies":[{"name":"wp","href":"https:\/\/api.w.org\/{rel}","templated":true}]}}