{"id":58658,"date":"2017-08-03T22:39:16","date_gmt":"2017-08-03T20:39:16","guid":{"rendered":"http:\/\/www.tucomarca.com\/wordpress\/segunda\/?p=58658"},"modified":"2017-08-03T22:44:01","modified_gmt":"2017-08-03T20:44:01","slug":"el-medio-centro-del-atletico-saguntino-pablo-vidal-se-incorpora-a-la-disciplina-del-cd-bunol","status":"publish","type":"post","link":"https:\/\/www.tucomarca.com\/wordpress\/segunda\/el-medio-centro-del-atletico-saguntino-pablo-vidal-se-incorpora-a-la-disciplina-del-cd-bunol\/","title":{"rendered":"El medio centro del Atl\u00e9tico Saguntino Pablo Vidal se incorpora a la disciplina del CD Bu\u00f1ol"},"content":{"rendered":"<figure id=\"attachment_58659\" aria-describedby=\"caption-attachment-58659\" style=\"width: 329px\" class=\"wp-caption alignleft\"><a href=\"https:\/\/www.tucomarca.com\/wordpress\/segunda\/wp-content\/uploads\/2017\/08\/PABLOVIDAL.jpg\"><img loading=\"lazy\" decoding=\"async\" class=\" wp-image-58659\" src=\"https:\/\/www.tucomarca.com\/wordpress\/segunda\/wp-content\/uploads\/2017\/08\/PABLOVIDAL-768x1024.jpg\" alt=\"Pablo Vidal: \u201cEl proyecto del CD Bu\u00f1ol es el proyecto m\u00e1s atractivo que ten\u00eda\u201d.\" width=\"329\" height=\"439\" srcset=\"https:\/\/www.tucomarca.com\/wordpress\/segunda\/wp-content\/uploads\/2017\/08\/PABLOVIDAL-768x1024.jpg 768w, https:\/\/www.tucomarca.com\/wordpress\/segunda\/wp-content\/uploads\/2017\/08\/PABLOVIDAL-225x300.jpg 225w, https:\/\/www.tucomarca.com\/wordpress\/segunda\/wp-content\/uploads\/2017\/08\/PABLOVIDAL-1024x1365.jpg 1024w\" sizes=\"auto, (max-width: 329px) 100vw, 329px\" \/><\/a><figcaption id=\"caption-attachment-58659\" class=\"wp-caption-text\">Pablo Vidal: \u201cEl proyecto del CD Bu\u00f1ol es el proyecto m\u00e1s atractivo que ten\u00eda\u201d.<\/figcaption><\/figure>\n<p><b><\/b>El futbolista de tercera y segunda B, Pablo Vidal, tras renunciar otras ofertas m\u00e1s cerca de su casa, finalmente ha recalado en las filas del CD Bu\u00f1ol ya que como ha asegurado, el proyecto del club bu\u00f1olense ha sido \u201cel m\u00e1s atractivo\u201d.<\/p>\n<p>Esta es su ficha t\u00e9cnica y su trayectoria futbol\u00edstica, en la que acumula un total de cuatro ascensos a 2\u00aaB.<\/p>\n<p>DATOS:<\/p>\n<p>Nombre: Pablo Vidal Mu\u00f1oz<\/p>\n<p>Fecha de nacimiento: 20\/01\/1983<\/p>\n<p>Lugar de nacimiento: El Caba\u00f1al (Valencia)<\/p>\n<p>Pa\u00eds: Espa\u00f1a<\/p>\n<p>Altura\/Peso: 1,83cm \/ 84kg<\/p>\n<p>Posici\u00f3n: Medio centro<\/p>\n<p>TRAYECTORIA:<\/p>\n<table style=\"height: 345px;\" width=\"832\">\n<tbody>\n<tr>\n<td><strong>EQUIPO<\/strong><\/td>\n<td><strong>TEMPORADAS<\/strong><\/td>\n<\/tr>\n<tr>\n<td>Levante UD B<\/td>\n<td>2002\/2005<\/td>\n<\/tr>\n<tr>\n<td>CD Denia<\/td>\n<td>2005\/2009<\/td>\n<\/tr>\n<tr>\n<td>UD Alzira<\/td>\n<td>2009\/2011<\/td>\n<\/tr>\n<tr>\n<td>Hurac\u00e1n Valencia<\/td>\n<td>2011\/2015<\/td>\n<\/tr>\n<tr>\n<td>Atl\u00e9tico Saguntino<\/td>\n<td>2015\/2017<\/td>\n<\/tr>\n<\/tbody>\n<\/table>\n<p>&nbsp;<\/p>\n","protected":false},"excerpt":{"rendered":"<div class=\"mh-excerpt\">El futbolista de tercera y segunda B, Pablo Vidal, tras renunciar otras ofertas m\u00e1s cerca de su casa, finalmente ha recalado en las filas del CD Bu\u00f1ol ya que como ha asegurado, el proyecto del <a class=\"mh-excerpt-more\" href=\"https:\/\/www.tucomarca.com\/wordpress\/segunda\/el-medio-centro-del-atletico-saguntino-pablo-vidal-se-incorpora-a-la-disciplina-del-cd-bunol\/\" title=\"El medio centro del Atl\u00e9tico Saguntino Pablo Vidal se incorpora a la disciplina del CD Bu\u00f1ol\">[+] <\/a><\/div>\n","protected":false},"author":1,"featured_media":58659,"comment_status":"open","ping_status":"open","sticky":false,"template":"","format":"standard","meta":{"footnotes":""},"categories":[18,50,6,10,3,45],"tags":[537,5952],"class_list":{"0":"post-58658","1":"post","2":"type-post","3":"status-publish","4":"format-standard","5":"has-post-thumbnail","7":"category-bunol","8":"category-futbol-deportes","9":"category-deportes","10":"category-la-hoya","11":"category-seccion","12":"category-ventana","13":"tag-cd-bunol","14":"tag-la-hoya-de-bunol-chiva"},"_links":{"self":[{"href":"https:\/\/www.tucomarca.com\/wordpress\/segunda\/wp-json\/wp\/v2\/posts\/58658","targetHints":{"allow":["GET"]}}],"collection":[{"href":"https:\/\/www.tucomarca.com\/wordpress\/segunda\/wp-json\/wp\/v2\/posts"}],"about":[{"href":"https:\/\/www.tucomarca.com\/wordpress\/segunda\/wp-json\/wp\/v2\/types\/post"}],"author":[{"embeddable":true,"href":"https:\/\/www.tucomarca.com\/wordpress\/segunda\/wp-json\/wp\/v2\/users\/1"}],"replies":[{"embeddable":true,"href":"https:\/\/www.tucomarca.com\/wordpress\/segunda\/wp-json\/wp\/v2\/comments?post=58658"}],"version-history":[{"count":0,"href":"https:\/\/www.tucomarca.com\/wordpress\/segunda\/wp-json\/wp\/v2\/posts\/58658\/revisions"}],"wp:featuredmedia":[{"embeddable":true,"href":"https:\/\/www.tucomarca.com\/wordpress\/segunda\/wp-json\/wp\/v2\/media\/58659"}],"wp:attachment":[{"href":"https:\/\/www.tucomarca.com\/wordpress\/segunda\/wp-json\/wp\/v2\/media?parent=58658"}],"wp:term":[{"taxonomy":"category","embeddable":true,"href":"https:\/\/www.tucomarca.com\/wordpress\/segunda\/wp-json\/wp\/v2\/categories?post=58658"},{"taxonomy":"post_tag","embeddable":true,"href":"https:\/\/www.tucomarca.com\/wordpress\/segunda\/wp-json\/wp\/v2\/tags?post=58658"}],"curies":[{"name":"wp","href":"https:\/\/api.w.org\/{rel}","templated":true}]}}