{"id":58699,"date":"2017-08-04T17:08:49","date_gmt":"2017-08-04T15:08:49","guid":{"rendered":"http:\/\/www.tucomarca.com\/wordpress\/segunda\/?p=58699"},"modified":"2017-08-04T17:08:49","modified_gmt":"2017-08-04T15:08:49","slug":"el-santos-se-coloca-lider-del-grupo-b-del-cotif-tras-derrotar-a-la-seleccion-valenciana","status":"publish","type":"post","link":"https:\/\/www.tucomarca.com\/wordpress\/segunda\/el-santos-se-coloca-lider-del-grupo-b-del-cotif-tras-derrotar-a-la-seleccion-valenciana\/","title":{"rendered":"El Santos se coloca l\u00edder del grupo B del Cotif tras derrotar a la Selecci\u00f3n Valenciana"},"content":{"rendered":"<figure id=\"attachment_58700\" aria-describedby=\"caption-attachment-58700\" style=\"width: 2500px\" class=\"wp-caption alignleft\"><a href=\"https:\/\/www.tucomarca.com\/wordpress\/segunda\/wp-content\/uploads\/2017\/08\/SantosCotif.jpg\"><img loading=\"lazy\" decoding=\"async\" class=\"size-full wp-image-58700\" src=\"https:\/\/www.tucomarca.com\/wordpress\/segunda\/wp-content\/uploads\/2017\/08\/SantosCotif.jpg\" alt=\"El Santos brasile\u00f1o se coloca l\u00edder de la clasificaci\u00f3n del Grupo B tras derrotar con absoluta solvencia a la Selecci\u00f3n Valenciana por 2-0.\" width=\"2500\" height=\"1667\" srcset=\"https:\/\/www.tucomarca.com\/wordpress\/segunda\/wp-content\/uploads\/2017\/08\/SantosCotif.jpg 2500w, https:\/\/www.tucomarca.com\/wordpress\/segunda\/wp-content\/uploads\/2017\/08\/SantosCotif-300x200.jpg 300w, https:\/\/www.tucomarca.com\/wordpress\/segunda\/wp-content\/uploads\/2017\/08\/SantosCotif-768x512.jpg 768w, https:\/\/www.tucomarca.com\/wordpress\/segunda\/wp-content\/uploads\/2017\/08\/SantosCotif-1024x683.jpg 1024w\" sizes=\"auto, (max-width: 2500px) 100vw, 2500px\" \/><\/a><figcaption id=\"caption-attachment-58700\" class=\"wp-caption-text\">El Santos brasile\u00f1o se coloca l\u00edder de la clasificaci\u00f3n del Grupo B tras derrotar con absoluta solvencia a la Selecci\u00f3n Valenciana por 2-0.<\/figcaption><\/figure>\n<p><b>Santos 2 &#8211; 0 Selecci\u00f3n Valenciana<\/b><\/p>\n<ol>\n<li>0: Vinicius Balieiro m. 13<\/li>\n<li>0: Anderson Santos m. 25<\/li>\n<\/ol>\n<p>El Santos brasile\u00f1o se coloca l\u00edder de la clasificaci\u00f3n del Grupo B tras derrotar con absoluta solvencia a la Selecci\u00f3n Valenciana por 2-0. Los americanos fueron superiores, sobre todo en una primera parte en la que sentenciaron con dos goles, que se complementaron con una retah\u00edla de ocasiones marradas. La victoria supone el liderazgo para los brasile\u00f1os, que comandan la tabla con 4 puntos, por 3 el Valencia CF y la Selecci\u00f3n Valenciana. El Sevilla queda con un punto.<\/p>\n<p>El Santos control\u00f3 completamente la primera parte. Despu\u00e9s de tantearse mutuamente los dos equipos, los brasile\u00f1os empezaron a internar balones por medio de la defensa, haciendo mucho da\u00f1o en la zaga valenciana. Ya en el minuto 13 se adelantaron los americanos con un gol de Vinicius Balieiro. El peligro no ces\u00f3 y el resultado hubiese podido ser de esc\u00e1ndalo en el primer envite en caso de haberse mostrado los brasile\u00f1os m\u00e1s acertados. El central Vitor remat\u00f3 al palo tras el saque de una falta lateral, mientras Bruno Moreira marr\u00f3 dos ocasiones muy claras de forma seguida, la primera tras una internada de Emerson y la segunda despu\u00e9s de deshacerse de Carles. Anderson Santos no perdon\u00f3 en el minuto 25, estableciendo una ventaja considerable.<\/p>\n<p>El marcador obligaba a reaccionar al combinado valenciano tras el paso por los vestuarios en el descanso. Pero no fue as\u00ed. Los minutos fueron pasando sin que el cancerbero Joao viese peligrar sus intereses. Dio la sensaci\u00f3n que el Santos ofrec\u00eda su m\u00ednima versi\u00f3n ante la incapacidad valenciana para toserle. Los \u201clocales\u201d controlaron el bal\u00f3n y lo hicieron circular pero sin peligro. Ante la situaci\u00f3n, algunos jugadores brasile\u00f1os mostraron un aut\u00e9ntico alarde de facultades. Fue el caso de Emerson, quien por la banda izquierda exhibi\u00f3 tanto hermetismo defensivo como profundidad ofensiva. Un futbolista de posibilidades inacabables.<\/p>\n<p><b>Santos<\/b>: 1- Joao, 2 \u2013 Vitor, 3 \u2013 Emerson (16 \u2013 Guovane m. 71), 4 \u2013 Jonathan (7 \u2013 Nicol\u00e1s m. 77, 5 \u2013 Guilherme, 6 \u2013 Guedes, 8 \u2013 Wagner, 14 \u2013 Bruno Moreira (9 \u2013 Bruno m. 77), 15 \u2013 Vinicius Balieiro, 17 \u2013 Anderson Santos (13 \u2013 Titi m. 71), 18 \u2013 Marquinhos (10 \u2013 Andr\u00e9 m. 71).<\/p>\n<p>Entrenador: Aarao Alves<\/p>\n<p><b>Selecci\u00f3n Valenciana:<\/b> 13 \u2013 Carles, 4 \u2013 Viti (20 \u2013 Ruso m. 41), 5 \u2013 Fluix\u00e0 (14 \u2013 Salvador m. 64), 6 \u2013 Loren (16 \u2013 Valor m. 64), 9 \u2013 Diego Fuster (19 \u2013 Furi\u00f3 m. 41), 10 \u2013 Hugo (21 \u2013 V\u00edctor m. 41), 11 \u2013 Ismael (8 \u2013 Chicha m. 41), 12 \u2013 Trapero (3 \u2013 Dani m. 41), 15 \u2013 Pablo P\u00e9rez (18 \u2013 Cabedo m. 41), 17 \u2013 Bryan, 22 \u2013 Bisbal (7 \u2013 Manu m. 64).<\/p>\n<p>Entrenador: Jos\u00e9 Antonio Gimeno.<\/p>\n<p><b>\u00c1rbitro:<\/b> Jos\u00e9 Antonio Morales Yuste, asistido en las bandas por Cant\u00f3n Victoria y Tortajada Boj. Amonest\u00f3 con tarjeta amarilla a los brasile\u00f1os Guilherme, Joao, Marquinhos y Emerson y a los valencianos Ismael, Loren y Fluix\u00e0.<\/p>\n<p><b>Incidencias:<\/b> Alrededor de 2.000 personas en Els Arcs de l\u2019Alc\u00fadia.<\/p>\n","protected":false},"excerpt":{"rendered":"<div class=\"mh-excerpt\">Santos 2 &#8211; 0 Selecci\u00f3n Valenciana 0: Vinicius Balieiro m. 13 0: Anderson Santos m. 25 El Santos brasile\u00f1o se coloca l\u00edder de la clasificaci\u00f3n del Grupo B tras derrotar con absoluta solvencia a la <a class=\"mh-excerpt-more\" href=\"https:\/\/www.tucomarca.com\/wordpress\/segunda\/el-santos-se-coloca-lider-del-grupo-b-del-cotif-tras-derrotar-a-la-seleccion-valenciana\/\" title=\"El Santos se coloca l\u00edder del grupo B del Cotif tras derrotar a la Selecci\u00f3n Valenciana\">[+] <\/a><\/div>\n","protected":false},"author":1,"featured_media":58700,"comment_status":"open","ping_status":"open","sticky":false,"template":"","format":"standard","meta":{"footnotes":""},"categories":[50,6,292,42,3,45],"tags":[8464,10463,3640],"class_list":{"0":"post-58699","1":"post","2":"type-post","3":"status-publish","4":"format-standard","5":"has-post-thumbnail","7":"category-futbol-deportes","8":"category-deportes","9":"category-lalcudia","10":"category-la-ribera","11":"category-seccion","12":"category-ventana","13":"tag-cotif","14":"tag-lalcudia","15":"tag-la-ribera-alta"},"_links":{"self":[{"href":"https:\/\/www.tucomarca.com\/wordpress\/segunda\/wp-json\/wp\/v2\/posts\/58699","targetHints":{"allow":["GET"]}}],"collection":[{"href":"https:\/\/www.tucomarca.com\/wordpress\/segunda\/wp-json\/wp\/v2\/posts"}],"about":[{"href":"https:\/\/www.tucomarca.com\/wordpress\/segunda\/wp-json\/wp\/v2\/types\/post"}],"author":[{"embeddable":true,"href":"https:\/\/www.tucomarca.com\/wordpress\/segunda\/wp-json\/wp\/v2\/users\/1"}],"replies":[{"embeddable":true,"href":"https:\/\/www.tucomarca.com\/wordpress\/segunda\/wp-json\/wp\/v2\/comments?post=58699"}],"version-history":[{"count":0,"href":"https:\/\/www.tucomarca.com\/wordpress\/segunda\/wp-json\/wp\/v2\/posts\/58699\/revisions"}],"wp:featuredmedia":[{"embeddable":true,"href":"https:\/\/www.tucomarca.com\/wordpress\/segunda\/wp-json\/wp\/v2\/media\/58700"}],"wp:attachment":[{"href":"https:\/\/www.tucomarca.com\/wordpress\/segunda\/wp-json\/wp\/v2\/media?parent=58699"}],"wp:term":[{"taxonomy":"category","embeddable":true,"href":"https:\/\/www.tucomarca.com\/wordpress\/segunda\/wp-json\/wp\/v2\/categories?post=58699"},{"taxonomy":"post_tag","embeddable":true,"href":"https:\/\/www.tucomarca.com\/wordpress\/segunda\/wp-json\/wp\/v2\/tags?post=58699"}],"curies":[{"name":"wp","href":"https:\/\/api.w.org\/{rel}","templated":true}]}}