{"id":5870,"date":"2012-07-26T20:34:25","date_gmt":"2012-07-26T18:34:25","guid":{"rendered":"http:\/\/www.tucomarca.com\/wordpress\/segunda\/?p=5870"},"modified":"2012-07-26T20:34:25","modified_gmt":"2012-07-26T18:34:25","slug":"el-conseller-de-justicia-y-bienestar-social-jorge-cabre-visita-la-residencia-savia-de-alborache","status":"publish","type":"post","link":"https:\/\/www.tucomarca.com\/wordpress\/segunda\/el-conseller-de-justicia-y-bienestar-social-jorge-cabre-visita-la-residencia-savia-de-alborache\/","title":{"rendered":"El conseller de Justicia y Bienestar Social, Jorge Cabr\u00e9, visita la residencia Savia de Alborache"},"content":{"rendered":"<p style=\"text-align: left;\">\n<figure id=\"attachment_5879\" aria-describedby=\"caption-attachment-5879\" style=\"width: 532px\" class=\"wp-caption aligncenter\"><a href=\"https:\/\/www.tucomarca.com\/wordpress\/segunda\/wp-content\/uploads\/2012\/07\/alboracheconseller.jpg\"><img loading=\"lazy\" decoding=\"async\" class=\"size-full wp-image-5879 \" title=\"alboracheconseller\" src=\"https:\/\/www.tucomarca.com\/wordpress\/segunda\/wp-content\/uploads\/2012\/07\/alboracheconseller.jpg\" alt=\"El conseller junto al alcalde de Alborache y al resto de la corporaci\u00f3n local.\" width=\"532\" height=\"355\" srcset=\"https:\/\/www.tucomarca.com\/wordpress\/segunda\/wp-content\/uploads\/2012\/07\/alboracheconseller.jpg 591w, https:\/\/www.tucomarca.com\/wordpress\/segunda\/wp-content\/uploads\/2012\/07\/alboracheconseller-300x200.jpg 300w\" sizes=\"auto, (max-width: 532px) 100vw, 532px\" \/><\/a><figcaption id=\"caption-attachment-5879\" class=\"wp-caption-text\">El conseller junto al alcalde de Alborache y al resto de la corporaci\u00f3n local.<\/figcaption><\/figure>\n<p>Con motivo de la celebraci\u00f3n del D\u00eda del Abuelo, Jorge Cabr\u00e9 ha  visitado la Residencia para personas mayores de Alborache, donde ha destacado do que esta fecha \u00abnos sirve para recordar que ning\u00fan d\u00eda del a\u00f1o  debemos dejar de agradecer a las personas mayores todo lo que han hecho  por nosotros\u00bb.<br \/>\nEl conseller de Justicia y Bienestar Social, acompa\u00f1do del alcalde de la localidad, Miguel Pinach, as\u00ed como del resto de los integrantes del acorporaci\u00f3n local y de la presidenta del PP en La Hoya, Sagrario S\u00e1nchez, ha recorrido las  instalaciones  del centro, que cuenta con 124 plazas residenciales de  las que 97 est\u00e1n concertadas con la Conselleria.<\/p>\n<p style=\"text-align: left;\"><strong>M\u00e1s de 890.000 personas mayores de 65 a\u00f1os <\/strong><\/p>\n<p style=\"text-align: left;\">Seg\u00fan los \u00faltimos datos del padr\u00f3n municipal, en la Comunitat  Valenciana residen 896.472 personas mayores de 65 a\u00f1os, lo que  representa el 17&#8217;5% de la poblaci\u00f3n total.<\/p>\n<p style=\"text-align: left;\">\u00abLa jubilaci\u00f3n -ha afirmado Cabr\u00e9- es una etapa activa en la  que los mayores pueden desarrollar m\u00faltiples actividades, por ello este  a\u00f1o hemos destinado 23&#8217;5 millones de euros a programas y recursos  dirigidos a nuestros mayores con el objetivo de que mantengan plenas sus  facultades f\u00edsicas y mentales\u00bb.<\/p>\n<p style=\"text-align: left;\">En este sentido, el conseller de Justicia y Bienestar Social  destaca la apuesta de la Generalitat por el Plan de Envejecimiento  Activo, y ha asegurado que la Comunitat Valenciana \u00abest\u00e1 a la vanguardia  en cuanto a acciones p\u00fablicas de fomento y promoci\u00f3n de programas de  salud, ocio y tiempo libre\u00bb.<\/p>\n<p style=\"text-align: left;\">Efectivamente, a lo largo del a\u00f1o m\u00e1s de 330.000 personas  mayores participan de los programas de Vacaciones Sociales, las  estancias en balnearios, los viajes de &#8216;Coneix la teua Comunitat&#8217; y  todas las actividades y talleres que se realizan en los Centros  Especializados de Atenci\u00f3n a Mayores (CEAM) dependientes de la  conselleria de Justicia y Bienestar Social.<\/p>\n<p style=\"text-align: left;\">Asimismo, desde la Generalitat se promueve el desarrollo  sociocultural de las personas mayores, potenciando su m\u00e1xima autonom\u00eda,  la plena integraci\u00f3n y la participaci\u00f3n social a trav\u00e9s de las  subvenciones que se conceden a 464 asociaciones de jubilados de  Valencia, Alicante, Castell\u00f3n.<\/p>\n<p style=\"text-align: left;\">El titular de Justicia y Bienestar Social ha puesto de relieve  los m\u00e1s de 206 millones de euros que se destinan para atender a las  personas mayores de la Comunitat, \u00aba trav\u00e9s de la red de centros  residenciales y de atenci\u00f3n diurna para las personas mayores m\u00e1s  dependientes, o los programas de atenci\u00f3n domiciliaria y de promoci\u00f3n de  la autonom\u00eda personal\u00bb.<\/p>\n<p style=\"text-align: left;\">Por \u00faltimo, Jorge Cabr\u00e9 ha se\u00f1alado que la Generalitat y toda  la sociedad valenciana \u00abnecesitan, m\u00e1s que nunca, de la experiencia y de  la sabidur\u00eda de las personas mayores, porque ellos han superado a base  de trabajo y esfuerzo situaciones infinitamente m\u00e1s dif\u00edciles que la que  vivimos ahora. De su ejemplo podemos aprender mucho\u00bb.<\/p>\n","protected":false},"excerpt":{"rendered":"<div class=\"mh-excerpt\">Con motivo de la celebraci\u00f3n del D\u00eda del Abuelo, Jorge Cabr\u00e9 ha visitado la Residencia para personas mayores de Alborache, donde ha destacado do que esta fecha \u00abnos sirve para recordar que ning\u00fan d\u00eda del <a class=\"mh-excerpt-more\" href=\"https:\/\/www.tucomarca.com\/wordpress\/segunda\/el-conseller-de-justicia-y-bienestar-social-jorge-cabre-visita-la-residencia-savia-de-alborache\/\" title=\"El conseller de Justicia y Bienestar Social, Jorge Cabr\u00e9, visita la residencia Savia de Alborache\">[+] <\/a><\/div>\n","protected":false},"author":1,"featured_media":5879,"comment_status":"open","ping_status":"open","sticky":false,"template":"","format":"standard","meta":{"footnotes":""},"categories":[19,128,8,10,3,45],"tags":[],"class_list":{"0":"post-5870","1":"post","2":"type-post","3":"status-publish","4":"format-standard","5":"has-post-thumbnail","7":"category-alborache","8":"category-infraestructuras","9":"category-la-comarca","10":"category-la-hoya","11":"category-seccion","12":"category-ventana"},"_links":{"self":[{"href":"https:\/\/www.tucomarca.com\/wordpress\/segunda\/wp-json\/wp\/v2\/posts\/5870","targetHints":{"allow":["GET"]}}],"collection":[{"href":"https:\/\/www.tucomarca.com\/wordpress\/segunda\/wp-json\/wp\/v2\/posts"}],"about":[{"href":"https:\/\/www.tucomarca.com\/wordpress\/segunda\/wp-json\/wp\/v2\/types\/post"}],"author":[{"embeddable":true,"href":"https:\/\/www.tucomarca.com\/wordpress\/segunda\/wp-json\/wp\/v2\/users\/1"}],"replies":[{"embeddable":true,"href":"https:\/\/www.tucomarca.com\/wordpress\/segunda\/wp-json\/wp\/v2\/comments?post=5870"}],"version-history":[{"count":0,"href":"https:\/\/www.tucomarca.com\/wordpress\/segunda\/wp-json\/wp\/v2\/posts\/5870\/revisions"}],"wp:featuredmedia":[{"embeddable":true,"href":"https:\/\/www.tucomarca.com\/wordpress\/segunda\/wp-json\/wp\/v2\/media\/5879"}],"wp:attachment":[{"href":"https:\/\/www.tucomarca.com\/wordpress\/segunda\/wp-json\/wp\/v2\/media?parent=5870"}],"wp:term":[{"taxonomy":"category","embeddable":true,"href":"https:\/\/www.tucomarca.com\/wordpress\/segunda\/wp-json\/wp\/v2\/categories?post=5870"},{"taxonomy":"post_tag","embeddable":true,"href":"https:\/\/www.tucomarca.com\/wordpress\/segunda\/wp-json\/wp\/v2\/tags?post=5870"}],"curies":[{"name":"wp","href":"https:\/\/api.w.org\/{rel}","templated":true}]}}