{"id":58889,"date":"2017-08-11T17:26:17","date_gmt":"2017-08-11T15:26:17","guid":{"rendered":"http:\/\/www.tucomarca.com\/wordpress\/segunda\/?p=58889"},"modified":"2017-08-11T17:26:17","modified_gmt":"2017-08-11T15:26:17","slug":"el-concurs-de-paelles-reuneix-a-mes-de-900-persones","status":"publish","type":"post","link":"https:\/\/www.tucomarca.com\/wordpress\/segunda\/el-concurs-de-paelles-reuneix-a-mes-de-900-persones\/","title":{"rendered":"El concurs de paelles reuneix a m\u00e9s de 900 persones"},"content":{"rendered":"<figure id=\"attachment_58890\" aria-describedby=\"caption-attachment-58890\" style=\"width: 4000px\" class=\"wp-caption alignleft\"><a href=\"https:\/\/www.tucomarca.com\/wordpress\/segunda\/wp-content\/uploads\/2017\/08\/PaellasTuris.jpg\"><img loading=\"lazy\" decoding=\"async\" class=\"size-full wp-image-58890\" src=\"https:\/\/www.tucomarca.com\/wordpress\/segunda\/wp-content\/uploads\/2017\/08\/PaellasTuris.jpg\" alt=\"ncara que el concurs de paelles enguany ha estat passat per aigua el ben cert \u00e9s que el bon ambient i l'animaci\u00f3 van ser la t\u00f2nica general de l'esdeveniment. M\u00e9s de 80 paelles de diferents racions per a quasi 900 comensals van convertir els accessos al camp de futbol en un gran fog\u00f3.\" width=\"4000\" height=\"3000\" srcset=\"https:\/\/www.tucomarca.com\/wordpress\/segunda\/wp-content\/uploads\/2017\/08\/PaellasTuris.jpg 4000w, https:\/\/www.tucomarca.com\/wordpress\/segunda\/wp-content\/uploads\/2017\/08\/PaellasTuris-300x225.jpg 300w, https:\/\/www.tucomarca.com\/wordpress\/segunda\/wp-content\/uploads\/2017\/08\/PaellasTuris-768x576.jpg 768w, https:\/\/www.tucomarca.com\/wordpress\/segunda\/wp-content\/uploads\/2017\/08\/PaellasTuris-1024x768.jpg 1024w\" sizes=\"auto, (max-width: 4000px) 100vw, 4000px\" \/><\/a><figcaption id=\"caption-attachment-58890\" class=\"wp-caption-text\">Encara que el concurs de paelles enguany ha estat passat per aigua el ben cert \u00e9s que el bon ambient i l&#8217;animaci\u00f3 van ser la t\u00f2nica general de l&#8217;esdeveniment. M\u00e9s de 80 paelles de diferents racions per a quasi 900 comensals van convertir els accessos al camp de futbol en un gran fog\u00f3. L&#8217;Ajuntament s&#8217;encarregava de lliurar la llenya i tots els ingredients als participants de totes les edats.<br \/>Posteriorment en el pati del conservatori les taules estaven disposades per colles per a donar bon compte del t\u00edpic plat valenci\u00e0 que, per poc, es converteix en arr\u00f2s cald\u00f3s degut la pluja. No obstant aix\u00f2 la majoria va poder sopar encara que a una bona velocitat.<br \/>ncara que el concurs de paelles enguany ha estat passat per aigua el ben cert \u00e9s que el bon ambient i l&#8217;animaci\u00f3 van ser la t\u00f2nica general de l&#8217;esdeveniment. M\u00e9s de 80 paelles de diferents racions per a quasi 900 comensals van convertir els accessos al camp de futbol en un gran fog\u00f3.<\/figcaption><\/figure>\n<p>Encara que el concurs de paelles enguany ha estat passat per aigua el ben cert \u00e9s que el bon ambient i l&#8217;animaci\u00f3 van ser la t\u00f2nica general de l&#8217;esdeveniment. M\u00e9s de 80 paelles de diferents racions per a quasi 900 comensals van convertir els accessos al camp de futbol en un gran fog\u00f3. L&#8217;Ajuntament s&#8217;encarregava de lliurar la llenya i tots els ingredients als participants de totes les edats.<\/p>\n<p>Posteriorment en el pati del conservatori les taules estaven disposades per colles per a donar bon compte del t\u00edpic plat valenci\u00e0 que, per poc, es converteix en arr\u00f2s cald\u00f3s degut la pluja. No obstant aix\u00f2 la majoria va poder sopar encara que a una bona velocitat.<\/p>\n<p>La millor paella va correspondre a Inma Crespo Pic\u00f3 mentre que en segon i tercer lloc van quedar Isabel Casa\u00f1 Soucase i M\u00aa Carmen Palmero Domingo. Premi a la paella revelaci\u00f3 per a Rafa Agea Estrella.<\/p>\n","protected":false},"excerpt":{"rendered":"<div class=\"mh-excerpt\">Encara que el concurs de paelles enguany ha estat passat per aigua el ben cert \u00e9s que el bon ambient i l&#8217;animaci\u00f3 van ser la t\u00f2nica general de l&#8217;esdeveniment. M\u00e9s de 80 paelles de diferents <a class=\"mh-excerpt-more\" href=\"https:\/\/www.tucomarca.com\/wordpress\/segunda\/el-concurs-de-paelles-reuneix-a-mes-de-900-persones\/\" title=\"El concurs de paelles reuneix a m\u00e9s de 900 persones\">[+] <\/a><\/div>\n","protected":false},"author":1,"featured_media":58890,"comment_status":"open","ping_status":"open","sticky":false,"template":"","format":"standard","meta":{"footnotes":""},"categories":[42,5,383,43],"tags":[3640,10394],"class_list":{"0":"post-58889","1":"post","2":"type-post","3":"status-publish","4":"format-standard","5":"has-post-thumbnail","7":"category-la-ribera","8":"category-la-semana-en-imagenes","9":"category-pueblos-en-fiestas","10":"category-turis","11":"tag-la-ribera-alta","12":"tag-turis"},"_links":{"self":[{"href":"https:\/\/www.tucomarca.com\/wordpress\/segunda\/wp-json\/wp\/v2\/posts\/58889","targetHints":{"allow":["GET"]}}],"collection":[{"href":"https:\/\/www.tucomarca.com\/wordpress\/segunda\/wp-json\/wp\/v2\/posts"}],"about":[{"href":"https:\/\/www.tucomarca.com\/wordpress\/segunda\/wp-json\/wp\/v2\/types\/post"}],"author":[{"embeddable":true,"href":"https:\/\/www.tucomarca.com\/wordpress\/segunda\/wp-json\/wp\/v2\/users\/1"}],"replies":[{"embeddable":true,"href":"https:\/\/www.tucomarca.com\/wordpress\/segunda\/wp-json\/wp\/v2\/comments?post=58889"}],"version-history":[{"count":0,"href":"https:\/\/www.tucomarca.com\/wordpress\/segunda\/wp-json\/wp\/v2\/posts\/58889\/revisions"}],"wp:featuredmedia":[{"embeddable":true,"href":"https:\/\/www.tucomarca.com\/wordpress\/segunda\/wp-json\/wp\/v2\/media\/58890"}],"wp:attachment":[{"href":"https:\/\/www.tucomarca.com\/wordpress\/segunda\/wp-json\/wp\/v2\/media?parent=58889"}],"wp:term":[{"taxonomy":"category","embeddable":true,"href":"https:\/\/www.tucomarca.com\/wordpress\/segunda\/wp-json\/wp\/v2\/categories?post=58889"},{"taxonomy":"post_tag","embeddable":true,"href":"https:\/\/www.tucomarca.com\/wordpress\/segunda\/wp-json\/wp\/v2\/tags?post=58889"}],"curies":[{"name":"wp","href":"https:\/\/api.w.org\/{rel}","templated":true}]}}