{"id":58899,"date":"2017-08-12T18:30:12","date_gmt":"2017-08-12T16:30:12","guid":{"rendered":"http:\/\/www.tucomarca.com\/wordpress\/segunda\/?p=58899"},"modified":"2017-08-12T18:30:12","modified_gmt":"2017-08-12T16:30:12","slug":"la-carrera-popular-de-turis-bate-su-record-de-participacion-en-su-treinta-aniversario","status":"publish","type":"post","link":"https:\/\/www.tucomarca.com\/wordpress\/segunda\/la-carrera-popular-de-turis-bate-su-record-de-participacion-en-su-treinta-aniversario\/","title":{"rendered":"La carrera popular de Tur\u00eds bate su r\u00e9cord de participaci\u00f3n en su treinta aniversario"},"content":{"rendered":"<figure id=\"attachment_58901\" aria-describedby=\"caption-attachment-58901\" style=\"width: 4000px\" class=\"wp-caption alignleft\"><a href=\"https:\/\/www.tucomarca.com\/wordpress\/segunda\/wp-content\/uploads\/2017\/08\/TurisLocales.jpg\"><img loading=\"lazy\" decoding=\"async\" class=\"size-full wp-image-58901\" src=\"https:\/\/www.tucomarca.com\/wordpress\/segunda\/wp-content\/uploads\/2017\/08\/TurisLocales.jpg\" alt=\"Podio de los vencedores locales de la carrera de Tur\u00eds.\" width=\"4000\" height=\"3000\" srcset=\"https:\/\/www.tucomarca.com\/wordpress\/segunda\/wp-content\/uploads\/2017\/08\/TurisLocales.jpg 4000w, https:\/\/www.tucomarca.com\/wordpress\/segunda\/wp-content\/uploads\/2017\/08\/TurisLocales-300x225.jpg 300w, https:\/\/www.tucomarca.com\/wordpress\/segunda\/wp-content\/uploads\/2017\/08\/TurisLocales-768x576.jpg 768w, https:\/\/www.tucomarca.com\/wordpress\/segunda\/wp-content\/uploads\/2017\/08\/TurisLocales-1024x768.jpg 1024w\" sizes=\"auto, (max-width: 4000px) 100vw, 4000px\" \/><\/a><figcaption id=\"caption-attachment-58901\" class=\"wp-caption-text\">Podio de los vencedores locales de la carrera de Tur\u00eds.<\/figcaption><\/figure>\n<p>La tradicional carrera popular de Tur\u00eds alcanz\u00f3 los mil inscritos entre participantes de las categor\u00edas inferiores y la absoluta. Todo un r\u00e9cord para celebrar su treinta edici\u00f3n.<\/p>\n<p><span lang=\"CA\">Concretamente la prueba absoluta, consistente en recorrer casi 8 km, congreg\u00f3 pr\u00e1cticamente a la mitad de corredores y coron\u00f3 a Benja Mansilla y a Elena Cambres como vencedores absolutos. En el plano local los primeros en cruzar la l\u00ednea de meta fueronMarc El-Harrak y Maite Villanova.\u00a0<\/span><\/p>\n<p><span lang=\"CA\">La organizaci\u00f3n del Club Triesport y la colaboraci\u00f3n de numerosos voluntarios, asociaci\u00f3n de Amas de Casa y Polic\u00eda Local repercuti\u00f3 en una satisfacci\u00f3n general en la que la Pla\u00e7a Vicent Ribes se convirti\u00f3 en el epicentro del deporte turisano. Las clasificaciones quedaron de la siguiente manera:<\/span><\/p>\n<p><b><span lang=\"CA\">\u00a0 \u00a0 \u00a0 \u00a0 \u00a0Prexupet\u00ed femen\u00ed<\/span><\/b><\/p>\n<ol>\n<li><span lang=\"CA\">Vero Ju\u00e1n<\/span><\/li>\n<li><span lang=\"CA\">Mar Llopis Temina<\/span><\/li>\n<li><span lang=\"CA\">Leyre Campos<\/span><b><span lang=\"CA\">Prexupet\u00ed mascul\u00ed<\/span><\/b><\/li>\n<\/ol>\n<ol>\n<li><span lang=\"CA\">Juan A\u00f1\u00f3n<\/span><\/li>\n<li><span lang=\"CA\">Eloy Sede\u00f1o<\/span><\/li>\n<li><span lang=\"CA\">Mateo Gim\u00e9nez<\/span><b><span lang=\"CA\">Xupet\u00ed femen\u00ed<\/span><\/b><\/li>\n<\/ol>\n<ol>\n<li><span lang=\"CA\">Mar Llopis L\u00f3pez<\/span><\/li>\n<li><span lang=\"CA\">Ariadna Salso<\/span><\/li>\n<li><span lang=\"CA\">Erika Ferrer<\/span><b><span lang=\"CA\">Xupet\u00ed mascul\u00ed<\/span><\/b><\/li>\n<\/ol>\n<ol>\n<li><span lang=\"CA\">Jandro Mart\u00ednez<\/span><\/li>\n<li><span lang=\"CA\">Alan Clemente<\/span><\/li>\n<li><span lang=\"CA\">Arnau Lisarde<\/span><b><span lang=\"CA\">Prebenjam\u00ed femen\u00ed<\/span><\/b><\/li>\n<\/ol>\n<ol>\n<li><span lang=\"CA\">Mar\u00eda Mondarel<\/span><\/li>\n<li><span lang=\"CA\">Valeria Almela<\/span><\/li>\n<li><span lang=\"CA\">Mireia Mart\u00edn<\/span><b><span lang=\"CA\">Prebenjam\u00ed mascul\u00ed<\/span><\/b><\/li>\n<\/ol>\n<ol>\n<li><span lang=\"CA\">Adri\u00e1n Mu\u00f1oz<\/span><\/li>\n<li><span lang=\"CA\">Alberto Gim\u00e9nez<\/span><\/li>\n<li><span lang=\"CA\">Jorge Richart<\/span><b><span lang=\"CA\">Benjam\u00ed femen\u00ed<\/span><\/b><\/li>\n<\/ol>\n<ol>\n<li><span lang=\"CA\">Angels Palomares<\/span><\/li>\n<li><span lang=\"CA\">Meriel Luj\u00e1n<\/span><\/li>\n<li><span lang=\"CA\">Nerea Pardo<\/span><b><span lang=\"CA\">Benjam\u00ed mascul\u00ed<\/span><\/b><\/li>\n<\/ol>\n<ol>\n<li><span lang=\"CA\">Alejandro Esteve<\/span><\/li>\n<li><span lang=\"CA\">Hugo Ferris<\/span><\/li>\n<li><span lang=\"CA\">Nacho P\u00e9rez<\/span><b><span lang=\"CA\">Alev\u00ed femen\u00ed<\/span><\/b><\/li>\n<\/ol>\n<ol>\n<li><span lang=\"CA\">Paula Gimeno<\/span><\/li>\n<li><span lang=\"CA\">Patricia Pinach<\/span><\/li>\n<li><span lang=\"CA\">Empar Tortosa<\/span><b><span lang=\"CA\">Alev\u00ed mascul\u00ed<\/span><\/b><\/li>\n<\/ol>\n<ol>\n<li><span lang=\"CA\">Salvador Juan<\/span><\/li>\n<li><span lang=\"CA\">Ivan Almela<\/span><\/li>\n<li><span lang=\"CA\">Eric Soler<\/span><b><span lang=\"CA\">Infantil femen\u00ed<\/span><\/b><\/li>\n<\/ol>\n<ol>\n<li><span lang=\"CA\">Mar\u00eda Pancobo<\/span><\/li>\n<li><span lang=\"CA\">Leire Garc\u00eda<\/span><\/li>\n<li><span lang=\"CA\">Sandra Blasco<\/span><b><span lang=\"CA\">Infantil mascul\u00ed<\/span><\/b><\/li>\n<\/ol>\n<ol>\n<li><span lang=\"CA\">Jos\u00e9 A. Ru\u00edz<\/span><\/li>\n<li><span lang=\"CA\">Jose Pujol<\/span><\/li>\n<li><span lang=\"CA\">Rub\u00e9n Rodr\u00edguez<\/span><b><span lang=\"CA\">Cadet femen\u00ed<\/span><\/b><\/li>\n<\/ol>\n<ol>\n<li><span lang=\"CA\">Sandra Ferris<\/span><\/li>\n<li><span lang=\"CA\">Judith I\u00f1\u00edguez<\/span><\/li>\n<li><span lang=\"CA\">Andrea Alonso<\/span><b><span lang=\"CA\">Cadet mascul\u00ed<\/span><\/b><\/li>\n<\/ol>\n<ol>\n<li><span lang=\"CA\">\u00c1lex Saura<\/span><\/li>\n<li><span lang=\"CA\">Pascual Lozano<\/span><\/li>\n<li><span lang=\"CA\">Pablo Esteban<\/span><b><span lang=\"CA\">Absoluta femenina<\/span><\/b><\/li>\n<\/ol>\n<ol>\n<li><span lang=\"CA\">Elena Cambres<\/span><\/li>\n<li><span lang=\"CA\">Vanessa Romero<\/span><\/li>\n<li><span lang=\"CA\">Cristina Garc\u00eda<\/span><b><span lang=\"CA\">Absoluta masculina<\/span><\/b><\/li>\n<\/ol>\n<ol>\n<li><span lang=\"CA\">Benja Mansilla<\/span><\/li>\n<li><span lang=\"CA\">Celestino Fern\u00e1ndez<\/span><\/li>\n<li><span lang=\"CA\">V\u00edctor Candel<\/span><b><span lang=\"CA\">Absoluta femenina local<\/span><\/b><\/li>\n<\/ol>\n<ol>\n<li><span lang=\"CA\">Maite Villanova<\/span><\/li>\n<li><span lang=\"CA\">M\u00aa Dolores Domingo<\/span><\/li>\n<li><span lang=\"CA\">Silvia Forta\u00f1a<\/span><b><span lang=\"CA\">Absoluta masculina local<\/span><\/b><\/li>\n<\/ol>\n<ol>\n<li><span lang=\"CA\">Marc El-Harrak<\/span><\/li>\n<li><span lang=\"CA\">Jes\u00fas Quiles<\/span><\/li>\n<li><span lang=\"CA\">Cesar Sanz<\/span><\/li>\n<\/ol>\n","protected":false},"excerpt":{"rendered":"<div class=\"mh-excerpt\">La tradicional carrera popular de Tur\u00eds alcanz\u00f3 los mil inscritos entre participantes de las categor\u00edas inferiores y la absoluta. Todo un r\u00e9cord para celebrar su treinta edici\u00f3n. Concretamente la prueba absoluta, consistente en recorrer casi <a class=\"mh-excerpt-more\" href=\"https:\/\/www.tucomarca.com\/wordpress\/segunda\/la-carrera-popular-de-turis-bate-su-record-de-participacion-en-su-treinta-aniversario\/\" title=\"La carrera popular de Tur\u00eds bate su r\u00e9cord de participaci\u00f3n en su treinta aniversario\">[+] <\/a><\/div>\n","protected":false},"author":1,"featured_media":58901,"comment_status":"open","ping_status":"open","sticky":false,"template":"","format":"standard","meta":{"footnotes":""},"categories":[98,6,42,3,43,45],"tags":[299,10379,3640,10394],"class_list":{"0":"post-58899","1":"post","2":"type-post","3":"status-publish","4":"format-standard","5":"has-post-thumbnail","7":"category-atletismo","8":"category-deportes","9":"category-la-ribera","10":"category-seccion","11":"category-turis","12":"category-ventana","13":"tag-atletismo-2","14":"tag-deportes","15":"tag-la-ribera-alta","16":"tag-turis"},"_links":{"self":[{"href":"https:\/\/www.tucomarca.com\/wordpress\/segunda\/wp-json\/wp\/v2\/posts\/58899","targetHints":{"allow":["GET"]}}],"collection":[{"href":"https:\/\/www.tucomarca.com\/wordpress\/segunda\/wp-json\/wp\/v2\/posts"}],"about":[{"href":"https:\/\/www.tucomarca.com\/wordpress\/segunda\/wp-json\/wp\/v2\/types\/post"}],"author":[{"embeddable":true,"href":"https:\/\/www.tucomarca.com\/wordpress\/segunda\/wp-json\/wp\/v2\/users\/1"}],"replies":[{"embeddable":true,"href":"https:\/\/www.tucomarca.com\/wordpress\/segunda\/wp-json\/wp\/v2\/comments?post=58899"}],"version-history":[{"count":0,"href":"https:\/\/www.tucomarca.com\/wordpress\/segunda\/wp-json\/wp\/v2\/posts\/58899\/revisions"}],"wp:featuredmedia":[{"embeddable":true,"href":"https:\/\/www.tucomarca.com\/wordpress\/segunda\/wp-json\/wp\/v2\/media\/58901"}],"wp:attachment":[{"href":"https:\/\/www.tucomarca.com\/wordpress\/segunda\/wp-json\/wp\/v2\/media?parent=58899"}],"wp:term":[{"taxonomy":"category","embeddable":true,"href":"https:\/\/www.tucomarca.com\/wordpress\/segunda\/wp-json\/wp\/v2\/categories?post=58899"},{"taxonomy":"post_tag","embeddable":true,"href":"https:\/\/www.tucomarca.com\/wordpress\/segunda\/wp-json\/wp\/v2\/tags?post=58899"}],"curies":[{"name":"wp","href":"https:\/\/api.w.org\/{rel}","templated":true}]}}