{"id":58925,"date":"2017-08-16T20:32:20","date_gmt":"2017-08-16T18:32:20","guid":{"rendered":"http:\/\/www.tucomarca.com\/wordpress\/segunda\/?p=58925"},"modified":"2017-08-16T20:32:20","modified_gmt":"2017-08-16T18:32:20","slug":"la-pobla-de-vallbona-aprueba-475-nombres-para-las-calles-del-municipio","status":"publish","type":"post","link":"https:\/\/www.tucomarca.com\/wordpress\/segunda\/la-pobla-de-vallbona-aprueba-475-nombres-para-las-calles-del-municipio\/","title":{"rendered":"La Pobla de Vallbona aprueba 475 nombres para las calles del municipio"},"content":{"rendered":"<figure id=\"attachment_58926\" aria-describedby=\"caption-attachment-58926\" style=\"width: 5184px\" class=\"wp-caption alignleft\"><a href=\"https:\/\/www.tucomarca.com\/wordpress\/segunda\/wp-content\/uploads\/2017\/08\/LaPoblacalles.jpg\"><img loading=\"lazy\" decoding=\"async\" class=\"size-full wp-image-58926\" src=\"https:\/\/www.tucomarca.com\/wordpress\/segunda\/wp-content\/uploads\/2017\/08\/LaPoblacalles.jpg\" alt=\"El nuevo listado elimina las duplicidades de nombres de calles que generaban problemas al correo y servicios de emergencia.\" width=\"5184\" height=\"2912\" srcset=\"https:\/\/www.tucomarca.com\/wordpress\/segunda\/wp-content\/uploads\/2017\/08\/LaPoblacalles.jpg 5184w, https:\/\/www.tucomarca.com\/wordpress\/segunda\/wp-content\/uploads\/2017\/08\/LaPoblacalles-300x169.jpg 300w, https:\/\/www.tucomarca.com\/wordpress\/segunda\/wp-content\/uploads\/2017\/08\/LaPoblacalles-768x431.jpg 768w, https:\/\/www.tucomarca.com\/wordpress\/segunda\/wp-content\/uploads\/2017\/08\/LaPoblacalles-1024x575.jpg 1024w\" sizes=\"auto, (max-width: 5184px) 100vw, 5184px\" \/><\/a><figcaption id=\"caption-attachment-58926\" class=\"wp-caption-text\">El nuevo listado elimina las duplicidades de nombres de calles que generaban problemas al correo y servicios de emergencia.<\/figcaption><\/figure>\n<p>Mart\u00ed el Jove, primer se\u00f1or de la Pobla de Vallbona, es una de las aportaciones que presenta el nuevo nomenclator aprobado por el pleno del Ayuntamiento. El municipio cuenta desde este jueves con un nuevo listado de 475 nombres como propuestas a la hora de denominar las calles nuevas del municipio y aquellas que tengan que cambiar de nombre.<\/p>\n<p>Con el nuevo nomenclator se quiere eliminar el problema que generaba el que se aprob\u00f3 en 2014 con el anterior equipo de gobierno y que manten\u00eda calles con nombres duplicados. Tambi\u00e9n servir\u00e1 para recuperar nombres tradicionales de la localidad, de la comarca y valencianos.<\/p>\n<p>En este sentido se han introducido nombres de oficios como \u201cencaixadora\u201d y \u201ctriadora\u201d muy vinculados a la cebolla, principal sector econ\u00f3mico del municipio durante a\u00f1os. Tambi\u00e9n otros como \u201ccomare\u201d, \u201cesmoladors\u201d, \u201csequiers\u201d o los \u201cveedors\u201d. Adem\u00e1s, el nuevo nomeclator recupera nombres de toponimia tradicional como la \u201ccarrer de Baix\u201d, \u201ccarrer Mitj\u00e0\u201d, \u201ccarrer llarg\u201d y otros que han sido sustituidos en el siglo pasado pero que todav\u00eda se mantienen en la tradici\u00f3n oral.<\/p>\n<p>El Alcalde de la Pobla, Josep Vicent Garcia, ha destacado la voluntad de poder \u00abrecuperar nuestras tradiciones, nuestros personajes il\u00b7lustres y los hechos m\u00e1s importantes de nuestra historia y verlos plasmados a los nombres de nuestras calles\u00bb. \u00abTambi\u00e9n queremos evitar el gran problema que supone tener calles con duplicidad de nombres, puesto que traen a confusi\u00f3n para servicios de emergencia como la polic\u00eda o las ambulancias\u00bb, ha a\u00f1adido. Garcia afirma que la Pobla \u00abno puede permitirse en pleno siglo XXI continuar manteniendo estos problemas para los vecinos y por eso con este nomenclator queremos evitar que el Ayuntamiento contin\u00fae proponiendo repetir nombres de calles que ya existen\u00bb.<\/p>\n<p>Josep Vicent Garcia ha manifestado que a la hora de poner nombres en las calles \u00abse atender\u00e1 a la voluntad de los vecinos a trav\u00e9s de la participaci\u00f3n ciudadana prevista en el ordenanza, pero que con el nuevo nomenclator los vecinos tendr\u00e1n m\u00e1s opciones para poner nombres que nos representan como poblanos y valencianos\u00bb.<\/p>\n","protected":false},"excerpt":{"rendered":"<div class=\"mh-excerpt\">Mart\u00ed el Jove, primer se\u00f1or de la Pobla de Vallbona, es una de las aportaciones que presenta el nuevo nomenclator aprobado por el pleno del Ayuntamiento. El municipio cuenta desde este jueves con un nuevo <a class=\"mh-excerpt-more\" href=\"https:\/\/www.tucomarca.com\/wordpress\/segunda\/la-pobla-de-vallbona-aprueba-475-nombres-para-las-calles-del-municipio\/\" title=\"La Pobla de Vallbona aprueba 475 nombres para las calles del municipio\">[+] <\/a><\/div>\n","protected":false},"author":1,"featured_media":58926,"comment_status":"open","ping_status":"open","sticky":false,"template":"","format":"standard","meta":{"footnotes":""},"categories":[46,8,174,142,3],"tags":[10395,10430],"class_list":{"0":"post-58925","1":"post","2":"type-post","3":"status-publish","4":"format-standard","5":"has-post-thumbnail","7":"category-camp-de-turia","8":"category-la-comarca","9":"category-la-pobla","10":"category-politica-la-comarca","11":"category-seccion","12":"tag-camp-de-turia","13":"tag-la-pobla"},"_links":{"self":[{"href":"https:\/\/www.tucomarca.com\/wordpress\/segunda\/wp-json\/wp\/v2\/posts\/58925","targetHints":{"allow":["GET"]}}],"collection":[{"href":"https:\/\/www.tucomarca.com\/wordpress\/segunda\/wp-json\/wp\/v2\/posts"}],"about":[{"href":"https:\/\/www.tucomarca.com\/wordpress\/segunda\/wp-json\/wp\/v2\/types\/post"}],"author":[{"embeddable":true,"href":"https:\/\/www.tucomarca.com\/wordpress\/segunda\/wp-json\/wp\/v2\/users\/1"}],"replies":[{"embeddable":true,"href":"https:\/\/www.tucomarca.com\/wordpress\/segunda\/wp-json\/wp\/v2\/comments?post=58925"}],"version-history":[{"count":0,"href":"https:\/\/www.tucomarca.com\/wordpress\/segunda\/wp-json\/wp\/v2\/posts\/58925\/revisions"}],"wp:featuredmedia":[{"embeddable":true,"href":"https:\/\/www.tucomarca.com\/wordpress\/segunda\/wp-json\/wp\/v2\/media\/58926"}],"wp:attachment":[{"href":"https:\/\/www.tucomarca.com\/wordpress\/segunda\/wp-json\/wp\/v2\/media?parent=58925"}],"wp:term":[{"taxonomy":"category","embeddable":true,"href":"https:\/\/www.tucomarca.com\/wordpress\/segunda\/wp-json\/wp\/v2\/categories?post=58925"},{"taxonomy":"post_tag","embeddable":true,"href":"https:\/\/www.tucomarca.com\/wordpress\/segunda\/wp-json\/wp\/v2\/tags?post=58925"}],"curies":[{"name":"wp","href":"https:\/\/api.w.org\/{rel}","templated":true}]}}