{"id":5899,"date":"2012-07-27T12:24:05","date_gmt":"2012-07-27T10:24:05","guid":{"rendered":"http:\/\/www.tucomarca.com\/wordpress\/segunda\/?p=5899"},"modified":"2012-07-27T12:24:05","modified_gmt":"2012-07-27T10:24:05","slug":"i-concurso-internacional-de-trompa-vicente-zarzo-de-la-unio-musical-de-benaguasil","status":"publish","type":"post","link":"https:\/\/www.tucomarca.com\/wordpress\/segunda\/i-concurso-internacional-de-trompa-vicente-zarzo-de-la-unio-musical-de-benaguasil\/","title":{"rendered":"I Concurso internacional de trompa, Vicente Zarzo, de la Uni\u00f3 Musical de Benaguasil"},"content":{"rendered":"<figure id=\"attachment_5900\" aria-describedby=\"caption-attachment-5900\" style=\"width: 300px\" class=\"wp-caption alignleft\"><a href=\"https:\/\/www.tucomarca.com\/wordpress\/segunda\/wp-content\/uploads\/2012\/07\/Benaguasil-Zarzo.jpg\"><img loading=\"lazy\" decoding=\"async\" class=\"size-medium wp-image-5900\" title=\"Benaguasil-Zarzo\" src=\"https:\/\/www.tucomarca.com\/wordpress\/segunda\/wp-content\/uploads\/2012\/07\/Benaguasil-Zarzo-300x139.jpg\" alt=\"Los j\u00f3venes premiados en el concurso de La Uni\u00f3 de Benaguasil.\" width=\"300\" height=\"139\" srcset=\"https:\/\/www.tucomarca.com\/wordpress\/segunda\/wp-content\/uploads\/2012\/07\/Benaguasil-Zarzo-300x139.jpg 300w, https:\/\/www.tucomarca.com\/wordpress\/segunda\/wp-content\/uploads\/2012\/07\/Benaguasil-Zarzo.jpg 473w\" sizes=\"auto, (max-width: 300px) 100vw, 300px\" \/><\/a><figcaption id=\"caption-attachment-5900\" class=\"wp-caption-text\">Los j\u00f3venes premiados en el concurso de La Uni\u00f3 de Benaguasil.<\/figcaption><\/figure>\n<p>Tal como informa desde la Uni\u00f3 Musical de Benaguasil, el pasado fin de semana se celebr\u00f3 el I Concurso Internacional de Trompa Vicente Zarzo,<\/p>\n<p>Menci\u00f3n especial a Don Vicente Zarzo, trompista reconocido a nivel mundial que participaba de manera activa en el jurado, resalt\u00f3 la implicaci\u00f3n de los m\u00fasicos y la gran proyecci\u00f3n del evento.<br \/>\nD. Jos\u00e9 Sarri\u00f3n, Presidente de la entidad organizadora se congratulaba de a\u00f1adir un concurso m\u00e1s a la lista de los impartidos en la Uni\u00f3 Musical de Benaguasil, destacando la respuesta favorable de todos los participantes.<\/p>\n<p><strong>Los premios de la I edici\u00f3n fueron los siguientes.<\/strong><br \/>\n<strong><\/strong><\/p>\n<p><strong>Premios especiales<\/strong><br \/>\n&#8211; Int\u00e9rprete m\u00e1s joven: Iago Bernat Sanch\u00eds, Benaguasil (Valencia), 11 an\u0303os<br \/>\n&#8211; Mejor cadencia por su originalidad: Belen Ure\u00f1a Pe\u00f1alva, Carcaixent (Valencia), 16 an\u0303os<br \/>\n<strong><\/strong><\/p>\n<p><strong>Concurso de Trompa<\/strong><br \/>\n&#8211; Primer premio: Juan Godino Montesinos, Alm\u00e0ssera (Valencia), 25 an\u0303os<br \/>\n&#8211; Segundo premio: Vicente Gabarda, Villar del Arzobispo (Valencia), 22 an\u0303os<br \/>\n&#8211; Tercer premio: Pau Catal\u00e0 Garrig\u00f3s, Cullera (Valencia), 19 an\u0303os<\/p>\n","protected":false},"excerpt":{"rendered":"<div class=\"mh-excerpt\">Tal como informa desde la Uni\u00f3 Musical de Benaguasil, el pasado fin de semana se celebr\u00f3 el I Concurso Internacional de Trompa Vicente Zarzo, Menci\u00f3n especial a Don Vicente Zarzo, trompista reconocido a nivel mundial <a class=\"mh-excerpt-more\" href=\"https:\/\/www.tucomarca.com\/wordpress\/segunda\/i-concurso-internacional-de-trompa-vicente-zarzo-de-la-unio-musical-de-benaguasil\/\" title=\"I Concurso internacional de trompa, Vicente Zarzo, de la Uni\u00f3 Musical de Benaguasil\">[+] <\/a><\/div>\n","protected":false},"author":1,"featured_media":5900,"comment_status":"open","ping_status":"open","sticky":false,"template":"","format":"standard","meta":{"footnotes":""},"categories":[172,46,66,7,3],"tags":[],"class_list":{"0":"post-5899","1":"post","2":"type-post","3":"status-publish","4":"format-standard","5":"has-post-thumbnail","7":"category-benaguasil","8":"category-camp-de-turia","9":"category-musica","10":"category-ocio-y-cultura","11":"category-seccion"},"_links":{"self":[{"href":"https:\/\/www.tucomarca.com\/wordpress\/segunda\/wp-json\/wp\/v2\/posts\/5899","targetHints":{"allow":["GET"]}}],"collection":[{"href":"https:\/\/www.tucomarca.com\/wordpress\/segunda\/wp-json\/wp\/v2\/posts"}],"about":[{"href":"https:\/\/www.tucomarca.com\/wordpress\/segunda\/wp-json\/wp\/v2\/types\/post"}],"author":[{"embeddable":true,"href":"https:\/\/www.tucomarca.com\/wordpress\/segunda\/wp-json\/wp\/v2\/users\/1"}],"replies":[{"embeddable":true,"href":"https:\/\/www.tucomarca.com\/wordpress\/segunda\/wp-json\/wp\/v2\/comments?post=5899"}],"version-history":[{"count":0,"href":"https:\/\/www.tucomarca.com\/wordpress\/segunda\/wp-json\/wp\/v2\/posts\/5899\/revisions"}],"wp:featuredmedia":[{"embeddable":true,"href":"https:\/\/www.tucomarca.com\/wordpress\/segunda\/wp-json\/wp\/v2\/media\/5900"}],"wp:attachment":[{"href":"https:\/\/www.tucomarca.com\/wordpress\/segunda\/wp-json\/wp\/v2\/media?parent=5899"}],"wp:term":[{"taxonomy":"category","embeddable":true,"href":"https:\/\/www.tucomarca.com\/wordpress\/segunda\/wp-json\/wp\/v2\/categories?post=5899"},{"taxonomy":"post_tag","embeddable":true,"href":"https:\/\/www.tucomarca.com\/wordpress\/segunda\/wp-json\/wp\/v2\/tags?post=5899"}],"curies":[{"name":"wp","href":"https:\/\/api.w.org\/{rel}","templated":true}]}}