{"id":59041,"date":"2017-08-18T20:19:07","date_gmt":"2017-08-18T18:19:07","guid":{"rendered":"http:\/\/www.tucomarca.com\/wordpress\/segunda\/?p=59041"},"modified":"2017-08-18T20:24:15","modified_gmt":"2017-08-18T18:24:15","slug":"juncal-carrascosa-las-medidas-de-seguridad-para-la-tomatina-de-bunol-estan-a-un-nivel-dificil-de-mejorar","status":"publish","type":"post","link":"https:\/\/www.tucomarca.com\/wordpress\/segunda\/juncal-carrascosa-las-medidas-de-seguridad-para-la-tomatina-de-bunol-estan-a-un-nivel-dificil-de-mejorar\/","title":{"rendered":"Juncal Carrascosa: \u00ablas medidas de seguridad para La Tomatina de Bu\u00f1ol est\u00e1n a un nivel tan elevado que son dif\u00edcil de mejorar\u00bb"},"content":{"rendered":"<figure id=\"attachment_56915\" aria-describedby=\"caption-attachment-56915\" style=\"width: 342px\" class=\"wp-caption alignleft\"><a href=\"https:\/\/www.tucomarca.com\/wordpress\/segunda\/wp-content\/uploads\/2017\/05\/tomatina.jpg\"><img loading=\"lazy\" decoding=\"async\" class=\" wp-image-56915\" src=\"https:\/\/www.tucomarca.com\/wordpress\/segunda\/wp-content\/uploads\/2017\/05\/tomatina.jpg\" alt=\"Una imagen de archivo de la fiesta de La Tomatina de Bu\u00f1ol.\" width=\"342\" height=\"171\" srcset=\"https:\/\/www.tucomarca.com\/wordpress\/segunda\/wp-content\/uploads\/2017\/05\/tomatina.jpg 850w, https:\/\/www.tucomarca.com\/wordpress\/segunda\/wp-content\/uploads\/2017\/05\/tomatina-300x150.jpg 300w, https:\/\/www.tucomarca.com\/wordpress\/segunda\/wp-content\/uploads\/2017\/05\/tomatina-768x384.jpg 768w\" sizes=\"auto, (max-width: 342px) 100vw, 342px\" \/><\/a><figcaption id=\"caption-attachment-56915\" class=\"wp-caption-text\">Una imagen de archivo de la fiesta de La Tomatina de Bu\u00f1ol.<\/figcaption><\/figure>\n<p>La alcaldesa de Bu\u00f1ol, Juncal Carrascosa, ha querido lanzar un mensaje de \u00abtranquilidad\u00bb y de \u00abnormalidad\u00bb\u00a0a la ciudadan\u00eda tras los atentados ocurridos en Barcelona y Cambrils; y\u00a0ante el inminente inicio de la Feria y Fiestas de Bu\u00f1ol, entre cuyos festejos se encuentra la\u00a0internacionalmente conocida Tomatina.<\/p>\n<p>La alcaldesa ha querido remarcar \u00abque no hay que vivir con miedo; porque as\u00ed los terroristas ganan. Hay que vivir con prudencia\u00bb; de ah\u00ed que Juncal Carrascosa\u00a0haya subrayado que las mediadas\u00a0de seguridad para la internacionalmente fiesta de La Tomatina\u00a0\u2014que la localidad de La Hoya acoger\u00e1 el pr\u00f3ximo mi\u00e9rcoles 30 de agosto\u2014 \u00abno est\u00e1 previsto que se incrementen, dado que ya est\u00e1n\u00a0a un nivel muy dif\u00edcil de ser incrementado, tal como los mismos integrantes\u00a0de los cuerpos de Seguridad del Estado nos han trasladado en varias ocasiones\u00bb, en palabras de la primera edil.<\/p>\n<p>Juncal Carrascosa ha recordado que d\u00edas atr\u00e1s se ha vuelto a desarrollar otra junta de\u00a0seguridad\u00a0en la localidad, \u00abque est\u00e1 formada por miembros de los cuerpos de seguridad del Estado, de emergencias, de Protecci\u00f3n Civil y de varios otros estamentos m\u00e1s y todos entienden que las mediada que se vienen poniendo en pr\u00e1ctica los \u00faltimos a\u00f1os son las adecuadas; es m\u00e1s, que es muy dif\u00edcil a\u00f1adir m\u00e1s\u00a0todav\u00eda\u00a0porque est\u00e1n a un nivel que es dif\u00edcil de mejorar porque est\u00e1n a un nivel muy alto: el recinto, el acceso, las entradas y las salidas del tr\u00e1fico&#8230; todo\u00bb.<\/p>\n<p>La alcaldesa ha asegurado que tras los\u00a0atentados de Barcelona y Cambrils no se han recibido ninguna\u00a0consigna ni nuevas\u00a0instrucciones desde Delegaci\u00f3n de Gobierno o desde el Servicio de Emergencias de la Generalitat Valenciana, \u00abpor lo que el operativo no va sufrir ninguna variaci\u00f3n tras los\u00a0atentados\u00bb.\u00a0No obstante, Juncal Carrascosa ha incidido en que, desde Bu\u00f1ol, \u00abnosotros creemos que en seguridad no hay que escatimar; hay que poner la m\u00e1xima. Hay que invertir en\u00a0cuerpos\u00a0de seguridad del Estado.\u00a0Y as\u00ed lo hemos reclamado y hemos recibido respuesta en este sentido desde las diferentes\u00a0Administraciones cada vez que lo hemos pedido\u00bb.<\/p>\n<p>Juncal Carrascosa ha querido insistir en que La Tomatina es \u00abuna fiesta totalmente segura, de las m\u00e1s que hay porque precisamente para participar en ella se hace con apenas una camiseta y un ba\u00f1ador, sin mochilas y sin nada, y en un recinto totalmente controlado; y por tanto resulta dif\u00edcil cualquier tipo de acci\u00f3n sin que sea detectada\u00bb. Adem\u00e1s, ha avanzado que se van \u00aba usar veh\u00edculos para proteger el acceso\u00a0de camiones o veh\u00edculos no autorizados\u00a0al recinto donde se desarrolla la fiesta, en lugar de los bloques de hormig\u00f3n o de agua que se est\u00e1n usando para otros eventos, de modo que nuestros veh\u00edculos puedan ser retirados r\u00e1pidamente cuando sea necesario desalojar la zona\u00bb.<\/p>\n<p>La alcaldesa, que tambi\u00e9n es responsable del \u00e1rea de Fiestas de la localidad, ha querido insistir en\u00a0que todas las personas que vengan a La Tomatina as\u00ed como a la Feria y\u00a0Fiestas de Bu\u00f1ol que arrancan este viernes con la presentaci\u00f3n de la Reina, \u00ablo pueden hacer con toda\u00a0la\u00a0tranquilidad porque las medidas de seguridad para La Tomatina est\u00e1n s\u00faper estudiadas; y para el resto de actos de fiestas de nuestro pueblos las medidas son las adecuadas para las dimensiones de Bu\u00f1ol\u00bb.<\/p>\n","protected":false},"excerpt":{"rendered":"<div class=\"mh-excerpt\">La alcaldesa de Bu\u00f1ol, Juncal Carrascosa, ha querido lanzar un mensaje de \u00abtranquilidad\u00bb y de \u00abnormalidad\u00bb\u00a0a la ciudadan\u00eda tras los atentados ocurridos en Barcelona y Cambrils; y\u00a0ante el inminente inicio de la Feria y Fiestas <a class=\"mh-excerpt-more\" href=\"https:\/\/www.tucomarca.com\/wordpress\/segunda\/juncal-carrascosa-las-medidas-de-seguridad-para-la-tomatina-de-bunol-estan-a-un-nivel-dificil-de-mejorar\/\" title=\"Juncal Carrascosa: \u00ablas medidas de seguridad para La Tomatina de Bu\u00f1ol est\u00e1n a un nivel tan elevado que son dif\u00edcil de mejorar\u00bb\">[+] <\/a><\/div>\n","protected":false},"author":1,"featured_media":56915,"comment_status":"open","ping_status":"open","sticky":false,"template":"","format":"standard","meta":{"footnotes":""},"categories":[18,8,10,5,383,3,116,45],"tags":[3213,5952,7689],"class_list":{"0":"post-59041","1":"post","2":"type-post","3":"status-publish","4":"format-standard","5":"has-post-thumbnail","7":"category-bunol","8":"category-la-comarca","9":"category-la-hoya","10":"category-la-semana-en-imagenes","11":"category-pueblos-en-fiestas","12":"category-seccion","13":"category-sucesos-la-comarca","14":"category-ventana","15":"tag-barcelona","16":"tag-la-hoya-de-bunol-chiva","17":"tag-la-tomatina"},"_links":{"self":[{"href":"https:\/\/www.tucomarca.com\/wordpress\/segunda\/wp-json\/wp\/v2\/posts\/59041","targetHints":{"allow":["GET"]}}],"collection":[{"href":"https:\/\/www.tucomarca.com\/wordpress\/segunda\/wp-json\/wp\/v2\/posts"}],"about":[{"href":"https:\/\/www.tucomarca.com\/wordpress\/segunda\/wp-json\/wp\/v2\/types\/post"}],"author":[{"embeddable":true,"href":"https:\/\/www.tucomarca.com\/wordpress\/segunda\/wp-json\/wp\/v2\/users\/1"}],"replies":[{"embeddable":true,"href":"https:\/\/www.tucomarca.com\/wordpress\/segunda\/wp-json\/wp\/v2\/comments?post=59041"}],"version-history":[{"count":0,"href":"https:\/\/www.tucomarca.com\/wordpress\/segunda\/wp-json\/wp\/v2\/posts\/59041\/revisions"}],"wp:featuredmedia":[{"embeddable":true,"href":"https:\/\/www.tucomarca.com\/wordpress\/segunda\/wp-json\/wp\/v2\/media\/56915"}],"wp:attachment":[{"href":"https:\/\/www.tucomarca.com\/wordpress\/segunda\/wp-json\/wp\/v2\/media?parent=59041"}],"wp:term":[{"taxonomy":"category","embeddable":true,"href":"https:\/\/www.tucomarca.com\/wordpress\/segunda\/wp-json\/wp\/v2\/categories?post=59041"},{"taxonomy":"post_tag","embeddable":true,"href":"https:\/\/www.tucomarca.com\/wordpress\/segunda\/wp-json\/wp\/v2\/tags?post=59041"}],"curies":[{"name":"wp","href":"https:\/\/api.w.org\/{rel}","templated":true}]}}