{"id":5906,"date":"2012-07-27T12:07:19","date_gmt":"2012-07-27T10:07:19","guid":{"rendered":"http:\/\/www.tucomarca.com\/wordpress\/segunda\/?p=5906"},"modified":"2012-07-27T12:07:19","modified_gmt":"2012-07-27T10:07:19","slug":"la-alcaldesa-de-macastre-informa-a-la-ciudadania-sobre-los-pasos-dados-durante-el-incendio-en-un-pleno-extraordinario","status":"publish","type":"post","link":"https:\/\/www.tucomarca.com\/wordpress\/segunda\/la-alcaldesa-de-macastre-informa-a-la-ciudadania-sobre-los-pasos-dados-durante-el-incendio-en-un-pleno-extraordinario\/","title":{"rendered":"La alcaldesa de Macastre informa a la ciudadan\u00eda sobre los pasos dados durante el incendio en un pleno extraordinario"},"content":{"rendered":"<figure id=\"attachment_5940\" aria-describedby=\"caption-attachment-5940\" style=\"width: 300px\" class=\"wp-caption alignleft\"><a href=\"https:\/\/www.tucomarca.com\/wordpress\/segunda\/wp-content\/uploads\/2012\/07\/Reunio2.jpg\"><img loading=\"lazy\" decoding=\"async\" class=\"size-medium wp-image-5940\" title=\"Reunio2\" src=\"https:\/\/www.tucomarca.com\/wordpress\/segunda\/wp-content\/uploads\/2012\/07\/Reunio2-300x225.jpg\" alt=\"Un momento del pleno extraordinario en Macastre.\" width=\"300\" height=\"225\" srcset=\"https:\/\/www.tucomarca.com\/wordpress\/segunda\/wp-content\/uploads\/2012\/07\/Reunio2-300x225.jpg 300w, https:\/\/www.tucomarca.com\/wordpress\/segunda\/wp-content\/uploads\/2012\/07\/Reunio2.jpg 1000w\" sizes=\"auto, (max-width: 300px) 100vw, 300px\" \/><\/a><figcaption id=\"caption-attachment-5940\" class=\"wp-caption-text\">Un momento del pleno extraordinario en Macastre.<\/figcaption><\/figure>\n<p>Numerosos vecinos de Macastre se dieron cita a finales de la pasada semana en la Casa de la Cultura para participar en la sesi\u00f3n plenaria de car\u00e1cter extraordinario convocada por el equipo de gobierno de la localidad a fin de detallar los pormenores de la actuaci\u00f3n realizada durante el incendio forestal de Cortes de Pall\u00e1s que afect\u00f3 a parte importante del t\u00e9rmino municipal.<\/p>\n<p>La alcaldesa de la localidad, M\u00aa Jos\u00e9 Casero (PP), estuvo acompa\u00f1ada durante esta concurrida sesi\u00f3n por los integrantes del equipo de gobierno, as\u00ed como por los miembros de la oposici\u00f3n (PSOE), quienes siguieron con atenci\u00f3n el desglose de los datos aportados por la mun\u00edcipe.<\/p>\n<p>La sesi\u00f3n arranc\u00f3 con un minuto de silencio en memoria del Teniente Coronel Jos\u00e9 Agust\u00edn Nieva, quien falleci\u00f3 en las tareas de extinci\u00f3n del fuego. A continuaci\u00f3n, Casero abund\u00f3 en todos y dada uno de los pasos dados, as\u00ed como en la constante comunicaci\u00f3n con el Puesto de Mando Avanzado ubicado en Y\u00e1tova. Aqu\u00ed, reconoci\u00f3 que los peores momentos se vivieron el domingo 1 de julio, \u00abjusto cuando las llamas afectaron a los montes pr\u00f3ximos al casco urbano\u00bb.<\/p>\n<p>Durante la disertaci\u00f3n se argumentaron los motivos por los que se evacu\u00f3 a los vecinos de Llanorell y de la parte alta de Macastre, as\u00ed como la necesidad de contar con efectivos permanentes en la poblaci\u00f3n de la Unidad Militar de Emergencias.<\/p>\n<p>Tras este detallado informe, M\u00aa Jos\u00e9 Casero anunci\u00f3 la aprobaci\u00f3n por parte del Consell de ayudas a aquellas personas f\u00edsicas y jur\u00eddicas cuyas viviendas, equipamiento personal y dom\u00e9stico b\u00e1sico y veh\u00edculos se hayan visto da\u00f1ados por el incendio.<\/p>\n<p>Como anticip\u00f3 la m\u00e1xima autoridad local, el Ayuntamiento ya se ha puesto manos a la obra para solucionar problemas en infraestructuras como la tuber\u00eda que va del dep\u00f3sito al pozo de Llanorell que abastece esta urbanizaci\u00f3n, una actuaci\u00f3n acometida por la Diputaci\u00f3n de Valencia y cuyo coste supera los 50.300 euros.<\/p>\n<p>Respecto a la reforestaci\u00f3n, se coment\u00f3 el compromiso del gobierno valenciano para acometer la misma, as\u00ed como a contratar a desempleados de las zonas afectadas por este siniestro.<br \/>\nMenci\u00f3n aparte merece el reconocimiento del Ayuntamiento a los integrantes del cuerpo de Protecci\u00f3n Civil de la localidad por su entregada dedicaci\u00f3n durante el incendio, llegando incluso a poner en juego su propia integridad f\u00edsica.<\/p>\n","protected":false},"excerpt":{"rendered":"<div class=\"mh-excerpt\">Numerosos vecinos de Macastre se dieron cita a finales de la pasada semana en la Casa de la Cultura para participar en la sesi\u00f3n plenaria de car\u00e1cter extraordinario convocada por el equipo de gobierno de <a class=\"mh-excerpt-more\" href=\"https:\/\/www.tucomarca.com\/wordpress\/segunda\/la-alcaldesa-de-macastre-informa-a-la-ciudadania-sobre-los-pasos-dados-durante-el-incendio-en-un-pleno-extraordinario\/\" title=\"La alcaldesa de Macastre informa a la ciudadan\u00eda sobre los pasos dados durante el incendio en un pleno extraordinario\">[+] <\/a><\/div>\n","protected":false},"author":1,"featured_media":5940,"comment_status":"open","ping_status":"open","sticky":false,"template":"","format":"standard","meta":{"footnotes":""},"categories":[8,10,13,3,116],"tags":[],"class_list":{"0":"post-5906","1":"post","2":"type-post","3":"status-publish","4":"format-standard","5":"has-post-thumbnail","7":"category-la-comarca","8":"category-la-hoya","9":"category-macastre","10":"category-seccion","11":"category-sucesos-la-comarca"},"_links":{"self":[{"href":"https:\/\/www.tucomarca.com\/wordpress\/segunda\/wp-json\/wp\/v2\/posts\/5906","targetHints":{"allow":["GET"]}}],"collection":[{"href":"https:\/\/www.tucomarca.com\/wordpress\/segunda\/wp-json\/wp\/v2\/posts"}],"about":[{"href":"https:\/\/www.tucomarca.com\/wordpress\/segunda\/wp-json\/wp\/v2\/types\/post"}],"author":[{"embeddable":true,"href":"https:\/\/www.tucomarca.com\/wordpress\/segunda\/wp-json\/wp\/v2\/users\/1"}],"replies":[{"embeddable":true,"href":"https:\/\/www.tucomarca.com\/wordpress\/segunda\/wp-json\/wp\/v2\/comments?post=5906"}],"version-history":[{"count":0,"href":"https:\/\/www.tucomarca.com\/wordpress\/segunda\/wp-json\/wp\/v2\/posts\/5906\/revisions"}],"wp:featuredmedia":[{"embeddable":true,"href":"https:\/\/www.tucomarca.com\/wordpress\/segunda\/wp-json\/wp\/v2\/media\/5940"}],"wp:attachment":[{"href":"https:\/\/www.tucomarca.com\/wordpress\/segunda\/wp-json\/wp\/v2\/media?parent=5906"}],"wp:term":[{"taxonomy":"category","embeddable":true,"href":"https:\/\/www.tucomarca.com\/wordpress\/segunda\/wp-json\/wp\/v2\/categories?post=5906"},{"taxonomy":"post_tag","embeddable":true,"href":"https:\/\/www.tucomarca.com\/wordpress\/segunda\/wp-json\/wp\/v2\/tags?post=5906"}],"curies":[{"name":"wp","href":"https:\/\/api.w.org\/{rel}","templated":true}]}}