{"id":59077,"date":"2017-08-21T22:17:41","date_gmt":"2017-08-21T20:17:41","guid":{"rendered":"http:\/\/www.tucomarca.com\/wordpress\/segunda\/?p=59077"},"modified":"2017-08-21T22:17:41","modified_gmt":"2017-08-21T20:17:41","slug":"requena-pone-en-marcha-campanas-contra-agresiones-sexistas-y-consumo-de-alcohol-en-menores-durante-las-fiestas","status":"publish","type":"post","link":"https:\/\/www.tucomarca.com\/wordpress\/segunda\/requena-pone-en-marcha-campanas-contra-agresiones-sexistas-y-consumo-de-alcohol-en-menores-durante-las-fiestas\/","title":{"rendered":"Requena pone en marcha campa\u00f1as contra agresiones sexistas y consumo de alcohol en menores durante las fiestas"},"content":{"rendered":"<figure id=\"attachment_59078\" aria-describedby=\"caption-attachment-59078\" style=\"width: 1600px\" class=\"wp-caption alignleft\"><img loading=\"lazy\" decoding=\"async\" class=\"size-full wp-image-59078\" src=\"https:\/\/www.tucomarca.com\/wordpress\/segunda\/wp-content\/uploads\/2017\/08\/RequenaNoesno.jpg\" alt=\"\u201cNo es No\u201d y \u201cS\u00e9 un ejemplo para ellos... No permitas que los menores beban alcohol\u201d son los lemas de 2017.\" width=\"1600\" height=\"898\" srcset=\"https:\/\/www.tucomarca.com\/wordpress\/segunda\/wp-content\/uploads\/2017\/08\/RequenaNoesno.jpg 1600w, https:\/\/www.tucomarca.com\/wordpress\/segunda\/wp-content\/uploads\/2017\/08\/RequenaNoesno-300x168.jpg 300w, https:\/\/www.tucomarca.com\/wordpress\/segunda\/wp-content\/uploads\/2017\/08\/RequenaNoesno-768x431.jpg 768w, https:\/\/www.tucomarca.com\/wordpress\/segunda\/wp-content\/uploads\/2017\/08\/RequenaNoesno-1024x575.jpg 1024w\" sizes=\"auto, (max-width: 1600px) 100vw, 1600px\" \/><figcaption id=\"caption-attachment-59078\" class=\"wp-caption-text\">\u201cNo es No\u201d y \u201cS\u00e9 un ejemplo para ellos&#8230; No permitas que los menores beban alcohol\u201d son los lemas de 2017.<\/figcaption><\/figure>\n<p>La concejal\u00eda de Igualdad del Ayuntamiento de Requena ha organizado la segunda campa\u00f1a \u201cNO es NO. Vive unas fiestas sin agresiones sexistas.\u201d para la prevenci\u00f3n de agresiones sexuales que pudieran producirse en la Feria y Fiesta de la Vendimia que comienzan esta semana en Requena.<\/p>\n<p>Por desgracia, en un contexto de fiesta las agresiones a mujeres aumentan. De forma err\u00f3nea, se piensa que las fiestas y el consumo de alcohol son una disculpa frente a ese tipo de actos. Ante situaciones festivas y de diversi\u00f3n, chicos y chicas tienen actitudes diferentes en nuestra sociedad. A las chicas se les ha asignado el papel de estar siempre en estado de alerta y evitar situaciones peligrosas como volver solas a casa; por contra, algunos chicos tienen un concepto de las relaciones sexuales absolutamente equivocado y perciben que determinados comportamientos o situaciones les otorgan derechos sobre la accesibilidad al cuerpo de las mujeres.<\/p>\n<p>Por estos motivos, esta segunda campa\u00f1a, impulsada por la concejal\u00eda de Igualdad del Ayuntamiento de Requena contin\u00faa con el mismo lema que el a\u00f1o anterior \u201cNO es NO. Vive unas fiestas sin agresiones sexistas.\u201d va dirigida a la poblaci\u00f3n en general, pero de manera especial a la juventud, que durante estos d\u00edas participa en diferentes eventos masivos como verbenas, conciertos o la noche de la Zurra.<\/p>\n<p>Con esta campa\u00f1a se pretende sensibilizar y concienciar de que la diversi\u00f3n ha de ir asociada al respeto por el cuerpo y la decisi\u00f3n de las mujeres. Tambi\u00e9n se trata de poner en evidencia y denunciar actitudes y comportamientos denigrantes para las chicas, y advertir que las relaciones sexuales sin consentimiento, por medio de la violencia, el abuso o el chantaje son un delito que recae sobre los agresores.<\/p>\n<p>En esta segunda campa\u00f1a de \u00abNO es NO\u00bb el Ayuntamiento de Requena proporciona carteles, adhesivos y tambi\u00e9n pulseras, ya que estas \u00faltimas fueron muy bien acogidas el a\u00f1o pasado. Se repartir\u00e1n alrededor de 3.000 pulseras en las que se incluye el logo de la campa\u00f1a y se facilita el tel\u00e9fono de la Polic\u00eda Local por si fuera necesario (en caso de agresi\u00f3n \/\/ en una situaci\u00f3n desfavorable.) Dichas pulseras se van a distribuir este a\u00f1o, adem\u00e1s de entre la gente joven, en algunos locales de ocio como O\u2019Callaghan y Versus, que colaboran con la campa\u00f1a.<\/p>\n<p>La LXX Fiesta de la Vendimia y la Uni\u00f3n de Racimos se han implicado en este movimiento de la concejal\u00eda de Igualdad y participar\u00e1n distribuyendo carteles y pulseras en la zona de carpas el primer d\u00eda de Feria.<\/p>\n<p>Las concejal\u00edas de Seguridad Ciudadana, Feria y Fiestas e Igualdad quieren que se pueda disfrutar de unas fiestas libres de violencia.<\/p>\n<p>De manera paralela, desde la concejal\u00eda de Servicios Sociales, a trav\u00e9s de la Unidad de Prevenci\u00f3n Comunitaria de Conductas Adictivas (UPCCA) tambi\u00e9n se pone en marcha la campa\u00f1a de concienciaci\u00f3n y prevenci\u00f3n sobre el uso de alcohol, especialmente entre menores.<\/p>\n<p>Las fiestas suelen convertirse en situaciones de excesos que parecen no tener l\u00edmite de edad. En concreto, el consumo de alcohol se dispara en estos contextos y afecta a una parte muy sensible de la sociedad. Por tanto, el lema \u201cS\u00e9 un ejemplo para ellos&#8230; No permitas que los menores beban alcohol\u201d pretende incidir en la importancia que tiene que los adultos sean el referente de un consumo cabal y responsable durante las fiestas. Para ello se han realizado servilletas impresas con el lema y el logo de la UPCCA que se repartir\u00e1n entre los principales lugares de ocio y la zona de carpas durante los d\u00edas de fiesta.<\/p>\n","protected":false},"excerpt":{"rendered":"<div class=\"mh-excerpt\">La concejal\u00eda de Igualdad del Ayuntamiento de Requena ha organizado la segunda campa\u00f1a \u201cNO es NO. Vive unas fiestas sin agresiones sexistas.\u201d para la prevenci\u00f3n de agresiones sexuales que pudieran producirse en la Feria y <a class=\"mh-excerpt-more\" href=\"https:\/\/www.tucomarca.com\/wordpress\/segunda\/requena-pone-en-marcha-campanas-contra-agresiones-sexistas-y-consumo-de-alcohol-en-menores-durante-las-fiestas\/\" title=\"Requena pone en marcha campa\u00f1as contra agresiones sexistas y consumo de alcohol en menores durante las fiestas\">[+] <\/a><\/div>\n","protected":false},"author":1,"featured_media":59078,"comment_status":"open","ping_status":"open","sticky":false,"template":"","format":"standard","meta":{"footnotes":""},"categories":[8,5,383,28,27,3,45],"tags":[10387],"class_list":{"0":"post-59077","1":"post","2":"type-post","3":"status-publish","4":"format-standard","5":"has-post-thumbnail","7":"category-la-comarca","8":"category-la-semana-en-imagenes","9":"category-pueblos-en-fiestas","10":"category-requena","11":"category-requena-utiel","12":"category-seccion","13":"category-ventana","14":"tag-requena-utiel"},"_links":{"self":[{"href":"https:\/\/www.tucomarca.com\/wordpress\/segunda\/wp-json\/wp\/v2\/posts\/59077","targetHints":{"allow":["GET"]}}],"collection":[{"href":"https:\/\/www.tucomarca.com\/wordpress\/segunda\/wp-json\/wp\/v2\/posts"}],"about":[{"href":"https:\/\/www.tucomarca.com\/wordpress\/segunda\/wp-json\/wp\/v2\/types\/post"}],"author":[{"embeddable":true,"href":"https:\/\/www.tucomarca.com\/wordpress\/segunda\/wp-json\/wp\/v2\/users\/1"}],"replies":[{"embeddable":true,"href":"https:\/\/www.tucomarca.com\/wordpress\/segunda\/wp-json\/wp\/v2\/comments?post=59077"}],"version-history":[{"count":0,"href":"https:\/\/www.tucomarca.com\/wordpress\/segunda\/wp-json\/wp\/v2\/posts\/59077\/revisions"}],"wp:featuredmedia":[{"embeddable":true,"href":"https:\/\/www.tucomarca.com\/wordpress\/segunda\/wp-json\/wp\/v2\/media\/59078"}],"wp:attachment":[{"href":"https:\/\/www.tucomarca.com\/wordpress\/segunda\/wp-json\/wp\/v2\/media?parent=59077"}],"wp:term":[{"taxonomy":"category","embeddable":true,"href":"https:\/\/www.tucomarca.com\/wordpress\/segunda\/wp-json\/wp\/v2\/categories?post=59077"},{"taxonomy":"post_tag","embeddable":true,"href":"https:\/\/www.tucomarca.com\/wordpress\/segunda\/wp-json\/wp\/v2\/tags?post=59077"}],"curies":[{"name":"wp","href":"https:\/\/api.w.org\/{rel}","templated":true}]}}