{"id":59091,"date":"2017-08-22T13:19:45","date_gmt":"2017-08-22T11:19:45","guid":{"rendered":"http:\/\/www.tucomarca.com\/wordpress\/segunda\/?p=59091"},"modified":"2017-08-22T13:28:53","modified_gmt":"2017-08-22T11:28:53","slug":"el-pp-de-bunol-solicita-un-plan-de-choque-inmediato-en-el-centro-de-menores-para-solucionar-las-deficiencias-de-seguridad-salubridad-y-personal","status":"publish","type":"post","link":"https:\/\/www.tucomarca.com\/wordpress\/segunda\/el-pp-de-bunol-solicita-un-plan-de-choque-inmediato-en-el-centro-de-menores-para-solucionar-las-deficiencias-de-seguridad-salubridad-y-personal\/","title":{"rendered":"El PP de Bu\u00f1ol solicita \u201cun plan de choque inmediato\u201d en el centro de menores para \u00absolucionar las deficiencias de \u00abseguridad, salubridad y personal\u00bb"},"content":{"rendered":"<figure id=\"attachment_59098\" aria-describedby=\"caption-attachment-59098\" style=\"width: 374px\" class=\"wp-caption alignleft\"><img loading=\"lazy\" decoding=\"async\" class=\" wp-image-59098\" src=\"https:\/\/www.tucomarca.com\/wordpress\/segunda\/wp-content\/uploads\/2017\/08\/Altercadomenores2.jpg\" alt=\"Una imagen de uno de los v\u00eddeos que circulan por las redes sociales sobre el altercado donde se aprecia a uno de los menores herido.\" width=\"374\" height=\"291\" srcset=\"https:\/\/www.tucomarca.com\/wordpress\/segunda\/wp-content\/uploads\/2017\/08\/Altercadomenores2.jpg 594w, https:\/\/www.tucomarca.com\/wordpress\/segunda\/wp-content\/uploads\/2017\/08\/Altercadomenores2-300x233.jpg 300w\" sizes=\"auto, (max-width: 374px) 100vw, 374px\" \/><figcaption id=\"caption-attachment-59098\" class=\"wp-caption-text\">Una imagen de uno de los v\u00eddeos que circulan por las redes sociales sobre el altercado donde se aprecia a uno de los menores herido.<\/figcaption><\/figure>\n<p>El Partido Popular de Bu\u00f1ol<strong>\u00a0<\/strong>ha solicitado al<strong>\u00a0<\/strong>Ayuntamiento<strong>\u00a0<\/strong>de Bu\u00f1ol (EU, PSOE, IAB y\u00a0Votamos) que solicite de \u201cforma inmediata\u201d a la conselleria de Igualdad y Pol\u00edticas Inclusivas \u201cun plan de choque inmediato\u201d para que el centro de\u00a0menores \u00abcumpla las condiciones de seguridad, salubridad y personal adecuados que garantice la correcta protecci\u00f3n de los menores internos\u00bb, seg\u00fan los populares.<\/p>\n<p>As\u00ed, el PP de la localidad ha destacado\u00a0que la \u00abreyerta con heridos producida la tarde de ayer entre menores del Centro de Recepci\u00f3n de la conselleria de M\u00f3nica Oltra y vecinos de Bu\u00f1ol es s\u00f3lo la punta del iceberg del conflicto social que se vive en Bu\u00f1ol como consecuencia de una mala gesti\u00f3n tanto por parte de la vicepresidenta y de Ximo Puig como del Ayuntamiento de Bu\u00f1ol\u00bb.<\/p>\n<p>\u201cEl hacinamiento del Centro de Bu\u00f1ol con 45 menores sobre un m\u00e1ximo de 30 permitidos, as\u00ed como la falta de las condiciones de seguridad, higi\u00e9nico-sanitarias y la falta de monitores para cubrir las necesidades del mismo, convierten al Centro de Menores de Bu\u00f1ol en un centro que no est\u00e1 a la altura debido a la dejadez del Consell\u00bb, han manifestado desde el PP.<\/p>\n<p>\u00abPor eso, es necesario un refuerzo del personal, la puesta en marcha de protocolos de seguridad que asegure la protecci\u00f3n de los menores, y la mejora de las condiciones de salubridad y sanitarias de los menores all\u00ed internados\u00bb, han asegurado los populares.<\/p>\n<p>En este sentido, desde el PP han recordado que el Ayuntamiento \u00abacept\u00f3 que tras el cierre del Centro de Montolivete de Valencia, el centro de menores de Bu\u00f1ol dejara de ser un centro de acogida, pasando a ser un centro de recepci\u00f3n, donde los menores no pueden permanecer en el mismo m\u00e1s de 45 d\u00edas en un centro que no re\u00fane las condiciones necesarias para ofrecer un adecuado servicio.\u00a0Se trata\u00a0\u2014han a\u00f1adido\u2014\u00a0de un centro que est\u00e1 en una ubicaci\u00f3n que no tiene las prestaciones y servicios propias de un gran municipio y que no cuenta con la plantilla ni las condiciones adecuadas\u00bb.<\/p>\n","protected":false},"excerpt":{"rendered":"<div class=\"mh-excerpt\">El Partido Popular de Bu\u00f1ol\u00a0ha solicitado al\u00a0Ayuntamiento\u00a0de Bu\u00f1ol (EU, PSOE, IAB y\u00a0Votamos) que solicite de \u201cforma inmediata\u201d a la conselleria de Igualdad y Pol\u00edticas Inclusivas \u201cun plan de choque inmediato\u201d para que el centro de\u00a0menores <a class=\"mh-excerpt-more\" href=\"https:\/\/www.tucomarca.com\/wordpress\/segunda\/el-pp-de-bunol-solicita-un-plan-de-choque-inmediato-en-el-centro-de-menores-para-solucionar-las-deficiencias-de-seguridad-salubridad-y-personal\/\" title=\"El PP de Bu\u00f1ol solicita \u201cun plan de choque inmediato\u201d en el centro de menores para \u00absolucionar las deficiencias de \u00abseguridad, salubridad y personal\u00bb\">[+] <\/a><\/div>\n","protected":false},"author":1,"featured_media":59098,"comment_status":"open","ping_status":"open","sticky":false,"template":"","format":"standard","meta":{"footnotes":""},"categories":[18,8,10,142,3,116,45],"tags":[10385,5952],"class_list":{"0":"post-59091","1":"post","2":"type-post","3":"status-publish","4":"format-standard","5":"has-post-thumbnail","7":"category-bunol","8":"category-la-comarca","9":"category-la-hoya","10":"category-politica-la-comarca","11":"category-seccion","12":"category-sucesos-la-comarca","13":"category-ventana","14":"tag-bunol","15":"tag-la-hoya-de-bunol-chiva"},"_links":{"self":[{"href":"https:\/\/www.tucomarca.com\/wordpress\/segunda\/wp-json\/wp\/v2\/posts\/59091","targetHints":{"allow":["GET"]}}],"collection":[{"href":"https:\/\/www.tucomarca.com\/wordpress\/segunda\/wp-json\/wp\/v2\/posts"}],"about":[{"href":"https:\/\/www.tucomarca.com\/wordpress\/segunda\/wp-json\/wp\/v2\/types\/post"}],"author":[{"embeddable":true,"href":"https:\/\/www.tucomarca.com\/wordpress\/segunda\/wp-json\/wp\/v2\/users\/1"}],"replies":[{"embeddable":true,"href":"https:\/\/www.tucomarca.com\/wordpress\/segunda\/wp-json\/wp\/v2\/comments?post=59091"}],"version-history":[{"count":0,"href":"https:\/\/www.tucomarca.com\/wordpress\/segunda\/wp-json\/wp\/v2\/posts\/59091\/revisions"}],"wp:featuredmedia":[{"embeddable":true,"href":"https:\/\/www.tucomarca.com\/wordpress\/segunda\/wp-json\/wp\/v2\/media\/59098"}],"wp:attachment":[{"href":"https:\/\/www.tucomarca.com\/wordpress\/segunda\/wp-json\/wp\/v2\/media?parent=59091"}],"wp:term":[{"taxonomy":"category","embeddable":true,"href":"https:\/\/www.tucomarca.com\/wordpress\/segunda\/wp-json\/wp\/v2\/categories?post=59091"},{"taxonomy":"post_tag","embeddable":true,"href":"https:\/\/www.tucomarca.com\/wordpress\/segunda\/wp-json\/wp\/v2\/tags?post=59091"}],"curies":[{"name":"wp","href":"https:\/\/api.w.org\/{rel}","templated":true}]}}