{"id":59096,"date":"2017-08-22T13:08:18","date_gmt":"2017-08-22T11:08:18","guid":{"rendered":"http:\/\/www.tucomarca.com\/wordpress\/segunda\/?p=59096"},"modified":"2017-08-22T13:23:52","modified_gmt":"2017-08-22T11:23:52","slug":"el-ayuntamiento-de-bunol-recrimina-a-igualdad-y-politicas-inclusivas-el-incumplir-sistematicamente-las-medidas-acordadas-en-el-centro-de-menores","status":"publish","type":"post","link":"https:\/\/www.tucomarca.com\/wordpress\/segunda\/el-ayuntamiento-de-bunol-recrimina-a-igualdad-y-politicas-inclusivas-el-incumplir-sistematicamente-las-medidas-acordadas-en-el-centro-de-menores\/","title":{"rendered":"El Ayuntamiento de Bu\u00f1ol recrimina a Igualdad y Pol\u00edticas inclusivas el \u00abincumplir sistem\u00e1ticamente\u00bb las medidas acordadas en el centro de menores"},"content":{"rendered":"<figure id=\"attachment_59092\" aria-describedby=\"caption-attachment-59092\" style=\"width: 439px\" class=\"wp-caption alignleft\"><img loading=\"lazy\" decoding=\"async\" class=\" wp-image-59092\" src=\"https:\/\/www.tucomarca.com\/wordpress\/segunda\/wp-content\/uploads\/2017\/08\/Altercadomenores.jpg\" alt=\"Una imagen de uno de los v\u00eddeos que circulan por las redes sociales sobre el altercado que se ha producido este lunes ante las puertas del centro de menores e Bu\u00f1ol.\" width=\"439\" height=\"285\" srcset=\"https:\/\/www.tucomarca.com\/wordpress\/segunda\/wp-content\/uploads\/2017\/08\/Altercadomenores.jpg 596w, https:\/\/www.tucomarca.com\/wordpress\/segunda\/wp-content\/uploads\/2017\/08\/Altercadomenores-300x195.jpg 300w\" sizes=\"auto, (max-width: 439px) 100vw, 439px\" \/><figcaption id=\"caption-attachment-59092\" class=\"wp-caption-text\">Una imagen de uno de los v\u00eddeos que circulan por las redes sociales sobre el altercado que se ha producido este lunes ante las puertas del centro de menores e Bu\u00f1ol.<\/figcaption><\/figure>\n<p>El gobierno municipal\u00a0de Bu\u00f1ol, \u00abtras los graves sucesos acaecidos en las inmediaciones del centro de menores de la Conselleria situado en Bu\u00f1ol, en la noche de ayer\u00bb,\u00a0ha realizado un comunicado p\u00fablico en el que ha\u00a0manifestado que\u00a0la situaci\u00f3n del centro de menores \u00abcambia radicalmente cuando la Conselleria decide que desde el mes de julio se convierta en un centro de primera acogida en lugar de ser, como hab\u00eda sido hasta ahora, un centro de residencia\u00bb.<\/p>\n<p>El gobierno bu\u00f1olense asegura en su nota que se \u00abha reunido en varias ocasiones con el Secretario Auton\u00f3mico de Inclusi\u00f3n Social, Alberto Iba\u00f1ez, y con la Directora General de la Infancia y adolescencia, Rosa Molero, responsables de la gesti\u00f3n del Centro, as\u00ed como con la Directora y Subdirectora del Centro donde comentamos\u00a0que no est\u00e1bamos de acuerdo en que el Centro pasase a ser un Centro de primera acogida\u00bb.<\/p>\n<p>As\u00ed mismo, desde el consistorio se le transmiti\u00f3 que como \u00abesa decisi\u00f3n no correspond\u00eda al Ayuntamiento de Bu\u00f1ol, sino a la Conselleria, al menos se retrasase la entrada de los menores hasta pasado el mes de agosto y las Fiestas locales\u00bb, as\u00ed como que se\u00a0\u00abnos garantizara las medidas de seguridad suficientes para la tranquilidad de nuestros vecinos\u00a0y que se dotara al centro del personal suficiente para su gesti\u00f3n\u00bb.<\/p>\n<p>Desde el Ayuntamiento de Bu\u00f1ol han a\u00f1adido que al \u00abconocerse por la prensa en traslado inminente de los menores al centro situado en Bu\u00f1ol, La actual alcaldesa, Juncal Carrascosa, y el anterior alcalde, Rafael Perez Gil, mantuvimos una \u00faltima reuni\u00f3n en las dependencias de la Conselleria de Igualdad y pol\u00edticas inclusivas que dirige la Vicepresidenta del Gobierno Valenciano, M\u00f3nica Oltra, con el Secretario Auton\u00f3mico y con la Directora General con la intenci\u00f3n de insistir en que no se comenzase la actividad en el centro hasta el 5 de septiembre. Pero la decisi\u00f3n estaba tomada por su parte y al d\u00eda siguiente los menores y el personal ocuparon el centro pese a que las obras de remodelaci\u00f3n no se hab\u00edan concluido. Entendemos que de forma precipitada por las deficiencias estructurales que presentaba el centro de Monteolivete, en Valencia, de donde proced\u00edan parte de los menores y del personal\u00bb.<\/p>\n<p>Desde el Ayuntamiento de Bu\u00f1ol han a\u00f1adido que \u00aben todas las reuniones con los Pol\u00edticos responsables se nos asegur\u00f3 que se cumplir\u00edan las siguientes medidas: Habr\u00eda personal suficiente, incluso se adquiri\u00f3 el compromiso de que habr\u00eda m\u00e1s personal en relaci\u00f3n a la cantidad de menores de los que hab\u00edan en el centro de menores de Monteolivete (ratio). Siendo estos menores un m\u00e1ximo de 30. Que los menores que se derivaran al centro de Bu\u00f1ol ser\u00eda de un perfil conflictivo bajo. Que habr\u00eda vigilancia privada 24 horas. Que se a\u00f1adir\u00eda un personal especializado en medidas de \u201ccontenci\u00f3n\u201d con menores.\u00a0Que una patrulla de Polic\u00eda Auton\u00f3mica permanecer\u00eda continuamente en el centro\u00bb.<\/p>\n<p>\u00abTodas estas medidas se han incumplido sistem\u00e1ticamente. A la vez que desde el Gobierno de Bu\u00f1ol se ha ido informado a la Conselleria d\u00eda a d\u00eda de todas las incidencias sufridas en el centro y de las que ha tenido que hacerse cargo la Polic\u00eda Local de Bu\u00f1ol.\u00a0En primer lugar el Centro en el d\u00eda de ayer ten\u00eda 44 menores, casi un 50% m\u00e1s de su capacidad.\u00a0Para 44 menores hab\u00edan tres monitoras, lo que consideramos es evidentemente insuficiente.\u00a0La Polic\u00eda Auton\u00f3mica que se nos prometi\u00f3, hasta el d\u00eda de ayer s\u00f3lo se ha presentado para el traslado de menores al centro. Y en la tarde-noche de ayer cuando la situaci\u00f3n era ya insostenible. El Centro que ha sido remodelado y en el que se ha invertido m\u00e1s de 200.000 euros sigue presentando problemas de seguridad, tales como que los menores pueden salir fuera de los horarios establecidos saltando desde la parte de atr\u00e1s\u00bb.<\/p>\n<p>Desde el Ayuntamiento de Bu\u00f1ol han remarcado que, \u00abante todas estas circunstancias que hemos detallado y de las que hemos ido dando conocimiento a la Conseller\u00eda, queremos manifestar que\u00a0estamos trabajando intensamente para revertir esta situaci\u00f3n y para insistir a la Conselleria que, como manifestamos desde el principio, no tenemos la Polic\u00eda suficiente ni la dotaci\u00f3n de Guardia Civil necesarias para hacernos cargo de situaciones como la que ayer se produjo, que se sald\u00f3 con cuatro menores del centro detenidos y varios heridos con diversas lesiones. Adem\u00e1s de la alarma social que ha generado esta situaci\u00f3n entre los vecinos de Bu\u00f1ol\u00bb.<\/p>\n<p>\u00abQue en estos momentos los cuatro menores detenidos est\u00e1n en disposici\u00f3n judicial y se nos ha asegurado que de ning\u00fan modo van a volver al centro.\u00a0En la noche de ayer en el propio centro se mantuvo una reuni\u00f3n entre la Directora General Rosa Molero, que se person\u00f3 r\u00e1pidamente y la alcaldesa de Bu\u00f1ol, donde se nos comunic\u00f3 que en el d\u00eda de hoy se proceder\u00e1 al traslado de 10 menores m\u00e1s, para que el centro acoja s\u00f3lo a los 30 menores para los que est\u00e1 preparado. Est\u00e1 prevista una reuni\u00f3n a \u00faltima hora de la ma\u00f1ana entre la alcald\u00eda, miembros del Gobierno Local, Polic\u00eda Local, miembros de la Conselleria de Igualdad y Pol\u00edticas Inclusivas y de la Direcci\u00f3n General de Emergencias, en la que el gobierno local exigir\u00e1 a los responsables del Gobierno Valenciano que se cumplan todas las medidas necesarias para mantener la seguridad y tranquilidad de la poblaci\u00f3n y del Centro de Menores, especialmente durante la Feria y Fiestas.\u00a0Estamos en contacto con los familiares de los menores de Bu\u00f1ol implicados, intentando evitar que se generen nuevos problemas de convivencia y traslad\u00e1ndoles todas las gestiones que desde el Gobierno Municipal se van realizando\u00bb.<\/p>\n<p>Desde el gobierno municipal\u00a0han pedido\u00a0a la poblaci\u00f3n \u00abque mantenga la serenidad y que se evite generar en la medida de lo posible, m\u00e1s alarma social\u00bb.<\/p>\n","protected":false},"excerpt":{"rendered":"<div class=\"mh-excerpt\">El gobierno municipal\u00a0de Bu\u00f1ol, \u00abtras los graves sucesos acaecidos en las inmediaciones del centro de menores de la Conselleria situado en Bu\u00f1ol, en la noche de ayer\u00bb,\u00a0ha realizado un comunicado p\u00fablico en el que ha\u00a0manifestado <a class=\"mh-excerpt-more\" href=\"https:\/\/www.tucomarca.com\/wordpress\/segunda\/el-ayuntamiento-de-bunol-recrimina-a-igualdad-y-politicas-inclusivas-el-incumplir-sistematicamente-las-medidas-acordadas-en-el-centro-de-menores\/\" title=\"El Ayuntamiento de Bu\u00f1ol recrimina a Igualdad y Pol\u00edticas inclusivas el \u00abincumplir sistem\u00e1ticamente\u00bb las medidas acordadas en el centro de menores\">[+] <\/a><\/div>\n","protected":false},"author":1,"featured_media":59092,"comment_status":"open","ping_status":"open","sticky":false,"template":"","format":"standard","meta":{"footnotes":""},"categories":[18,8,10,3,116,45],"tags":[5952,33],"class_list":{"0":"post-59096","1":"post","2":"type-post","3":"status-publish","4":"format-standard","5":"has-post-thumbnail","7":"category-bunol","8":"category-la-comarca","9":"category-la-hoya","10":"category-seccion","11":"category-sucesos-la-comarca","12":"category-ventana","13":"tag-la-hoya-de-bunol-chiva","14":"tag-sucesos"},"_links":{"self":[{"href":"https:\/\/www.tucomarca.com\/wordpress\/segunda\/wp-json\/wp\/v2\/posts\/59096","targetHints":{"allow":["GET"]}}],"collection":[{"href":"https:\/\/www.tucomarca.com\/wordpress\/segunda\/wp-json\/wp\/v2\/posts"}],"about":[{"href":"https:\/\/www.tucomarca.com\/wordpress\/segunda\/wp-json\/wp\/v2\/types\/post"}],"author":[{"embeddable":true,"href":"https:\/\/www.tucomarca.com\/wordpress\/segunda\/wp-json\/wp\/v2\/users\/1"}],"replies":[{"embeddable":true,"href":"https:\/\/www.tucomarca.com\/wordpress\/segunda\/wp-json\/wp\/v2\/comments?post=59096"}],"version-history":[{"count":0,"href":"https:\/\/www.tucomarca.com\/wordpress\/segunda\/wp-json\/wp\/v2\/posts\/59096\/revisions"}],"wp:featuredmedia":[{"embeddable":true,"href":"https:\/\/www.tucomarca.com\/wordpress\/segunda\/wp-json\/wp\/v2\/media\/59092"}],"wp:attachment":[{"href":"https:\/\/www.tucomarca.com\/wordpress\/segunda\/wp-json\/wp\/v2\/media?parent=59096"}],"wp:term":[{"taxonomy":"category","embeddable":true,"href":"https:\/\/www.tucomarca.com\/wordpress\/segunda\/wp-json\/wp\/v2\/categories?post=59096"},{"taxonomy":"post_tag","embeddable":true,"href":"https:\/\/www.tucomarca.com\/wordpress\/segunda\/wp-json\/wp\/v2\/tags?post=59096"}],"curies":[{"name":"wp","href":"https:\/\/api.w.org\/{rel}","templated":true}]}}