{"id":59102,"date":"2017-08-22T13:36:39","date_gmt":"2017-08-22T11:36:39","guid":{"rendered":"http:\/\/www.tucomarca.com\/wordpress\/segunda\/?p=59102"},"modified":"2017-08-22T13:38:57","modified_gmt":"2017-08-22T11:38:57","slug":"el-pp-de-chiva-tilda-de-muy-grave-la-opacidad-del-ayuntamiento-tras-permanecer-22-dias-mudo-con-el-brote-de-legionela","status":"publish","type":"post","link":"https:\/\/www.tucomarca.com\/wordpress\/segunda\/el-pp-de-chiva-tilda-de-muy-grave-la-opacidad-del-ayuntamiento-tras-permanecer-22-dias-mudo-con-el-brote-de-legionela\/","title":{"rendered":"El PP de Chiva tilda de \u00abmuy grave\u00bb la \u00abopacidad\u00bb del Ayuntamiento tras permanecer 22 d\u00edas \u00abmudo\u00bb con el brote de legionela"},"content":{"rendered":"<figure id=\"attachment_59109\" aria-describedby=\"caption-attachment-59109\" style=\"width: 531px\" class=\"wp-caption alignleft\"><img loading=\"lazy\" decoding=\"async\" class=\" wp-image-59109\" src=\"https:\/\/www.tucomarca.com\/wordpress\/segunda\/wp-content\/uploads\/2017\/08\/CALICANTO2.jpg\" alt=\"Una imagen de la urbanizaci\u00f3n de Calicanto, ubicada en el t\u00e9rmino municipal de Chiva.\" width=\"531\" height=\"354\" srcset=\"https:\/\/www.tucomarca.com\/wordpress\/segunda\/wp-content\/uploads\/2017\/08\/CALICANTO2.jpg 950w, https:\/\/www.tucomarca.com\/wordpress\/segunda\/wp-content\/uploads\/2017\/08\/CALICANTO2-300x200.jpg 300w, https:\/\/www.tucomarca.com\/wordpress\/segunda\/wp-content\/uploads\/2017\/08\/CALICANTO2-768x512.jpg 768w\" sizes=\"auto, (max-width: 531px) 100vw, 531px\" \/><figcaption id=\"caption-attachment-59109\" class=\"wp-caption-text\">Una imagen de la urbanizaci\u00f3n de Calicanto, ubicada en el t\u00e9rmino municipal de Chiva.<\/figcaption><\/figure>\n<p>El Partido Popular de Chiva ha tildado de \u201cmuy grave\u201d la \u201copacidad\u201d del Ayuntamiento de Chiva respecto al brote de legionela que se ha cobrado la vida de un vecino de la localidad, ya que \u201clleva 22 d\u00edas mudo\u201d sin que los ciudadanos \u201csepan c\u00f3mo actuar, qu\u00e9 protocolos seguir o qu\u00e9 agua consumir\u201d, seg\u00fan han criticado.<\/p>\n<p>As\u00ed, el PP ha denunciado que el Ayuntamiento est\u00e9 \u201cmissing\u201d y ha calificado de \u201calarmante\u201d que la conselleria \u00abya advirtiera el pasado 4 de agosto sobre la falta de cloraci\u00f3n del agua en distintos puntos de la red de abastecimiento de agua de Calicanto y un d\u00eda antes la conselleria, a trav\u00e9s del centro de salud p\u00fablica de Manises, diera instrucciones al Ayuntamiento para hiperclorar el agua de la localidad, entre otras medidas\u00bb.<\/p>\n<p>Por todo eso, el PP exige \u201cresponsabilidades al alcalde de Comprom\u00eds, Emilio Morales y el concejal de Sanidad, Joaqu\u00edn Furriol de VINCHI, quienes cuatro d\u00edas despu\u00e9s de la advertencia de la conselleria decidieron convocar un pleno extraordinario para restituirse el sueldo pero no para informar a los grupos de la oposici\u00f3n y a los vecinos del brote de legionela y de los protocolos que iba a realizar el ayuntamiento ante una \u201csituaci\u00f3n de salud p\u00fablica de primer nivel\u201d.<\/p>\n<p>Seg\u00fan han asegurado\u00a0los populares de Chiva la situaci\u00f3n es \u201cextraordinaria\u201d y \u201ckafkiana\u201d ya que \u201cen pleno agosto y casi un mes despu\u00e9s los ciudadanos a\u00fan no tienen informaci\u00f3n ni por parte de la conselleria ni por parte del Ayuntamiento de la grave situaci\u00f3n, hasta el punto que ni siquiera se puede encontrar en la web de la conselleria el comunicado emitido ayer\u201d.<\/p>\n<p>El PP ha solicitado tambi\u00e9n una relaci\u00f3n de anal\u00edticas del agua desde el 1 de enero hasta el d\u00eda de hoy \u00abpara conocer las soluciones adoptadas por parte de este Ayuntamiento tanto en relaci\u00f3n a la legionela como de los problemas de abastecimiento de agua potable que est\u00e1n sufriendo diferentes urbanizaciones del t\u00e9rmino municipal\u00bb.<\/p>\n<p>Los populares han recordado que han solicitado la convocatoria de la Mesa del Agua \u00abde forma reiterada, la \u00faltima hace escasamente un mes pero, hasta la fecha, el equipo de gobierno ha mostrado nulo inter\u00e9s en convocarla\u00bb.<\/p>\n","protected":false},"excerpt":{"rendered":"<div class=\"mh-excerpt\">El Partido Popular de Chiva ha tildado de \u201cmuy grave\u201d la \u201copacidad\u201d del Ayuntamiento de Chiva respecto al brote de legionela que se ha cobrado la vida de un vecino de la localidad, ya que <a class=\"mh-excerpt-more\" href=\"https:\/\/www.tucomarca.com\/wordpress\/segunda\/el-pp-de-chiva-tilda-de-muy-grave-la-opacidad-del-ayuntamiento-tras-permanecer-22-dias-mudo-con-el-brote-de-legionela\/\" title=\"El PP de Chiva tilda de \u00abmuy grave\u00bb la \u00abopacidad\u00bb del Ayuntamiento tras permanecer 22 d\u00edas \u00abmudo\u00bb con el brote de legionela\">[+] <\/a><\/div>\n","protected":false},"author":1,"featured_media":59109,"comment_status":"open","ping_status":"open","sticky":false,"template":"","format":"standard","meta":{"footnotes":""},"categories":[16,128,8,10,117,142,3,116,45],"tags":[5952,10607],"class_list":{"0":"post-59102","1":"post","2":"type-post","3":"status-publish","4":"format-standard","5":"has-post-thumbnail","7":"category-chiva","8":"category-infraestructuras","9":"category-la-comarca","10":"category-la-hoya","11":"category-medio-ambiente-la-comarca","12":"category-politica-la-comarca","13":"category-seccion","14":"category-sucesos-la-comarca","15":"category-ventana","16":"tag-la-hoya-de-bunol-chiva","17":"tag-legionella"},"_links":{"self":[{"href":"https:\/\/www.tucomarca.com\/wordpress\/segunda\/wp-json\/wp\/v2\/posts\/59102","targetHints":{"allow":["GET"]}}],"collection":[{"href":"https:\/\/www.tucomarca.com\/wordpress\/segunda\/wp-json\/wp\/v2\/posts"}],"about":[{"href":"https:\/\/www.tucomarca.com\/wordpress\/segunda\/wp-json\/wp\/v2\/types\/post"}],"author":[{"embeddable":true,"href":"https:\/\/www.tucomarca.com\/wordpress\/segunda\/wp-json\/wp\/v2\/users\/1"}],"replies":[{"embeddable":true,"href":"https:\/\/www.tucomarca.com\/wordpress\/segunda\/wp-json\/wp\/v2\/comments?post=59102"}],"version-history":[{"count":0,"href":"https:\/\/www.tucomarca.com\/wordpress\/segunda\/wp-json\/wp\/v2\/posts\/59102\/revisions"}],"wp:featuredmedia":[{"embeddable":true,"href":"https:\/\/www.tucomarca.com\/wordpress\/segunda\/wp-json\/wp\/v2\/media\/59109"}],"wp:attachment":[{"href":"https:\/\/www.tucomarca.com\/wordpress\/segunda\/wp-json\/wp\/v2\/media?parent=59102"}],"wp:term":[{"taxonomy":"category","embeddable":true,"href":"https:\/\/www.tucomarca.com\/wordpress\/segunda\/wp-json\/wp\/v2\/categories?post=59102"},{"taxonomy":"post_tag","embeddable":true,"href":"https:\/\/www.tucomarca.com\/wordpress\/segunda\/wp-json\/wp\/v2\/tags?post=59102"}],"curies":[{"name":"wp","href":"https:\/\/api.w.org\/{rel}","templated":true}]}}