{"id":5914,"date":"2012-07-27T12:02:43","date_gmt":"2012-07-27T10:02:43","guid":{"rendered":"http:\/\/www.tucomarca.com\/wordpress\/segunda\/?p=5914"},"modified":"2012-07-27T12:02:43","modified_gmt":"2012-07-27T10:02:43","slug":"jose-manuel-haro-%c2%abson-tiempos-de-gran-dificultad-pero-estoy-seguro-de-que-vamos-a-salir-adelante%c2%bb","status":"publish","type":"post","link":"https:\/\/www.tucomarca.com\/wordpress\/segunda\/jose-manuel-haro-%c2%abson-tiempos-de-gran-dificultad-pero-estoy-seguro-de-que-vamos-a-salir-adelante%c2%bb\/","title":{"rendered":"Jos\u00e9 Manuel Haro: \u00abSon tiempos de gran dificultad, pero estoy seguro de que vamos a salir adelante\u00bb"},"content":{"rendered":"<figure id=\"attachment_5933\" aria-describedby=\"caption-attachment-5933\" style=\"width: 199px\" class=\"wp-caption alignleft\"><a href=\"https:\/\/www.tucomarca.com\/wordpress\/segunda\/wp-content\/uploads\/2012\/07\/Haro.jpg\"><img loading=\"lazy\" decoding=\"async\" class=\"size-medium wp-image-5933\" title=\"SONY DSC\" src=\"https:\/\/www.tucomarca.com\/wordpress\/segunda\/wp-content\/uploads\/2012\/07\/Haro-199x300.jpg\" alt=\"El alcalde de Chiva, Jos\u00e9 Manuel Haro.\" width=\"199\" height=\"300\" srcset=\"https:\/\/www.tucomarca.com\/wordpress\/segunda\/wp-content\/uploads\/2012\/07\/Haro-199x300.jpg 199w, https:\/\/www.tucomarca.com\/wordpress\/segunda\/wp-content\/uploads\/2012\/07\/Haro-680x1024.jpg 680w, https:\/\/www.tucomarca.com\/wordpress\/segunda\/wp-content\/uploads\/2012\/07\/Haro.jpg 1011w\" sizes=\"auto, (max-width: 199px) 100vw, 199px\" \/><\/a><figcaption id=\"caption-attachment-5933\" class=\"wp-caption-text\">El alcalde de Chiva, Jos\u00e9 Manuel Haro.<\/figcaption><\/figure>\n<p>\u2014 PREGUNTA: \u00bfC\u00f3mo ha vivido este primer a\u00f1o de legislatura? \u00bfSe ha sentido c\u00f3modo en el consistorio tras la intensa vor\u00e1gine pol\u00edtica vivida?<br \/>\n\u2014 RESPUESTA: Este ha sido un a\u00f1o duro en el que la actual coyuntura econ\u00f3mica ha marcado el desarrollo y la ejecuci\u00f3n de actuaciones previstas para el municipio. Todo esto ha obligado a este gobierno local a poner en marcha pol\u00edticas de contenci\u00f3n del gasto y a priorizar inversiones, anteponiendo los intereses y las necesidades de los ciudadanos y fomentando las medidas de apoyo al empleo, sin olvidar actuaciones en infraestructuras necesarias para nuestros vecinos. Considero que estamos en el camino correcto y que poco a poco se ir\u00e1n viendo los resultados.<br \/>\n\u2014 Observamos que el fomento del empleo se ha convertido en una de las prioridades, \u00bfno?<br \/>\n\u2014 El fomento del empleo siempre ha sido una prioridad. Ahora bien, es cierto que en el momento actual\u00a0 se est\u00e1 trabajando de manera prioritaria para reducir al m\u00e1ximo el gasto y buscando soluciones que ayuden a generar empleo. El pasado a\u00f1o se destin\u00f3 m\u00e1s de 1.488.300 euros al fomento del trabajo con la puesta en marcha de programas especiales en los que se contrat\u00f3 a vecinos de Chiva, sin duda un bal\u00f3n de ox\u00edgeno para numerosos chivanos que han podido encontrar un puesto de trabajo gracias al Ayuntamiento. En total, se emplearon a 97 personas que, gracias a estos programas, trabajaron durante varios meses, cobrando un sueldo y recibiendo una formaci\u00f3n para su futura inserci\u00f3n al mercado laboral. Con una subvenci\u00f3n de 28.505 euros del Pamer se contrat\u00f3 a 10 personas para la realizaci\u00f3n de tareas medioambientales. El Emcorp permiti\u00f3 contratar a 20\u00a0 peones como apoyo a la Brigada Municipal y 4 auxiliares administrativos con una subvenci\u00f3n de 72.800 euros. Gracias al Salario Joven se pudo contratar a 7 auxiliares administrativos, con una ayuda de 27.000 euros. El Taller de Empleo Chiva Verde III y la Escuela Taller Vista Alegre han empleado a un total de 60 personas, con una inversi\u00f3n que supera el 1.360.000 euros. Asimismo, tambi\u00e9n hay que destacar el Programa de Cualificaci\u00f3n Profesional Inicial que ha permitido a 15 j\u00f3venes beneficiarse de un servicio que constituye una oferta formativa b\u00e1sica adaptada a las necesidades espec\u00edficas de aquellos alumnos que corren el riesgo de abandonar la ense\u00f1anza reglada.<br \/>\n\u2014 \u00bfCu\u00e1les han sido las iniciativas o los proyectos que le gustar\u00eda destacar de cuantos se han ejecutado en este primer ejercicio?<br \/>\n\u2014 Ganamos las elecciones con un programa de gobierno que estamos cumpliendo, un programa para toda la legislatura. Algunos de esos compromisos ya son una realidad. En septiembre de 2011 se inaugur\u00f3 uno de los espacios m\u00e1s emblem\u00e1ticos del municipio, la Torreta, unos trabajos de rehabilitaci\u00f3n subvencionados por la Diputaci\u00f3n de Valencia con una inversi\u00f3n cercana a los 440.000 euros. La construcci\u00f3n de la circunvalaci\u00f3n norte es otro de los proyectos importantes previstos para esta legislatura, una actuaci\u00f3n que ya empez\u00f3 a fraguarse el pasado a\u00f1o con el inicio del proceso de participaci\u00f3n p\u00fablica ciudadana. Esta infraestructura conectar\u00e1 la carretera de Cheste con la zona de las Vueltas y de \u00e9sta a la carretera de Pedralba, cerrando definitivamente la circunvalaci\u00f3n con el acceso ya acondicionado de la antigua Nacional III. Adem\u00e1s, una de las obras m\u00e1s importantes es la que se ha centrado en la supresi\u00f3n del paso a nivel de Vista Alegre, una reivindicaci\u00f3n hist\u00f3rica que en pocos meses har\u00e1 realidad el actual equipo de gobierno municipal. Otro de los objetivos pr\u00e1cticamente alcanzados durante este primer a\u00f1o es la culminaci\u00f3n de las obras del nuevo campo de f\u00fatbol de c\u00e9sped artificial, que van a ser subvencionados con fondos europeos a trav\u00e9s del Plan Ruralter. En este sentido, el gobierno municipal ha continuado trabajando para conseguir inversiones de las Administraciones p\u00fablicas, ayudas que han permitido sacar adelante grandes actuaciones sin coste alguno para las arcas municipales.<br \/>\n\u2014 \u00bfC\u00f3mo est\u00e1 afectando la crisis al n\u00facleo urbano m\u00e1s poblado de la comarca?<br \/>\n\u2014 Al igual que ocurre en otros muchos municipios, la actual situaci\u00f3n econ\u00f3mica condiciona nuestro trabajo desde los Ayuntamientos. No vamos a parar en nuestro empe\u00f1o de conseguir el mayor bienestar posible para nuestros convecinos en tiempos en los que necesitan que su Ayuntamiento est\u00e9 a su lado. Esto es lo realmente importante en la actualidad.<br \/>\n\u2014 \u00bfC\u00f3mo definir\u00eda su relaci\u00f3n con las formaciones pol\u00edticas de la oposici\u00f3n?<br \/>\n\u2014 Los pol\u00edticos en estos momentos debemos preocuparnos de hacer lo que tenemos que hacer y no de cuestiones personales. Aquel que est\u00e9 en pol\u00edtica por motivos personales debe replantearse su situaci\u00f3n. Lo importante es lograr sacar adelante las iniciativas que ayuden a paliar los efectos de esta grave crisis generada bajo el mandato del Partido Socialista y a la que hay que dar soluci\u00f3n de forma clara y contundente. Son tiempos de dificultad, pero estoy seguro de que vamos a salir adelante. Todo lo dem\u00e1s queda relegado a un segundo plano.<br \/>\n\u2014 \u00bfSe siente apoyado por la ciudadan\u00eda?<br \/>\n\u2014 Yo me siento igual o m\u00e1s apoyado que cuando arranc\u00f3 la legislatura, pues entiendo que estamos haciendo todo lo posible por los vecinos, las asociaciones y las empresas de la localidad. Estamos cumpliendo el programa que nos planteamos en las pasadas elecciones y que los chivanos votaron mayoritariamente. Este gobierno se est\u00e1 dejando la piel d\u00eda a d\u00eda para lograr cumplir con los objetivos marcados. Creo que tanto lo vecinos del casco urbano como los de las urbanizaciones est\u00e1n comprobando en primera persona nuestro empe\u00f1o y dedicaci\u00f3n. Este equipo de trabajo es consciente de la importancia del momento que vivimos y de la necesidad de aportar soluciones. En el otro lado, hay otros que han apostado claramente por sus intereses personales en lugar de trabajar en la defensa del beneficio general.<br \/>\n\u2014 Un deseo para lo que resta de legislatura.<br \/>\n\u2014 M\u00e1s que un deseo, voy a adelantar una declaraci\u00f3n de intenciones. Lo que va a hacer este gobierno es seguir trabajando en la l\u00ednea que lo ha hecho en este primer a\u00f1o a fin de que Chiva pueda librar esta crisis de la mejor manera posible. Vamos a incentivar la creaci\u00f3n de trabajo, ayudaremos a las empresas que quieran ubicarse en nuestro pol\u00edgono industrial, apoyaremos a nuestros colectivos sociales, atenderemos las peticiones de nuestros vecinos y trataremos de llevar a t\u00e9rmino los proyectos que consideramos importantes para el desarrollo de esta poblaci\u00f3n. No olvidemos que el crecimiento poblacional ha sido muy importante en los \u00faltimos a\u00f1os, de ah\u00ed que ofrecer servicios de garant\u00eda se convierta en otra de nuestras preocupaciones. Al cierre de la legislatura ser\u00e1 el momento de hacer el balance final. Antes, lo que toca es trabajar, trabajar muy duro.<\/p>\n","protected":false},"excerpt":{"rendered":"<div class=\"mh-excerpt\">\u2014 PREGUNTA: \u00bfC\u00f3mo ha vivido este primer a\u00f1o de legislatura? \u00bfSe ha sentido c\u00f3modo en el consistorio tras la intensa vor\u00e1gine pol\u00edtica vivida? \u2014 RESPUESTA: Este ha sido un a\u00f1o duro en el que la <a class=\"mh-excerpt-more\" href=\"https:\/\/www.tucomarca.com\/wordpress\/segunda\/jose-manuel-haro-%c2%abson-tiempos-de-gran-dificultad-pero-estoy-seguro-de-que-vamos-a-salir-adelante%c2%bb\/\" title=\"Jos\u00e9 Manuel Haro: \u00abSon tiempos de gran dificultad, pero estoy seguro de que vamos a salir adelante\u00bb\">[+] <\/a><\/div>\n","protected":false},"author":1,"featured_media":5933,"comment_status":"open","ping_status":"open","sticky":false,"template":"","format":"standard","meta":{"footnotes":""},"categories":[16,8,10,142,3],"tags":[],"class_list":{"0":"post-5914","1":"post","2":"type-post","3":"status-publish","4":"format-standard","5":"has-post-thumbnail","7":"category-chiva","8":"category-la-comarca","9":"category-la-hoya","10":"category-politica-la-comarca","11":"category-seccion"},"_links":{"self":[{"href":"https:\/\/www.tucomarca.com\/wordpress\/segunda\/wp-json\/wp\/v2\/posts\/5914","targetHints":{"allow":["GET"]}}],"collection":[{"href":"https:\/\/www.tucomarca.com\/wordpress\/segunda\/wp-json\/wp\/v2\/posts"}],"about":[{"href":"https:\/\/www.tucomarca.com\/wordpress\/segunda\/wp-json\/wp\/v2\/types\/post"}],"author":[{"embeddable":true,"href":"https:\/\/www.tucomarca.com\/wordpress\/segunda\/wp-json\/wp\/v2\/users\/1"}],"replies":[{"embeddable":true,"href":"https:\/\/www.tucomarca.com\/wordpress\/segunda\/wp-json\/wp\/v2\/comments?post=5914"}],"version-history":[{"count":0,"href":"https:\/\/www.tucomarca.com\/wordpress\/segunda\/wp-json\/wp\/v2\/posts\/5914\/revisions"}],"wp:featuredmedia":[{"embeddable":true,"href":"https:\/\/www.tucomarca.com\/wordpress\/segunda\/wp-json\/wp\/v2\/media\/5933"}],"wp:attachment":[{"href":"https:\/\/www.tucomarca.com\/wordpress\/segunda\/wp-json\/wp\/v2\/media?parent=5914"}],"wp:term":[{"taxonomy":"category","embeddable":true,"href":"https:\/\/www.tucomarca.com\/wordpress\/segunda\/wp-json\/wp\/v2\/categories?post=5914"},{"taxonomy":"post_tag","embeddable":true,"href":"https:\/\/www.tucomarca.com\/wordpress\/segunda\/wp-json\/wp\/v2\/tags?post=5914"}],"curies":[{"name":"wp","href":"https:\/\/api.w.org\/{rel}","templated":true}]}}