{"id":5916,"date":"2012-07-27T12:08:29","date_gmt":"2012-07-27T10:08:29","guid":{"rendered":"http:\/\/www.tucomarca.com\/wordpress\/segunda\/?p=5916"},"modified":"2012-07-27T12:08:29","modified_gmt":"2012-07-27T10:08:29","slug":"gran-noche-musical-durante-el-desarrollo-del-festival-bandistico-organizado-por-%c2%abla-paz%c2%bb","status":"publish","type":"post","link":"https:\/\/www.tucomarca.com\/wordpress\/segunda\/gran-noche-musical-durante-el-desarrollo-del-festival-bandistico-organizado-por-%c2%abla-paz%c2%bb\/","title":{"rendered":"Gran noche musical durante el desarrollo del festival band\u00edstico organizado por \u00abLa Paz\u00bb"},"content":{"rendered":"<p>Como ya adelant\u00f3 <strong>tucomarca.com<\/strong> en su edici\u00f3n impresa, la Plaza de la Constituci\u00f3n de Siete Aguas se llen\u00f3 hasta la bandera durante el desarrollo del XXXIV festival band\u00edstico organizado por la Sociedad Musical \u00abLa Paz\u00bb presidida por Teresa Carri\u00f3n y en el que actuaron como invitadas la Agrupaci\u00f3n Musical de Los Sauces de Cartagena (Murcia) y la Sociedad Musical \u00abSanta Cecilia\u00bb de Macastre.<\/p>\n<p>Tras el vistoso y aplaudido desfile de las bandas se procedi\u00f3 al desarrollo del esperado concierto en el que los murcianos fueron los primeros en actuar con la puesta en atril de Lo Cant del Valenci\u00e0, Finlandia (poema sinf\u00f3nico) y Danzas Armenias. Todo ello bajo la experimentada batuta de Jaime Belda.<\/p>\n<p>A continuaci\u00f3n, lleg\u00f3 el turno de la \u00abSanta Cecilia\u00bb de Macastre dirigida por Eduardo Carrascosa con la interpretaci\u00f3n del pasodoble Paula March (del joven Borja Mart\u00ednez), para seguir con el Danz\u00f3n n\u00ba2 y El D\u00eda del Juicio Final, todas ellas tambi\u00e9n muy aplaudidas por\u00a0 los asistentes.<\/p>\n<p>El cierre lo puso \u00abLa Paz\u00bb,\u00a0 bajo la batuta de Isaac Gonz\u00e1lez Ferriol, con la interpretaci\u00f3n del pasodoble Fina Blasco, para continuar con La Forza del destino de Verdi y Music for Festival, dos espectaculares piezas que encantaron al respetable.<br \/>\nJusto antes de la interpretaci\u00f3n de los himnos se rindi\u00f3 merecido homenaje al veterano m\u00fasico Pascual Banacloig Domingo, quien ha desarrollado su labor profesional en tierras murcianas y que sigue muy vinculado a su querido Siete Aguas. Los presidentes de \u00abLa Paz\u00bb y Los Sauces agradecieron su entregada labor musical, gesto muy aplaudido por p\u00fablico y familiares y que fue agradecido con emoci\u00f3n por el m\u00fasico.<\/p>\n","protected":false},"excerpt":{"rendered":"<div class=\"mh-excerpt\">Como ya adelant\u00f3 tucomarca.com en su edici\u00f3n impresa, la Plaza de la Constituci\u00f3n de Siete Aguas se llen\u00f3 hasta la bandera durante el desarrollo del XXXIV festival band\u00edstico organizado por la Sociedad Musical \u00abLa Paz\u00bb <a class=\"mh-excerpt-more\" href=\"https:\/\/www.tucomarca.com\/wordpress\/segunda\/gran-noche-musical-durante-el-desarrollo-del-festival-bandistico-organizado-por-%c2%abla-paz%c2%bb\/\" title=\"Gran noche musical durante el desarrollo del festival band\u00edstico organizado por \u00abLa Paz\u00bb\">[+] <\/a><\/div>\n","protected":false},"author":1,"featured_media":5920,"comment_status":"open","ping_status":"open","sticky":false,"template":"","format":"standard","meta":{"footnotes":""},"categories":[66,10,13,7,3,12],"tags":[],"class_list":{"0":"post-5916","1":"post","2":"type-post","3":"status-publish","4":"format-standard","5":"has-post-thumbnail","7":"category-musica","8":"category-la-hoya","9":"category-macastre","10":"category-ocio-y-cultura","11":"category-seccion","12":"category-siete-aguas"},"_links":{"self":[{"href":"https:\/\/www.tucomarca.com\/wordpress\/segunda\/wp-json\/wp\/v2\/posts\/5916","targetHints":{"allow":["GET"]}}],"collection":[{"href":"https:\/\/www.tucomarca.com\/wordpress\/segunda\/wp-json\/wp\/v2\/posts"}],"about":[{"href":"https:\/\/www.tucomarca.com\/wordpress\/segunda\/wp-json\/wp\/v2\/types\/post"}],"author":[{"embeddable":true,"href":"https:\/\/www.tucomarca.com\/wordpress\/segunda\/wp-json\/wp\/v2\/users\/1"}],"replies":[{"embeddable":true,"href":"https:\/\/www.tucomarca.com\/wordpress\/segunda\/wp-json\/wp\/v2\/comments?post=5916"}],"version-history":[{"count":0,"href":"https:\/\/www.tucomarca.com\/wordpress\/segunda\/wp-json\/wp\/v2\/posts\/5916\/revisions"}],"wp:featuredmedia":[{"embeddable":true,"href":"https:\/\/www.tucomarca.com\/wordpress\/segunda\/wp-json\/wp\/v2\/media\/5920"}],"wp:attachment":[{"href":"https:\/\/www.tucomarca.com\/wordpress\/segunda\/wp-json\/wp\/v2\/media?parent=5916"}],"wp:term":[{"taxonomy":"category","embeddable":true,"href":"https:\/\/www.tucomarca.com\/wordpress\/segunda\/wp-json\/wp\/v2\/categories?post=5916"},{"taxonomy":"post_tag","embeddable":true,"href":"https:\/\/www.tucomarca.com\/wordpress\/segunda\/wp-json\/wp\/v2\/tags?post=5916"}],"curies":[{"name":"wp","href":"https:\/\/api.w.org\/{rel}","templated":true}]}}