{"id":5923,"date":"2012-07-26T12:10:10","date_gmt":"2012-07-26T10:10:10","guid":{"rendered":"http:\/\/www.tucomarca.com\/wordpress\/segunda\/?p=5923"},"modified":"2012-07-27T12:35:52","modified_gmt":"2012-07-27T10:35:52","slug":"la-banda-sinfonica-de-la-union-de-yatova-actua-en-xeraco-y-la-agrupacion-juvenil-en-olocau-y-carcer","status":"publish","type":"post","link":"https:\/\/www.tucomarca.com\/wordpress\/segunda\/la-banda-sinfonica-de-la-union-de-yatova-actua-en-xeraco-y-la-agrupacion-juvenil-en-olocau-y-carcer\/","title":{"rendered":"La banda sinf\u00f3nica de La Uni\u00f3n de Y\u00e1tova act\u00faa en Xeraco y la agrupaci\u00f3n Juvenil en Olocau y C\u00e1rcer"},"content":{"rendered":"<figure id=\"attachment_5924\" aria-describedby=\"caption-attachment-5924\" style=\"width: 300px\" class=\"wp-caption alignleft\"><a href=\"https:\/\/www.tucomarca.com\/wordpress\/segunda\/wp-content\/uploads\/2012\/07\/LaUnionYatova.jpg\"><img loading=\"lazy\" decoding=\"async\" class=\"size-medium wp-image-5924 \" title=\"LaUnionYatova\" src=\"https:\/\/www.tucomarca.com\/wordpress\/segunda\/wp-content\/uploads\/2012\/07\/LaUnionYatova-300x79.jpg\" alt=\"La Banda Sinf\u00f3nica de La Uni\u00f3n Musical de Y\u00e1tova durante la actuaci\u00f3n acontecida en Xeraco. Los juveniles siguen con su gran trabajo.\" width=\"300\" height=\"79\" srcset=\"https:\/\/www.tucomarca.com\/wordpress\/segunda\/wp-content\/uploads\/2012\/07\/LaUnionYatova-300x79.jpg 300w, https:\/\/www.tucomarca.com\/wordpress\/segunda\/wp-content\/uploads\/2012\/07\/LaUnionYatova-1024x272.jpg 1024w\" sizes=\"auto, (max-width: 300px) 100vw, 300px\" \/><\/a><figcaption id=\"caption-attachment-5924\" class=\"wp-caption-text\">La Banda Sinf\u00f3nica de La Uni\u00f3n Musical de Y\u00e1tova durante la actuaci\u00f3n acontecida en Xeraco. Los juveniles siguen con su gran trabajo.<\/figcaption><\/figure>\n<p>Como ya se pudo leer en la edici\u00f3n impresa de <strong>tucomarca.com<\/strong>, la Uni\u00f3n Musical de Y\u00e1tova contin\u00faa desarrollando una amplia agenda de conciertos y actos en las \u00faltimas semanas. Tanto la banda sinf\u00f3nica como la Juvenil han protagonizado diversos conciertos en las \u00faltimas fechas.<\/p>\n<p>Los d\u00edas 30 de junio y 6 de julio los integrantes de la Banda Juvenil actuaron en las localidades de Olocau y C\u00e1rcer, unos actos en los que se pudo apreciar el avance de los educandos con sus instrumentos y, por tanto, los frutos que a\u00f1o a a\u00f1o da la Escuela de M\u00fasica Maestro Barcel\u00f3. Bajo la batuta del director titular y presidente de la sociedad, Antonio Vicente, la agrupaci\u00f3n interpret\u00f3 un entretenido programa que fue muy aplaudido por el respetable.<\/p>\n<p>Tambi\u00e9n la banda sinf\u00f3nica llev\u00f3 a cabo el pasado fin de semana un concierto de intercambio en la localidad costera de Xeraco, en agradecimiento a la visita de la banda Uni\u00f3 Musical de Xeraco al concierto de conmemoraci\u00f3n del 185 Aniversario de la Uni\u00f3n de Y\u00e1tova el verano pasado. En esta \u00faltima entrega musical, la banda interpret\u00f3 el pasodoble \u00abLa Primitiva\u00bb, de Jef Penders, Libertadores, de \u00d3scar Navarro y la Marcha Eslava, de Tchaikovsky, todas ellas bajo la sabia batuta de su director, Joan Batiste Bernat i Alcaide.<\/p>\n<p>Ahora, la banda se centra en preparar el concierto de este pr\u00f3ximo fin de semana en Cheste, as\u00ed como el Festival de Bandas de su municipio, en el que cada a\u00f1o las dos agrupaciones musicales de la localidad, muestran a sus vecinos y al p\u00fablico asistente el potencial art\u00edstico del pueblo.<br \/>\nLa Junta Directiva de La Uni\u00f3n ha querido agradecer a sus m\u00fasicos el gran esfuerzo realizado en la preparaci\u00f3n de este programa de conciertos y les anima a continuar en esta l\u00ednea.<\/p>\n","protected":false},"excerpt":{"rendered":"<div class=\"mh-excerpt\">Como ya se pudo leer en la edici\u00f3n impresa de tucomarca.com, la Uni\u00f3n Musical de Y\u00e1tova contin\u00faa desarrollando una amplia agenda de conciertos y actos en las \u00faltimas semanas. Tanto la banda sinf\u00f3nica como la <a class=\"mh-excerpt-more\" href=\"https:\/\/www.tucomarca.com\/wordpress\/segunda\/la-banda-sinfonica-de-la-union-de-yatova-actua-en-xeraco-y-la-agrupacion-juvenil-en-olocau-y-carcer\/\" title=\"La banda sinf\u00f3nica de La Uni\u00f3n de Y\u00e1tova act\u00faa en Xeraco y la agrupaci\u00f3n Juvenil en Olocau y C\u00e1rcer\">[+] <\/a><\/div>\n","protected":false},"author":1,"featured_media":5924,"comment_status":"open","ping_status":"open","sticky":false,"template":"","format":"standard","meta":{"footnotes":""},"categories":[66,10,7,3,45,11],"tags":[],"class_list":{"0":"post-5923","1":"post","2":"type-post","3":"status-publish","4":"format-standard","5":"has-post-thumbnail","7":"category-musica","8":"category-la-hoya","9":"category-ocio-y-cultura","10":"category-seccion","11":"category-ventana","12":"category-yatova"},"_links":{"self":[{"href":"https:\/\/www.tucomarca.com\/wordpress\/segunda\/wp-json\/wp\/v2\/posts\/5923","targetHints":{"allow":["GET"]}}],"collection":[{"href":"https:\/\/www.tucomarca.com\/wordpress\/segunda\/wp-json\/wp\/v2\/posts"}],"about":[{"href":"https:\/\/www.tucomarca.com\/wordpress\/segunda\/wp-json\/wp\/v2\/types\/post"}],"author":[{"embeddable":true,"href":"https:\/\/www.tucomarca.com\/wordpress\/segunda\/wp-json\/wp\/v2\/users\/1"}],"replies":[{"embeddable":true,"href":"https:\/\/www.tucomarca.com\/wordpress\/segunda\/wp-json\/wp\/v2\/comments?post=5923"}],"version-history":[{"count":0,"href":"https:\/\/www.tucomarca.com\/wordpress\/segunda\/wp-json\/wp\/v2\/posts\/5923\/revisions"}],"wp:featuredmedia":[{"embeddable":true,"href":"https:\/\/www.tucomarca.com\/wordpress\/segunda\/wp-json\/wp\/v2\/media\/5924"}],"wp:attachment":[{"href":"https:\/\/www.tucomarca.com\/wordpress\/segunda\/wp-json\/wp\/v2\/media?parent=5923"}],"wp:term":[{"taxonomy":"category","embeddable":true,"href":"https:\/\/www.tucomarca.com\/wordpress\/segunda\/wp-json\/wp\/v2\/categories?post=5923"},{"taxonomy":"post_tag","embeddable":true,"href":"https:\/\/www.tucomarca.com\/wordpress\/segunda\/wp-json\/wp\/v2\/tags?post=5923"}],"curies":[{"name":"wp","href":"https:\/\/api.w.org\/{rel}","templated":true}]}}