{"id":5927,"date":"2012-07-26T12:11:36","date_gmt":"2012-07-26T10:11:36","guid":{"rendered":"http:\/\/www.tucomarca.com\/wordpress\/segunda\/?p=5927"},"modified":"2012-07-27T12:30:23","modified_gmt":"2012-07-27T10:30:23","slug":"el-ii-festival-de-bandas-juveniles-de-chiva-transmite-muy-buenas-sensaciones","status":"publish","type":"post","link":"https:\/\/www.tucomarca.com\/wordpress\/segunda\/el-ii-festival-de-bandas-juveniles-de-chiva-transmite-muy-buenas-sensaciones\/","title":{"rendered":"El II Festival de Bandas Juveniles de Chiva transmite muy buenas sensaciones"},"content":{"rendered":"<p>El Teatro Astoria de Chiva acogi\u00f3 el pasado viernes el II Festival de Bandas Juveniles de M\u00fasica Villa de Chiva que cont\u00f3 con la participaci\u00f3n de la Banda Juvenil La Uni\u00f3n de Quart de Poblet, la Banda Juvenil \u00abLa Lira\u00bb de Cheste, la Banda Juvenil \u00abLas Flores\u00bb de M\u00e1laga y la Banda Juvenil de \u00abLa Art\u00edstica\u00bb de Chiva.<\/p>\n<p>La encargada de abrir el festival fue la banda de Quart de Poblet que, a manos de su director Esteve Benlloc Coll, interpret\u00f3 piezas como El T\u00edo Ram\u00f3n, de Salv\u00e1 y Olcina; C\u00f4te d\u00f3r, de Ferrer Ferr\u00e1n y The phantom of the opera, de A. Lloy Webber.<\/p>\n<p>La banda de Cheste fue la segunda en subir al escenario para interpretar, bajo la batuta de Gerardo P\u00e9rez Chueca, las obras Fanfare 2000, de Francesco Cardaropoli y Open air festival, con arreglos de Mike Costello.<\/p>\n<p>Tras el descanso, le toc\u00f3 el turno a la banda de M\u00e1laga que interpret\u00f3 las obras La lista de Schindler, de J. Williams; Oreg\u00f3n, de Jacob Haan y Chess, de Ulvaeus y Anderson de manos de su directora, Silvia M\u00aa Olivero Anarte.<br \/>\nEn el cierre del festival actu\u00f3 la banda local que interpret\u00f3 el pasodoble Edward, de J. Jos\u00e9 P\u00e9rez; Abba Gold, con arreglos de Ron Sebregrts y Concherto d\u2019amore, de Jacob Haan bajo la direcci\u00f3n del bu\u00f1olense Manuel Tar\u00edn D\u00edaz, quien volvi\u00f3 a sacar el m\u00e1ximo partido a esta joven y talentosa agrupaci\u00f3n musical. n a. garc\u00eda-pascual<\/p>\n","protected":false},"excerpt":{"rendered":"<div class=\"mh-excerpt\">El Teatro Astoria de Chiva acogi\u00f3 el pasado viernes el II Festival de Bandas Juveniles de M\u00fasica Villa de Chiva que cont\u00f3 con la participaci\u00f3n de la Banda Juvenil La Uni\u00f3n de Quart de Poblet, <a class=\"mh-excerpt-more\" href=\"https:\/\/www.tucomarca.com\/wordpress\/segunda\/el-ii-festival-de-bandas-juveniles-de-chiva-transmite-muy-buenas-sensaciones\/\" title=\"El II Festival de Bandas Juveniles de Chiva transmite muy buenas sensaciones\">[+] <\/a><\/div>\n","protected":false},"author":1,"featured_media":5928,"comment_status":"open","ping_status":"open","sticky":false,"template":"","format":"standard","meta":{"footnotes":""},"categories":[66,16,10,7,3,45],"tags":[],"class_list":{"0":"post-5927","1":"post","2":"type-post","3":"status-publish","4":"format-standard","5":"has-post-thumbnail","7":"category-musica","8":"category-chiva","9":"category-la-hoya","10":"category-ocio-y-cultura","11":"category-seccion","12":"category-ventana"},"_links":{"self":[{"href":"https:\/\/www.tucomarca.com\/wordpress\/segunda\/wp-json\/wp\/v2\/posts\/5927","targetHints":{"allow":["GET"]}}],"collection":[{"href":"https:\/\/www.tucomarca.com\/wordpress\/segunda\/wp-json\/wp\/v2\/posts"}],"about":[{"href":"https:\/\/www.tucomarca.com\/wordpress\/segunda\/wp-json\/wp\/v2\/types\/post"}],"author":[{"embeddable":true,"href":"https:\/\/www.tucomarca.com\/wordpress\/segunda\/wp-json\/wp\/v2\/users\/1"}],"replies":[{"embeddable":true,"href":"https:\/\/www.tucomarca.com\/wordpress\/segunda\/wp-json\/wp\/v2\/comments?post=5927"}],"version-history":[{"count":0,"href":"https:\/\/www.tucomarca.com\/wordpress\/segunda\/wp-json\/wp\/v2\/posts\/5927\/revisions"}],"wp:featuredmedia":[{"embeddable":true,"href":"https:\/\/www.tucomarca.com\/wordpress\/segunda\/wp-json\/wp\/v2\/media\/5928"}],"wp:attachment":[{"href":"https:\/\/www.tucomarca.com\/wordpress\/segunda\/wp-json\/wp\/v2\/media?parent=5927"}],"wp:term":[{"taxonomy":"category","embeddable":true,"href":"https:\/\/www.tucomarca.com\/wordpress\/segunda\/wp-json\/wp\/v2\/categories?post=5927"},{"taxonomy":"post_tag","embeddable":true,"href":"https:\/\/www.tucomarca.com\/wordpress\/segunda\/wp-json\/wp\/v2\/tags?post=5927"}],"curies":[{"name":"wp","href":"https:\/\/api.w.org\/{rel}","templated":true}]}}