{"id":59291,"date":"2017-09-01T20:41:44","date_gmt":"2017-09-01T18:41:44","guid":{"rendered":"http:\/\/www.tucomarca.com\/wordpress\/segunda\/?p=59291"},"modified":"2017-09-01T20:41:44","modified_gmt":"2017-09-01T18:41:44","slug":"els-xiquets-sahrauis-dacollida-sacomiaden-de-turis","status":"publish","type":"post","link":"https:\/\/www.tucomarca.com\/wordpress\/segunda\/els-xiquets-sahrauis-dacollida-sacomiaden-de-turis\/","title":{"rendered":"Els xiquets sahrau\u00eds d&#8217;acollida s&#8217;acomiaden de Tur\u00eds"},"content":{"rendered":"<figure id=\"attachment_59292\" aria-describedby=\"caption-attachment-59292\" style=\"width: 1600px\" class=\"wp-caption alignleft\"><img loading=\"lazy\" decoding=\"async\" class=\"size-full wp-image-59292\" src=\"https:\/\/www.tucomarca.com\/wordpress\/segunda\/wp-content\/uploads\/2017\/09\/Ni\u00f1osTur\u00eds.jpeg\" alt=\"Mohamed i Zahra s\u00f3n dos xiquets sahrau\u00eds d'onze anys que acaben de passar l'estiu a Tur\u00eds amb les seues fam\u00edlies d'acollida.\" width=\"1600\" height=\"960\" srcset=\"https:\/\/www.tucomarca.com\/wordpress\/segunda\/wp-content\/uploads\/2017\/09\/Ni\u00f1osTur\u00eds.jpeg 1600w, https:\/\/www.tucomarca.com\/wordpress\/segunda\/wp-content\/uploads\/2017\/09\/Ni\u00f1osTur\u00eds-300x180.jpeg 300w, https:\/\/www.tucomarca.com\/wordpress\/segunda\/wp-content\/uploads\/2017\/09\/Ni\u00f1osTur\u00eds-768x461.jpeg 768w, https:\/\/www.tucomarca.com\/wordpress\/segunda\/wp-content\/uploads\/2017\/09\/Ni\u00f1osTur\u00eds-1024x614.jpeg 1024w\" sizes=\"auto, (max-width: 1600px) 100vw, 1600px\" \/><figcaption id=\"caption-attachment-59292\" class=\"wp-caption-text\">Mohamed i Zahra s\u00f3n dos xiquets sahrau\u00eds d&#8217;onze anys que acaben de passar l&#8217;estiu a Tur\u00eds amb les seues fam\u00edlies d&#8217;acollida.<\/figcaption><\/figure>\n<p>Mohamed i Zahra s\u00f3n dos xiquets sahrau\u00eds d&#8217;onze anys que acaben de passar l&#8217;estiu a Tur\u00eds amb les seues fam\u00edlies d&#8217;acollida.<\/p>\n<p>Perqu\u00e8 l&#8217;estada f\u00f3ra possible, l&#8217;Associaci\u00f3 Pro Sahrau\u00ed ha comptat amb una subvenci\u00f3 de l&#8217;Ajuntament a la qual se sumen altres donatius que s&#8217;arrepleguen al llarg de l&#8217;any.<\/p>\n<p>En aquest cas, Mohamed i Zahra han conviscut dos mesos plenament integrats amb la gent del poble, coneixent i participant de les seues tradicions, i han gaudit de nombroses activitats.<\/p>\n<p>En l&#8217;Ajuntament de Tur\u00eds han sigut rebuts per l&#8217;Alcalde, Eugenio Forta\u00f1a, que s\u2019ha interessat per les seues condicions de vida en el Sahara i ha confirmat que per a l&#8217;any que ve intentaran mantenir la col\u00b7laboraci\u00f3 perqu\u00e8 Tur\u00eds continue sent poble acollidor.<\/p>\n<p>La visita ha finalitzat al sal\u00f3 de plens on Forta\u00f1a ha rebut un present per part dels protagonistes. Per part de l\u2019Ajuntament se lis ha fet entrega entrega de material i publicacions locals per a que donen a con\u00e9ixer Tur\u00eds.<\/p>\n<p><strong>\u00a0<\/strong><\/p>\n","protected":false},"excerpt":{"rendered":"<div class=\"mh-excerpt\">Mohamed i Zahra s\u00f3n dos xiquets sahrau\u00eds d&#8217;onze anys que acaben de passar l&#8217;estiu a Tur\u00eds amb les seues fam\u00edlies d&#8217;acollida. Perqu\u00e8 l&#8217;estada f\u00f3ra possible, l&#8217;Associaci\u00f3 Pro Sahrau\u00ed ha comptat amb una subvenci\u00f3 de l&#8217;Ajuntament <a class=\"mh-excerpt-more\" href=\"https:\/\/www.tucomarca.com\/wordpress\/segunda\/els-xiquets-sahrauis-dacollida-sacomiaden-de-turis\/\" title=\"Els xiquets sahrau\u00eds d&#8217;acollida s&#8217;acomiaden de Tur\u00eds\">[+] <\/a><\/div>\n","protected":false},"author":1,"featured_media":59292,"comment_status":"open","ping_status":"open","sticky":false,"template":"","format":"standard","meta":{"footnotes":""},"categories":[42,43],"tags":[3640,10394],"class_list":{"0":"post-59291","1":"post","2":"type-post","3":"status-publish","4":"format-standard","5":"has-post-thumbnail","7":"category-la-ribera","8":"category-turis","9":"tag-la-ribera-alta","10":"tag-turis"},"_links":{"self":[{"href":"https:\/\/www.tucomarca.com\/wordpress\/segunda\/wp-json\/wp\/v2\/posts\/59291","targetHints":{"allow":["GET"]}}],"collection":[{"href":"https:\/\/www.tucomarca.com\/wordpress\/segunda\/wp-json\/wp\/v2\/posts"}],"about":[{"href":"https:\/\/www.tucomarca.com\/wordpress\/segunda\/wp-json\/wp\/v2\/types\/post"}],"author":[{"embeddable":true,"href":"https:\/\/www.tucomarca.com\/wordpress\/segunda\/wp-json\/wp\/v2\/users\/1"}],"replies":[{"embeddable":true,"href":"https:\/\/www.tucomarca.com\/wordpress\/segunda\/wp-json\/wp\/v2\/comments?post=59291"}],"version-history":[{"count":0,"href":"https:\/\/www.tucomarca.com\/wordpress\/segunda\/wp-json\/wp\/v2\/posts\/59291\/revisions"}],"wp:featuredmedia":[{"embeddable":true,"href":"https:\/\/www.tucomarca.com\/wordpress\/segunda\/wp-json\/wp\/v2\/media\/59292"}],"wp:attachment":[{"href":"https:\/\/www.tucomarca.com\/wordpress\/segunda\/wp-json\/wp\/v2\/media?parent=59291"}],"wp:term":[{"taxonomy":"category","embeddable":true,"href":"https:\/\/www.tucomarca.com\/wordpress\/segunda\/wp-json\/wp\/v2\/categories?post=59291"},{"taxonomy":"post_tag","embeddable":true,"href":"https:\/\/www.tucomarca.com\/wordpress\/segunda\/wp-json\/wp\/v2\/tags?post=59291"}],"curies":[{"name":"wp","href":"https:\/\/api.w.org\/{rel}","templated":true}]}}