{"id":59300,"date":"2017-09-01T20:54:23","date_gmt":"2017-09-01T18:54:23","guid":{"rendered":"http:\/\/www.tucomarca.com\/wordpress\/segunda\/?p=59300"},"modified":"2017-09-01T20:54:23","modified_gmt":"2017-09-01T18:54:23","slug":"la-diputacion-prorroga-memoria-de-la-modernidad-en-requena-tras-recibir-mas-de-4-000-visitas","status":"publish","type":"post","link":"https:\/\/www.tucomarca.com\/wordpress\/segunda\/la-diputacion-prorroga-memoria-de-la-modernidad-en-requena-tras-recibir-mas-de-4-000-visitas\/","title":{"rendered":"La Diputaci\u00f3n prorroga \u2018Memoria de la Modernidad\u2019 en Requena tras recibir m\u00e1s de 4.000 visitas"},"content":{"rendered":"<p>El tesoro patrimonial de la Diputaci\u00f3n de Valencia ha despertado un gran inter\u00e9s entre los habitantes de la comarca Requena-Utiel, el primer destino de esta muestra itinerante. Fruto de las m\u00e1s de 4.000 visitas que acumula la exposici\u00f3n, la Corporaci\u00f3n provincial ha decidido prorrogar hasta el 28 de septiembre en Requena \u2018Memoria de la Modernidad\u2019, en la l\u00ednea de lo expresado por Jorge Rodr\u00edguez de que estas obras \u201cest\u00e9n el mayor tiempo posible al alcance de los valencianos en lugar de dormir en almacenes y despachos\u201d.<\/p>\n<p>\u2018Memoria de la Modernidad\u2019 nace del legado de m\u00e1s de 2.000 obras de los fondos de la Corporaci\u00f3n provincial, con artistas de la talla de Sorolla, Pinazo, Benlliure, Carmen Calvo, Miquel Navarro y Equipo Cr\u00f3nica, entre otros. En total, una selecci\u00f3n de 125 obras que recorren parte de la historia del arte valenciano, desde el g\u00f3tico y el barroco, hasta los siglos XIX y XX, en una muestra comisariada por distintos expertos de la Universitat de Val\u00e8ncia.<\/p>\n<p>Ante el impacto medi\u00e1tico y el n\u00famero de visitantes, que supera ya los 4.000, se ha decidido \u201calargar al m\u00e1ximo la exposici\u00f3n para que nadie se quede sin verla\u201d, seg\u00fan confirman desde Patrimonio. Por su parte, el presidente de la instituci\u00f3n provincial ha celebrado la cantidad de visitas que, en una comarca con 30.000 habitantes, \u201cdemuestra la viabilidad del proyecto y que la difusi\u00f3n del patrimonio era necesaria\u201d.<\/p>\n<p><b>Actividades paralelas\u00a0<\/b><\/p>\n<p>La Diputaci\u00f3n ha puesto en marcha actividades paralelas para que los vecinos de la comarca disfrutaran de \u2018Memoria de la Modernidad\u2019 y \u2018Conoce la Diputaci\u00f3n\u2019, exposiciones que recorrer\u00e1n de forma itinerante diferentes capitales de comarca valencianas.<\/p>\n<p>Para ello, se han organizado rutas de autobuses y talleres infantiles que tienen como objetivo acercar el patrimonio art\u00edstico, as\u00ed como la propia instituci\u00f3n a la ciudadan\u00eda. Bajo el t\u00edtulo \u2018\u00bfC\u00f3mo se mueve el arte?\u2019, los ni\u00f1os y ni\u00f1as conocen, a trav\u00e9s de juegos y din\u00e1micas participativas, los detalles de las distintas piezas de la muestra, aprendiendo la historia que esconden pinturas como \u2018Cristo crucificado\u2019 de Ribalta, o \u2018Escuela de Par\u00eds\u2019 de Equipo Cr\u00f3nica.<\/p>\n<p>La primera itinerancia de la exposici\u00f3n ha resultado plenamente satisfactoria para los responsables provinciales, que destacan la buena colaboraci\u00f3n entre la Corporaci\u00f3n y el Ayuntamiento de Requena.<\/p>\n","protected":false},"excerpt":{"rendered":"<div class=\"mh-excerpt\">El tesoro patrimonial de la Diputaci\u00f3n de Valencia ha despertado un gran inter\u00e9s entre los habitantes de la comarca Requena-Utiel, el primer destino de esta muestra itinerante. Fruto de las m\u00e1s de 4.000 visitas que <a class=\"mh-excerpt-more\" href=\"https:\/\/www.tucomarca.com\/wordpress\/segunda\/la-diputacion-prorroga-memoria-de-la-modernidad-en-requena-tras-recibir-mas-de-4-000-visitas\/\" title=\"La Diputaci\u00f3n prorroga \u2018Memoria de la Modernidad\u2019 en Requena tras recibir m\u00e1s de 4.000 visitas\">[+] <\/a><\/div>\n","protected":false},"author":1,"featured_media":0,"comment_status":"open","ping_status":"open","sticky":false,"template":"","format":"standard","meta":{"footnotes":""},"categories":[8,72,7,28,27,3],"tags":[10387],"class_list":{"0":"post-59300","1":"post","2":"type-post","3":"status-publish","4":"format-standard","6":"category-la-comarca","7":"category-sin-categorizar","8":"category-ocio-y-cultura","9":"category-requena","10":"category-requena-utiel","11":"category-seccion","12":"tag-requena-utiel"},"_links":{"self":[{"href":"https:\/\/www.tucomarca.com\/wordpress\/segunda\/wp-json\/wp\/v2\/posts\/59300","targetHints":{"allow":["GET"]}}],"collection":[{"href":"https:\/\/www.tucomarca.com\/wordpress\/segunda\/wp-json\/wp\/v2\/posts"}],"about":[{"href":"https:\/\/www.tucomarca.com\/wordpress\/segunda\/wp-json\/wp\/v2\/types\/post"}],"author":[{"embeddable":true,"href":"https:\/\/www.tucomarca.com\/wordpress\/segunda\/wp-json\/wp\/v2\/users\/1"}],"replies":[{"embeddable":true,"href":"https:\/\/www.tucomarca.com\/wordpress\/segunda\/wp-json\/wp\/v2\/comments?post=59300"}],"version-history":[{"count":0,"href":"https:\/\/www.tucomarca.com\/wordpress\/segunda\/wp-json\/wp\/v2\/posts\/59300\/revisions"}],"wp:attachment":[{"href":"https:\/\/www.tucomarca.com\/wordpress\/segunda\/wp-json\/wp\/v2\/media?parent=59300"}],"wp:term":[{"taxonomy":"category","embeddable":true,"href":"https:\/\/www.tucomarca.com\/wordpress\/segunda\/wp-json\/wp\/v2\/categories?post=59300"},{"taxonomy":"post_tag","embeddable":true,"href":"https:\/\/www.tucomarca.com\/wordpress\/segunda\/wp-json\/wp\/v2\/tags?post=59300"}],"curies":[{"name":"wp","href":"https:\/\/api.w.org\/{rel}","templated":true}]}}