{"id":59308,"date":"2017-09-02T11:55:14","date_gmt":"2017-09-02T09:55:14","guid":{"rendered":"http:\/\/www.tucomarca.com\/wordpress\/segunda\/?p=59308"},"modified":"2017-09-02T11:55:14","modified_gmt":"2017-09-02T09:55:14","slug":"la-armonica-de-bunol-celebra-este-sabado-su-fiesta-de-el-litro","status":"publish","type":"post","link":"https:\/\/www.tucomarca.com\/wordpress\/segunda\/la-armonica-de-bunol-celebra-este-sabado-su-fiesta-de-el-litro\/","title":{"rendered":"\u00abLa Arm\u00f3nica\u00bb de Bu\u00f1ol celebra este s\u00e1bado su Fiesta de \u00abEl Litro\u00bb"},"content":{"rendered":"<figure id=\"attachment_58870\" aria-describedby=\"caption-attachment-58870\" style=\"width: 1181px\" class=\"wp-caption alignleft\"><img loading=\"lazy\" decoding=\"async\" class=\"size-full wp-image-58870\" src=\"https:\/\/www.tucomarca.com\/wordpress\/segunda\/wp-content\/uploads\/2017\/08\/misseslitro17.jpg\" alt=\"En el acto previsto para este viernes en los Jardines de \u00abLa Arm\u00f3nica\u00bb a partir de las 23,00 horas.\" width=\"1181\" height=\"575\" srcset=\"https:\/\/www.tucomarca.com\/wordpress\/segunda\/wp-content\/uploads\/2017\/08\/misseslitro17.jpg 1181w, https:\/\/www.tucomarca.com\/wordpress\/segunda\/wp-content\/uploads\/2017\/08\/misseslitro17-300x146.jpg 300w, https:\/\/www.tucomarca.com\/wordpress\/segunda\/wp-content\/uploads\/2017\/08\/misseslitro17-768x374.jpg 768w, https:\/\/www.tucomarca.com\/wordpress\/segunda\/wp-content\/uploads\/2017\/08\/misseslitro17-1024x499.jpg 1024w\" sizes=\"auto, (max-width: 1181px) 100vw, 1181px\" \/><figcaption id=\"caption-attachment-58870\" class=\"wp-caption-text\">Las Misses de\u00a0\u00abLa Arm\u00f3nica\u00bb de Bu\u00f1ol para el ejercicio 2017-18.<\/figcaption><\/figure>\n<p>Bu\u00f1ol entra en la recta final de su Feria y Fiestas 2017. As\u00ed, este s\u00e1bado 2 de septiembre est\u00e1 programada la Fiesta de \u00abEl Litro\u00bb, una celebraci\u00f3n protagonizada por el CIM\u2008\u00abLa Arm\u00f3nica\u00bb en la que lucir\u00e1n las Misses Carmen Esperta Atienza y la ni\u00f1a Luc\u00eda Ayter Bolumar, as\u00ed como la representante de 2016, Alexandra Juanes Bened\u00e9.<\/p>\n<p>Por la ma\u00f1ana, en torno a las 13,00 horas, est\u00e1 programada la ofrenda de flores y frutos a Nuestra Se\u00f1ora de los Dolores, mientras que por la tarde, a partir de las 19,30 horas, comenzar\u00e1 la cabalgata de carrozas y comparsas.<\/p>\n","protected":false},"excerpt":{"rendered":"<div class=\"mh-excerpt\">Bu\u00f1ol entra en la recta final de su Feria y Fiestas 2017. As\u00ed, este s\u00e1bado 2 de septiembre est\u00e1 programada la Fiesta de \u00abEl Litro\u00bb, una celebraci\u00f3n protagonizada por el CIM\u2008\u00abLa Arm\u00f3nica\u00bb en la que <a class=\"mh-excerpt-more\" href=\"https:\/\/www.tucomarca.com\/wordpress\/segunda\/la-armonica-de-bunol-celebra-este-sabado-su-fiesta-de-el-litro\/\" title=\"\u00abLa Arm\u00f3nica\u00bb de Bu\u00f1ol celebra este s\u00e1bado su Fiesta de \u00abEl Litro\u00bb\">[+] <\/a><\/div>\n","protected":false},"author":1,"featured_media":58870,"comment_status":"open","ping_status":"open","sticky":false,"template":"","format":"standard","meta":{"footnotes":""},"categories":[18,10,5,383,45],"tags":[1669,67,5952],"class_list":{"0":"post-59308","1":"post","2":"type-post","3":"status-publish","4":"format-standard","5":"has-post-thumbnail","7":"category-bunol","8":"category-la-hoya","9":"category-la-semana-en-imagenes","10":"category-pueblos-en-fiestas","11":"category-ventana","12":"tag-feria-y-fiestas","13":"tag-la-armonica","14":"tag-la-hoya-de-bunol-chiva"},"_links":{"self":[{"href":"https:\/\/www.tucomarca.com\/wordpress\/segunda\/wp-json\/wp\/v2\/posts\/59308","targetHints":{"allow":["GET"]}}],"collection":[{"href":"https:\/\/www.tucomarca.com\/wordpress\/segunda\/wp-json\/wp\/v2\/posts"}],"about":[{"href":"https:\/\/www.tucomarca.com\/wordpress\/segunda\/wp-json\/wp\/v2\/types\/post"}],"author":[{"embeddable":true,"href":"https:\/\/www.tucomarca.com\/wordpress\/segunda\/wp-json\/wp\/v2\/users\/1"}],"replies":[{"embeddable":true,"href":"https:\/\/www.tucomarca.com\/wordpress\/segunda\/wp-json\/wp\/v2\/comments?post=59308"}],"version-history":[{"count":0,"href":"https:\/\/www.tucomarca.com\/wordpress\/segunda\/wp-json\/wp\/v2\/posts\/59308\/revisions"}],"wp:featuredmedia":[{"embeddable":true,"href":"https:\/\/www.tucomarca.com\/wordpress\/segunda\/wp-json\/wp\/v2\/media\/58870"}],"wp:attachment":[{"href":"https:\/\/www.tucomarca.com\/wordpress\/segunda\/wp-json\/wp\/v2\/media?parent=59308"}],"wp:term":[{"taxonomy":"category","embeddable":true,"href":"https:\/\/www.tucomarca.com\/wordpress\/segunda\/wp-json\/wp\/v2\/categories?post=59308"},{"taxonomy":"post_tag","embeddable":true,"href":"https:\/\/www.tucomarca.com\/wordpress\/segunda\/wp-json\/wp\/v2\/tags?post=59308"}],"curies":[{"name":"wp","href":"https:\/\/api.w.org\/{rel}","templated":true}]}}