{"id":59319,"date":"2017-09-02T11:33:31","date_gmt":"2017-09-02T09:33:31","guid":{"rendered":"http:\/\/www.tucomarca.com\/wordpress\/segunda\/?p=59319"},"modified":"2017-09-02T11:33:31","modified_gmt":"2017-09-02T09:33:31","slug":"se-generaliza-en-requena-la-vendimia-de-las-uvas-para-elaborar-cavas","status":"publish","type":"post","link":"https:\/\/www.tucomarca.com\/wordpress\/segunda\/se-generaliza-en-requena-la-vendimia-de-las-uvas-para-elaborar-cavas\/","title":{"rendered":"Se generaliza en Requena la vendimia de las uvas para elaborar cavas"},"content":{"rendered":"<figure id=\"attachment_56502\" aria-describedby=\"caption-attachment-56502\" style=\"width: 564px\" class=\"wp-caption alignleft\"><img loading=\"lazy\" decoding=\"async\" class=\"size-full wp-image-56502\" src=\"https:\/\/www.tucomarca.com\/wordpress\/segunda\/wp-content\/uploads\/2017\/05\/vides.jpg\" alt=\"Unas vides en los campos del interior valenciano.\" width=\"564\" height=\"423\" srcset=\"https:\/\/www.tucomarca.com\/wordpress\/segunda\/wp-content\/uploads\/2017\/05\/vides.jpg 564w, https:\/\/www.tucomarca.com\/wordpress\/segunda\/wp-content\/uploads\/2017\/05\/vides-300x225.jpg 300w\" sizes=\"auto, (max-width: 564px) 100vw, 564px\" \/><figcaption id=\"caption-attachment-56502\" class=\"wp-caption-text\">Unas vides en los campos del interior valenciano.<\/figcaption><\/figure>\n<p>Los viticultores del municipio de Requena se encuentran en plena vendimia de las variedades de uvas para la elaboraci\u00f3n de cavas, principalmente de la Macabeo.<\/p>\n<p>En la campa\u00f1a actual est\u00e1 previsto que crezca la producci\u00f3n de uvas destinadas a la elaboraci\u00f3n de la bebida espumosa, debido a la entrada en producci\u00f3n de nuevas hect\u00e1reas de vi\u00f1a.<\/p>\n<p>Hay que tener en cuenta que, debido a las buenas expectativas de futuro que tiene la producci\u00f3n de cavas en el t\u00e9rmino municipal requenense, los viticultores han aumentado de forma significativa en los \u00faltimos a\u00f1os la superficie de vi\u00f1edo con variedades autorizadas para elaborar la mencionada\u00a0 bebida.<\/p>\n<p>Los viticultores afirman que este a\u00f1o \u201cse est\u00e1n pagando por las uvas para cavas, precios ligeramente superiores a los que reg\u00edan en la pasada campa\u00f1a\u201d.<\/p>\n<p>El municipio de Requena es el \u00fanico de la Comunidad Valenciana que est\u00e1 autorizado a elaborar cavas. Informa, <strong>Luis<\/strong> <strong>Ib\u00e1\u00f1ez<\/strong>.<\/p>\n","protected":false},"excerpt":{"rendered":"<div class=\"mh-excerpt\">Los viticultores del municipio de Requena se encuentran en plena vendimia de las variedades de uvas para la elaboraci\u00f3n de cavas, principalmente de la Macabeo. En la campa\u00f1a actual est\u00e1 previsto que crezca la producci\u00f3n <a class=\"mh-excerpt-more\" href=\"https:\/\/www.tucomarca.com\/wordpress\/segunda\/se-generaliza-en-requena-la-vendimia-de-las-uvas-para-elaborar-cavas\/\" title=\"Se generaliza en Requena la vendimia de las uvas para elaborar cavas\">[+] <\/a><\/div>\n","protected":false},"author":1,"featured_media":56502,"comment_status":"open","ping_status":"open","sticky":false,"template":"","format":"standard","meta":{"footnotes":""},"categories":[169,113,8,7,27,3,45],"tags":[10387,447,357],"class_list":{"0":"post-59319","1":"post","2":"type-post","3":"status-publish","4":"format-standard","5":"has-post-thumbnail","7":"category-agricultura-la-comarca","8":"category-vinos","9":"category-la-comarca","10":"category-ocio-y-cultura","11":"category-requena-utiel","12":"category-seccion","13":"category-ventana","14":"tag-requena-utiel","15":"tag-vendimia","16":"tag-vino"},"_links":{"self":[{"href":"https:\/\/www.tucomarca.com\/wordpress\/segunda\/wp-json\/wp\/v2\/posts\/59319","targetHints":{"allow":["GET"]}}],"collection":[{"href":"https:\/\/www.tucomarca.com\/wordpress\/segunda\/wp-json\/wp\/v2\/posts"}],"about":[{"href":"https:\/\/www.tucomarca.com\/wordpress\/segunda\/wp-json\/wp\/v2\/types\/post"}],"author":[{"embeddable":true,"href":"https:\/\/www.tucomarca.com\/wordpress\/segunda\/wp-json\/wp\/v2\/users\/1"}],"replies":[{"embeddable":true,"href":"https:\/\/www.tucomarca.com\/wordpress\/segunda\/wp-json\/wp\/v2\/comments?post=59319"}],"version-history":[{"count":0,"href":"https:\/\/www.tucomarca.com\/wordpress\/segunda\/wp-json\/wp\/v2\/posts\/59319\/revisions"}],"wp:featuredmedia":[{"embeddable":true,"href":"https:\/\/www.tucomarca.com\/wordpress\/segunda\/wp-json\/wp\/v2\/media\/56502"}],"wp:attachment":[{"href":"https:\/\/www.tucomarca.com\/wordpress\/segunda\/wp-json\/wp\/v2\/media?parent=59319"}],"wp:term":[{"taxonomy":"category","embeddable":true,"href":"https:\/\/www.tucomarca.com\/wordpress\/segunda\/wp-json\/wp\/v2\/categories?post=59319"},{"taxonomy":"post_tag","embeddable":true,"href":"https:\/\/www.tucomarca.com\/wordpress\/segunda\/wp-json\/wp\/v2\/tags?post=59319"}],"curies":[{"name":"wp","href":"https:\/\/api.w.org\/{rel}","templated":true}]}}