{"id":59595,"date":"2017-09-05T18:33:05","date_gmt":"2017-09-05T16:33:05","guid":{"rendered":"http:\/\/www.tucomarca.com\/wordpress\/segunda\/?p=59595"},"modified":"2017-09-05T18:33:05","modified_gmt":"2017-09-05T16:33:05","slug":"jose-antonio-primo-de-rivera-deixara-de-tindre-carrer-a-la-pobla","status":"publish","type":"post","link":"https:\/\/www.tucomarca.com\/wordpress\/segunda\/jose-antonio-primo-de-rivera-deixara-de-tindre-carrer-a-la-pobla\/","title":{"rendered":"Jos\u00e9 Antonio Primo de Rivera deixar\u00e0 de tindre carrer a la Pobla"},"content":{"rendered":"<figure id=\"attachment_59597\" aria-describedby=\"caption-attachment-59597\" style=\"width: 5184px\" class=\"wp-caption alignleft\"><img loading=\"lazy\" decoding=\"async\" class=\"size-full wp-image-59597\" src=\"https:\/\/www.tucomarca.com\/wordpress\/segunda\/wp-content\/uploads\/2017\/09\/LaPoblaJoseAntonio.jpg\" alt=\"El municipi realitzar\u00e0 un proc\u00e9s participatiu per elegir els noms dels carrers.\" width=\"5184\" height=\"3456\" srcset=\"https:\/\/www.tucomarca.com\/wordpress\/segunda\/wp-content\/uploads\/2017\/09\/LaPoblaJoseAntonio.jpg 5184w, https:\/\/www.tucomarca.com\/wordpress\/segunda\/wp-content\/uploads\/2017\/09\/LaPoblaJoseAntonio-300x200.jpg 300w, https:\/\/www.tucomarca.com\/wordpress\/segunda\/wp-content\/uploads\/2017\/09\/LaPoblaJoseAntonio-768x512.jpg 768w, https:\/\/www.tucomarca.com\/wordpress\/segunda\/wp-content\/uploads\/2017\/09\/LaPoblaJoseAntonio-1024x683.jpg 1024w\" sizes=\"auto, (max-width: 5184px) 100vw, 5184px\" \/><figcaption id=\"caption-attachment-59597\" class=\"wp-caption-text\">El municipi realitzar\u00e0 un proc\u00e9s participatiu per elegir els noms dels carrers.<\/figcaption><\/figure>\n<p>L\u2019Ajuntament de la Pobla de Vallbona impulsa un procediment de participaci\u00f3 ciutadana per canviar els noms dels carrers franquistes. Amb esta iniciativa es vol que siguen els ve\u00efns qui escullen com anomenar d\u2019aquelles vies que per la seua denominaci\u00f3 incomplixen la llei 52\/2007 de mem\u00f2ria hist\u00f2rica.<\/p>\n<p>Els carrers afectats s\u00f3n Jos\u00e9 Antonio Primo de Rivera, Jes\u00fas Posada Cacho, \u00c1ngel del Alc\u00e1zar i la Plaza de los M\u00e1rtires. Per a cadascun d\u2019estos carrers l\u2019Ajuntament ha presentat dos propostes atenent a la denominaci\u00f3 hist\u00f2rica d\u2019estes vies. Tamb\u00e9 es podran presentar altres propostes per part dels ve\u00efns d\u2019acord amb l\u2019ordenan\u00e7a municipal reguladora de denominaci\u00f3 i retolaci\u00f3 de vies p\u00fabliques i nuclis urbans i el nomenclator aprovat en el ple del passat mes d\u2019agost.<\/p>\n<p>La votaci\u00f3 es podr\u00e0 fer a trav\u00e9s de la p\u00e0gina web municipal i de manera presencial a l\u2019Ajuntament entre els dies 11 i 18 de setembre.<\/p>\n<p>L\u2019alcalde, Josep Vicent Garcia, ha destacat que amb este canvi de denominaci\u00f3 \u00abla Pobla complir\u00e0 amb la llei de mem\u00f2ria hist\u00f2rica encara que siga amb 10 anys de retard\u00bb. Garcia ha valorat necessari que \u00abels carrers del municipi deixen de retre honor a les persones vinculades a la dictadura franquista, una petici\u00f3 que des de fa anys estaven reclamant els ve\u00efns de la Pobla sense ser escoltats\u00bb. En este sentit l\u2019alcalde ha destacat que siga a trav\u00e9s un proc\u00e9s participatiu obert a tots els ve\u00efns com es pose fi a esta situaci\u00f3 d\u2019incompliment de la llei.<\/p>\n","protected":false},"excerpt":{"rendered":"<div class=\"mh-excerpt\">L\u2019Ajuntament de la Pobla de Vallbona impulsa un procediment de participaci\u00f3 ciutadana per canviar els noms dels carrers franquistes. Amb esta iniciativa es vol que siguen els ve\u00efns qui escullen com anomenar d\u2019aquelles vies que <a class=\"mh-excerpt-more\" href=\"https:\/\/www.tucomarca.com\/wordpress\/segunda\/jose-antonio-primo-de-rivera-deixara-de-tindre-carrer-a-la-pobla\/\" title=\"Jos\u00e9 Antonio Primo de Rivera deixar\u00e0 de tindre carrer a la Pobla\">[+] <\/a><\/div>\n","protected":false},"author":1,"featured_media":59597,"comment_status":"open","ping_status":"open","sticky":false,"template":"","format":"standard","meta":{"footnotes":""},"categories":[46,128,8,72,174,142,3,45],"tags":[10395,1335],"class_list":{"0":"post-59595","1":"post","2":"type-post","3":"status-publish","4":"format-standard","5":"has-post-thumbnail","7":"category-camp-de-turia","8":"category-infraestructuras","9":"category-la-comarca","10":"category-sin-categorizar","11":"category-la-pobla","12":"category-politica-la-comarca","13":"category-seccion","14":"category-ventana","15":"tag-camp-de-turia","16":"tag-la-pobla-de-vallbona"},"_links":{"self":[{"href":"https:\/\/www.tucomarca.com\/wordpress\/segunda\/wp-json\/wp\/v2\/posts\/59595","targetHints":{"allow":["GET"]}}],"collection":[{"href":"https:\/\/www.tucomarca.com\/wordpress\/segunda\/wp-json\/wp\/v2\/posts"}],"about":[{"href":"https:\/\/www.tucomarca.com\/wordpress\/segunda\/wp-json\/wp\/v2\/types\/post"}],"author":[{"embeddable":true,"href":"https:\/\/www.tucomarca.com\/wordpress\/segunda\/wp-json\/wp\/v2\/users\/1"}],"replies":[{"embeddable":true,"href":"https:\/\/www.tucomarca.com\/wordpress\/segunda\/wp-json\/wp\/v2\/comments?post=59595"}],"version-history":[{"count":0,"href":"https:\/\/www.tucomarca.com\/wordpress\/segunda\/wp-json\/wp\/v2\/posts\/59595\/revisions"}],"wp:featuredmedia":[{"embeddable":true,"href":"https:\/\/www.tucomarca.com\/wordpress\/segunda\/wp-json\/wp\/v2\/media\/59597"}],"wp:attachment":[{"href":"https:\/\/www.tucomarca.com\/wordpress\/segunda\/wp-json\/wp\/v2\/media?parent=59595"}],"wp:term":[{"taxonomy":"category","embeddable":true,"href":"https:\/\/www.tucomarca.com\/wordpress\/segunda\/wp-json\/wp\/v2\/categories?post=59595"},{"taxonomy":"post_tag","embeddable":true,"href":"https:\/\/www.tucomarca.com\/wordpress\/segunda\/wp-json\/wp\/v2\/tags?post=59595"}],"curies":[{"name":"wp","href":"https:\/\/api.w.org\/{rel}","templated":true}]}}