{"id":60020,"date":"2017-09-16T12:07:37","date_gmt":"2017-09-16T10:07:37","guid":{"rendered":"http:\/\/www.tucomarca.com\/wordpress\/segunda\/?p=60020"},"modified":"2017-09-16T12:07:37","modified_gmt":"2017-09-16T10:07:37","slug":"trail-running-y-balonmano-completan-la-oferta-deportiva-del-fin-de-semana-en-bunol","status":"publish","type":"post","link":"https:\/\/www.tucomarca.com\/wordpress\/segunda\/trail-running-y-balonmano-completan-la-oferta-deportiva-del-fin-de-semana-en-bunol\/","title":{"rendered":"Trail, running y balonmano completan la oferta deportiva del fin de semana en Bu\u00f1ol"},"content":{"rendered":"<figure id=\"attachment_59665\" aria-describedby=\"caption-attachment-59665\" style=\"width: 631px\" class=\"wp-caption alignleft\"><img loading=\"lazy\" decoding=\"async\" class=\" wp-image-59665\" src=\"https:\/\/www.tucomarca.com\/wordpress\/segunda\/wp-content\/uploads\/2017\/09\/tccCarrera12.jpg\" alt=\"Participante en la \u00faltima carrera de las Feria y Fiestas de Bu\u00f1ol.\" width=\"631\" height=\"473\" srcset=\"https:\/\/www.tucomarca.com\/wordpress\/segunda\/wp-content\/uploads\/2017\/09\/tccCarrera12.jpg 3264w, https:\/\/www.tucomarca.com\/wordpress\/segunda\/wp-content\/uploads\/2017\/09\/tccCarrera12-300x225.jpg 300w, https:\/\/www.tucomarca.com\/wordpress\/segunda\/wp-content\/uploads\/2017\/09\/tccCarrera12-768x576.jpg 768w, https:\/\/www.tucomarca.com\/wordpress\/segunda\/wp-content\/uploads\/2017\/09\/tccCarrera12-1024x768.jpg 1024w\" sizes=\"auto, (max-width: 631px) 100vw, 631px\" \/><figcaption id=\"caption-attachment-59665\" class=\"wp-caption-text\">Participantes en la \u00faltima carrera de las Feria y Fiestas de Bu\u00f1ol.<\/figcaption><\/figure>\n<p>Marta P\u00e9rez, concejal de Juventud y Deportes del Ayuntamiento de Bu\u00f1ol, ha recordado la pr\u00f3xima cita running de la localidad. En su segunda edici\u00f3n como parte del Circuito de Carreras Populares de la Diputaci\u00f3n de Valencia, se celebrar\u00e1 ma\u00f1ana s\u00e1bado la XXII Carrera Tomatina a las 19h. Con salida en la Avenida Rafael Ridaura se espera una gran cantidad de amantes del running tanto de la localidad, y la comarca de la Hoya de Bu\u00f1ol-Chiva como de toda la Comunitat y de la geograf\u00eda nacional.<\/p>\n<p>La edil de Deportes se ha mostrado muy satisfecha por la celebraci\u00f3n de esta carrera popular como parte del circuito de carreras de la Diputaci\u00f3n de Valencia: \u201cha sido fruto del trabajo en equipo entre la Concejal\u00eda de Deportes y el C.A. Correores de Bu\u00f1ol por continuar estando dentro del circuito, y adem\u00e1s haber trazado este espectacular y bello recorrido, plagado de naturaleza e historia en una distancia de 10 kil\u00f3metros\u201d. Por ello, P\u00e9rez ha animado a todo el pueblo en general a salir a la calle y animar a los cientos de participantes que se dar\u00e1n cita en esta esperada carrera.<\/p>\n<p>La fren\u00e9tica actividad deportiva local arranca este\u00a0viernes a las 20h con el S\u00e9nior del Club Balonmano Bu\u00f1ol, que disputar\u00e1 un amistoso contra el Levante UD Balonmano Marni. Ma\u00f1ana s\u00e1bado el reci\u00e9n creado equipo Sporting Futsal Bu\u00f1ol realizar\u00e1 su segundo partido, tambi\u00e9n amistoso debido a los preparativos de pretemporada, y ser\u00e1 contra el Siete Aguas a las 16h. Ambos en el Pabell\u00f3n Municipal del Planell.<\/p>\n<p>El domingo ser\u00e1 un d\u00eda clave. Tres citas con el deporte. Por su parte la Asociaci\u00f3n Levantina de Field Target (A.L.F.T.) ha informado de que de 10 a 14h en el Campo de Tiro de Bu\u00f1ol se celebrar\u00e1 la 3\u00aa Tirada de Bench Rest (tiro de precisi\u00f3n a dianas) y de 3Sppp (recorrido cronometrado de tiro con pistolas de airsoft). Un deporte que cuenta cada d\u00eda con mayor n\u00famero de seguidores.<\/p>\n<p>Pero tambi\u00e9n el domingo por la ma\u00f1ana se disputar\u00e1 la segunda prueba del Campeonato de Cross Country de la Comunitat Valenciana y MotoDes Cross Country. Reunir\u00e1 en la localidad a numerosos deportistas amantes de esta disciplina que se repartir\u00e1n en las categor\u00edas convocadas: S\u00e9nior A, S\u00e9nior B, S\u00e9nior C, Junior, M\u00e1ster, F\u00e9minas y Aficionados. Adem\u00e1s, tambi\u00e9n competir\u00e1n los m\u00e1s peque\u00f1os de la especialidad en las clases Pe85, Pe65 y Pe50 dentro de los Campeonatos auton\u00f3mico y MotoDes Pequenduro. El lugar elegido para el paddock y la salida ser\u00e1 la explanada que hay frente a la estaci\u00f3n de ferrocarril de Bu\u00f1ol. Todo ello organizado por el Motoclub Bu\u00f1ol y un gran n\u00famero de aficionados a este deporte. La concejal del ramo ha querido destacar el duro trabajo que desde hace meses est\u00e1n desempe\u00f1ando para la confecci\u00f3n y organizaci\u00f3n de este circuito de Motocross, un deporte que cuenta con un gran n\u00famero de seguidores en la localidad y que se encuentra en gran progresi\u00f3n.<\/p>\n<p>Por la tarde, el siguiente partido de Tercera Divisi\u00f3n del CD Bu\u00f1ol, que se enfrentar\u00e1 al Paiporta a las 17h en el Campo Beltr\u00e1n B\u00e1guena de la localidad. Momentos previos la Reina de las Fiestas del municipio, Sara Palmer, realizar\u00e1 el tradicional saque de honor. Lo tradicional es que este saque se realice durante la presentaci\u00f3n del equipo, pero cuando se produjo esta presentaci\u00f3n el pasado mes de agosto la Reina de las Fiestas todav\u00eda no hab\u00eda sido presentada. Ahora ya finalizada la Feria y Fiestas 2017, era el momento. Cientos de aficionados locales se dar\u00e1n cita para continuar apoyando a su equipo y a sus jugadores.<\/p>\n<p>Para finalizar, la edil ha clamado la participaci\u00f3n y asistencia de todos los bu\u00f1olenses en estas competiciones deportivas, enfocadas para todos los gustos y todos los p\u00fablicos. \u201cNuevamente Bu\u00f1ol es reflejo de deporte, son muchos vecinos y vecinas los que se implican en el deporte de forma diaria e incluso con car\u00e1cter profesional y es algo que nos enorgullece a todos y nos anima a continuar trabajando por nuestro pueblo\u201d.<\/p>\n","protected":false},"excerpt":{"rendered":"<div class=\"mh-excerpt\">Marta P\u00e9rez, concejal de Juventud y Deportes del Ayuntamiento de Bu\u00f1ol, ha recordado la pr\u00f3xima cita running de la localidad. En su segunda edici\u00f3n como parte del Circuito de Carreras Populares de la Diputaci\u00f3n de <a class=\"mh-excerpt-more\" href=\"https:\/\/www.tucomarca.com\/wordpress\/segunda\/trail-running-y-balonmano-completan-la-oferta-deportiva-del-fin-de-semana-en-bunol\/\" title=\"Trail, running y balonmano completan la oferta deportiva del fin de semana en Bu\u00f1ol\">[+] <\/a><\/div>\n","protected":false},"author":1,"featured_media":59665,"comment_status":"open","ping_status":"open","sticky":false,"template":"","format":"standard","meta":{"footnotes":""},"categories":[98,18,6,10,91,3],"tags":[5952],"class_list":{"0":"post-60020","1":"post","2":"type-post","3":"status-publish","4":"format-standard","5":"has-post-thumbnail","7":"category-atletismo","8":"category-bunol","9":"category-deportes","10":"category-la-hoya","11":"category-motociclismo","12":"category-seccion","13":"tag-la-hoya-de-bunol-chiva"},"_links":{"self":[{"href":"https:\/\/www.tucomarca.com\/wordpress\/segunda\/wp-json\/wp\/v2\/posts\/60020","targetHints":{"allow":["GET"]}}],"collection":[{"href":"https:\/\/www.tucomarca.com\/wordpress\/segunda\/wp-json\/wp\/v2\/posts"}],"about":[{"href":"https:\/\/www.tucomarca.com\/wordpress\/segunda\/wp-json\/wp\/v2\/types\/post"}],"author":[{"embeddable":true,"href":"https:\/\/www.tucomarca.com\/wordpress\/segunda\/wp-json\/wp\/v2\/users\/1"}],"replies":[{"embeddable":true,"href":"https:\/\/www.tucomarca.com\/wordpress\/segunda\/wp-json\/wp\/v2\/comments?post=60020"}],"version-history":[{"count":0,"href":"https:\/\/www.tucomarca.com\/wordpress\/segunda\/wp-json\/wp\/v2\/posts\/60020\/revisions"}],"wp:featuredmedia":[{"embeddable":true,"href":"https:\/\/www.tucomarca.com\/wordpress\/segunda\/wp-json\/wp\/v2\/media\/59665"}],"wp:attachment":[{"href":"https:\/\/www.tucomarca.com\/wordpress\/segunda\/wp-json\/wp\/v2\/media?parent=60020"}],"wp:term":[{"taxonomy":"category","embeddable":true,"href":"https:\/\/www.tucomarca.com\/wordpress\/segunda\/wp-json\/wp\/v2\/categories?post=60020"},{"taxonomy":"post_tag","embeddable":true,"href":"https:\/\/www.tucomarca.com\/wordpress\/segunda\/wp-json\/wp\/v2\/tags?post=60020"}],"curies":[{"name":"wp","href":"https:\/\/api.w.org\/{rel}","templated":true}]}}